{"id":77250,"date":"2014-11-07T07:05:14","date_gmt":"2014-11-07T07:05:14","guid":{"rendered":"https:\/\/santjoan.developersasapglobalsolution.com\/gala-provincial-de-lu-d-p\/"},"modified":"2014-11-07T07:05:14","modified_gmt":"2014-11-07T07:05:14","slug":"gala-provincial-de-lu-d-p","status":"publish","type":"post","link":"https:\/\/www.santjoandalacant.es\/ca\/gala-provincial-de-lu-d-p\/","title":{"rendered":"GALA PROVINCIAL DE L&#8217;U.D.P."},"content":{"rendered":"<p>\nLa Uni\u00f3 Democr\u00e0tica de Pensionistes (UDP) de la prov\u00edncia d&#8217;Alacant va celebrar a Benidorm dilluns passat, 3 de setembre, la seua Gala Anual d&#8217;Homenatge a la Dona Pensionista en els salons del Benidorm Palace, on Josefa Lled\u00f3 Devesa, de La Nucia, va ser triada Reina Provincial de la Tercera Edat 2014-2015. I \u00e9s que &#8216;Pepica&#8217;, com \u00e9s coneguda popularment, va ser triada entre deu candidates de diversos municipis, rebent la banda de Reina de mans del president de la Generalitat Valenciana, Alberto Fabra.\n<\/p>\n<p>\nEn aquest esdeveniment Sant Joan d&#8217;Alacant va estar representat per M\u00aa Critina Beneyto, Regna 2014 en el municipi, qui a m\u00e9s va acudir acompanyada per l&#8217;alcalde Manuel Aracil i l&#8217;edil de l&#8217;\u00e0rea, David Aracil, aix\u00ed com diversos membres de la UDP de Sant Joan d&#8217;Alacant, encap\u00e7alats pel seu president Pepe Escoda. Al costat de Beneyto tamb\u00e9 estaven les seues companyes de regnat, a m\u00e9s d&#8217;altres reines i dames d&#8217;anys anteriors.\n<\/p>\n<p>\n<br \/>\nEn aquesta edici\u00f3 en la qual es van presentar deu candidates a reina provincial d&#8217;Alacant, van participar representants de localitats com Alcoi, Pedreguer, l&#8217;Alguenya, Salines, Sant Joan d&#8217;Alacant, Elx, L&#8217;Escorratell (Oriola), La Matan\u00e7a (Oriola), Oriola Costa i La Nucia. No obstant a\u00e7\u00f2, el jurat de 2014 es va decantar per Josefa Lled\u00f3 Devesa, &#8216;Pepica&#8217;, a causa que &quot;als seus 93 anys acumula una traject\u00f2ria vital plena de treball i sacrifici, aix\u00ed com una gran activitat i implicaci\u00f3 en la UDP de La Nucia&quot;, van afirmar. &quot;Tamb\u00e9 per la seua actitud positiva sempre en la vida i d&#8217;ajuda cont\u00ednua als altres&quot;, van afegir.\n<\/p>\n<p>\nEn el mateix acte tamb\u00e9 es va retre homenatge a la traject\u00f2ria de dues persones molt actives en l&#8217;associaci\u00f3 com s\u00f3n Fernando Mullor, de 91 anys i procedent de Cocentaina, aix\u00ed com Encarnaci\u00f3n Ramos, de 90 anys i ve\u00efna de Muro d&#8217;Alcoi. Present en aquest acte d&#8217;homenatge a la dona pensionista el president de la Generalitat Valenciana, Alberto Fabra, aprofitava per a felicitar a les homenatjades &quot;i a totes les dones majors&quot;, agraint-los que hagen sigut &quot;aut\u00e8ntiques precursores de l&#8217;entrada de la dona al m\u00f3n laboral&quot;.\n<\/p>\n<p>\n&#160;\n<\/p>\n<p>\n<img fetchpriority=\"high\" decoding=\"async\" class=\" size-full wp-image-31246\" src=\"https:\/\/www.santjoandalacant.es\/wp-content\/uploads\/2014\/11\/La-Nucia-Reina-Provinc-3-Edad-2014.jpg\" width=\"500\" height=\"309\" srcset=\"https:\/\/www.santjoandalacant.es\/wp-content\/uploads\/2014\/11\/La-Nucia-Reina-Provinc-3-Edad-2014.jpg 500w, https:\/\/www.santjoandalacant.es\/wp-content\/uploads\/2014\/11\/La-Nucia-Reina-Provinc-3-Edad-2014-300x185.jpg 300w\" sizes=\"(max-width: 500px) 100vw, 500px\" \/>\n<\/p>\n<p>\n<br \/>\n\u00a0<\/p>\n","protected":false},"excerpt":{"rendered":"<p>\nLa Uni\u00f3 Democr\u00e0tica de Pensionistes (UDP) de la prov\u00edncia d&#8217;Alacant va celebrar a Benidorm dilluns passat, 3 de setembre, la seua Gala Anual d&#8217;Homenatge a la Dona Pensionista en els salons del Benidorm Palace, on Josefa Lled\u00f3 Devesa, de La Nucia, va ser triada Reina Provincial de la Tercera Edat 2014-2015. I \u00e9s que &#8216;Pepica&#8217;, com \u00e9s coneguda popularment, va ser triada entre deu candidates de diversos municipis, rebent la banda de Reina de mans del president de la Generalitat Valenciana, Alberto Fabra.<\/p>\n","protected":false},"author":1,"featured_media":31244,"comment_status":"open","ping_status":"open","sticky":false,"template":"","format":"standard","meta":{"_acf_changed":false,"rs_blank_template":"","rs_page_bg_color":"","slide_template_v7":"","footnotes":""},"categories":[1],"tags":[],"areas":[1014],"class_list":["post-77250","post","type-post","status-publish","format-standard","has-post-thumbnail","hentry","category-sin-categorizar","areas-tercera-edad-ca"],"acf":[],"yoast_head":"<!-- This site is optimized with the Yoast SEO plugin v28.2 - https:\/\/yoast.com\/product\/yoast-seo-wordpress\/ -->\n<title>GALA PROVINCIAL DE L&#039;U.D.P. - Sant Joan d&#039;Alacant<\/title>\n<meta name=\"robots\" content=\"index, follow, max-snippet:-1, max-image-preview:large, max-video-preview:-1\" \/>\n<link rel=\"canonical\" href=\"https:\/\/www.santjoandalacant.es\/ca\/gala-provincial-de-lu-d-p\/\" \/>\n<meta property=\"og:locale\" content=\"en_US\" \/>\n<meta property=\"og:type\" content=\"article\" \/>\n<meta property=\"og:title\" content=\"GALA PROVINCIAL DE L&#039;U.D.P. - Sant Joan d&#039;Alacant\" \/>\n<meta property=\"og:description\" content=\"La Uni\u00f3 Democr\u00e0tica de Pensionistes (UDP) de la prov\u00edncia d&#039;Alacant va celebrar a Benidorm dilluns passat, 3 de setembre, la seua Gala Anual d&#039;Homenatge a la Dona Pensionista en els salons del Benidorm Palace, on Josefa Lled\u00f3 Devesa, de La Nucia, va ser triada Reina Provincial de la Tercera Edat 2014-2015. I \u00e9s que &#039;Pepica&#039;, com \u00e9s coneguda popularment, va ser triada entre deu candidates de diversos municipis, rebent la banda de Reina de mans del president de la Generalitat Valenciana, Alberto Fabra.\" \/>\n<meta property=\"og:url\" content=\"https:\/\/www.santjoandalacant.es\/ca\/gala-provincial-de-lu-d-p\/\" \/>\n<meta property=\"og:site_name\" content=\"Sant Joan d&#039;Alacant\" \/>\n<meta property=\"article:publisher\" content=\"https:\/\/www.facebook.com\/santjoandalacant\/\" \/>\n<meta property=\"article:published_time\" content=\"2014-11-07T07:05:14+00:00\" \/>\n<meta property=\"og:image\" content=\"https:\/\/www.santjoandalacant.es\/wp-content\/uploads\/2017\/06\/ELECCION_REINA_PROVINCIAL_TERCERA_EDAD_2014.jpg\" \/>\n\t<meta property=\"og:image:width\" content=\"526\" \/>\n\t<meta property=\"og:image:height\" content=\"361\" \/>\n\t<meta property=\"og:image:type\" content=\"image\/jpeg\" \/>\n<meta name=\"author\" content=\"6tems\" \/>\n<meta name=\"twitter:card\" content=\"summary_large_image\" \/>\n<meta name=\"twitter:label1\" content=\"Written by\" \/>\n\t<meta name=\"twitter:data1\" content=\"6tems\" \/>\n\t<meta name=\"twitter:label2\" content=\"Est. reading time\" \/>\n\t<meta name=\"twitter:data2\" content=\"2 minutes\" \/>\n<script type=\"application\/ld+json\" class=\"yoast-schema-graph\">{\"@context\":\"https:\\\/\\\/schema.org\",\"@graph\":[{\"@type\":\"Article\",\"@id\":\"https:\\\/\\\/www.santjoandalacant.es\\\/ca\\\/gala-provincial-de-lu-d-p\\\/#article\",\"isPartOf\":{\"@id\":\"https:\\\/\\\/www.santjoandalacant.es\\\/ca\\\/gala-provincial-de-lu-d-p\\\/\"},\"author\":{\"name\":\"6tems\",\"@id\":\"https:\\\/\\\/www.santjoandalacant.es\\\/ca\\\/#\\\/schema\\\/person\\\/74b89bc7b26e6edafb76cd69420cd790\"},\"headline\":\"GALA PROVINCIAL DE L&#8217;U.D.P.\",\"datePublished\":\"2014-11-07T07:05:14+00:00\",\"mainEntityOfPage\":{\"@id\":\"https:\\\/\\\/www.santjoandalacant.es\\\/ca\\\/gala-provincial-de-lu-d-p\\\/\"},\"wordCount\":382,\"commentCount\":0,\"publisher\":{\"@id\":\"https:\\\/\\\/www.santjoandalacant.es\\\/ca\\\/#organization\"},\"image\":{\"@id\":\"https:\\\/\\\/www.santjoandalacant.es\\\/ca\\\/gala-provincial-de-lu-d-p\\\/#primaryimage\"},\"thumbnailUrl\":\"https:\\\/\\\/www.santjoandalacant.es\\\/wp-content\\\/uploads\\\/2017\\\/06\\\/ELECCION_REINA_PROVINCIAL_TERCERA_EDAD_2014.jpg\",\"articleSection\":[\"Sin categorizar\"],\"inLanguage\":\"va\",\"potentialAction\":[{\"@type\":\"CommentAction\",\"name\":\"Comment\",\"target\":[\"https:\\\/\\\/www.santjoandalacant.es\\\/ca\\\/gala-provincial-de-lu-d-p\\\/#respond\"]}]},{\"@type\":\"WebPage\",\"@id\":\"https:\\\/\\\/www.santjoandalacant.es\\\/ca\\\/gala-provincial-de-lu-d-p\\\/\",\"url\":\"https:\\\/\\\/www.santjoandalacant.es\\\/ca\\\/gala-provincial-de-lu-d-p\\\/\",\"name\":\"GALA PROVINCIAL DE L'U.D.P. - Sant Joan d&#039;Alacant\",\"isPartOf\":{\"@id\":\"https:\\\/\\\/www.santjoandalacant.es\\\/ca\\\/#website\"},\"primaryImageOfPage\":{\"@id\":\"https:\\\/\\\/www.santjoandalacant.es\\\/ca\\\/gala-provincial-de-lu-d-p\\\/#primaryimage\"},\"image\":{\"@id\":\"https:\\\/\\\/www.santjoandalacant.es\\\/ca\\\/gala-provincial-de-lu-d-p\\\/#primaryimage\"},\"thumbnailUrl\":\"https:\\\/\\\/www.santjoandalacant.es\\\/wp-content\\\/uploads\\\/2017\\\/06\\\/ELECCION_REINA_PROVINCIAL_TERCERA_EDAD_2014.jpg\",\"datePublished\":\"2014-11-07T07:05:14+00:00\",\"breadcrumb\":{\"@id\":\"https:\\\/\\\/www.santjoandalacant.es\\\/ca\\\/gala-provincial-de-lu-d-p\\\/#breadcrumb\"},\"inLanguage\":\"va\",\"potentialAction\":[{\"@type\":\"ReadAction\",\"target\":[\"https:\\\/\\\/www.santjoandalacant.es\\\/ca\\\/gala-provincial-de-lu-d-p\\\/\"]}]},{\"@type\":\"ImageObject\",\"inLanguage\":\"va\",\"@id\":\"https:\\\/\\\/www.santjoandalacant.es\\\/ca\\\/gala-provincial-de-lu-d-p\\\/#primaryimage\",\"url\":\"https:\\\/\\\/www.santjoandalacant.es\\\/wp-content\\\/uploads\\\/2017\\\/06\\\/ELECCION_REINA_PROVINCIAL_TERCERA_EDAD_2014.jpg\",\"contentUrl\":\"https:\\\/\\\/www.santjoandalacant.es\\\/wp-content\\\/uploads\\\/2017\\\/06\\\/ELECCION_REINA_PROVINCIAL_TERCERA_EDAD_2014.jpg\",\"width\":526,\"height\":361},{\"@type\":\"BreadcrumbList\",\"@id\":\"https:\\\/\\\/www.santjoandalacant.es\\\/ca\\\/gala-provincial-de-lu-d-p\\\/#breadcrumb\",\"itemListElement\":[{\"@type\":\"ListItem\",\"position\":1,\"name\":\"Inicio\",\"item\":\"https:\\\/\\\/www.santjoandalacant.es\\\/ca\\\/\"},{\"@type\":\"ListItem\",\"position\":2,\"name\":\"GALA PROVINCIAL DE L&#8217;U.D.P.\"}]},{\"@type\":\"WebSite\",\"@id\":\"https:\\\/\\\/www.santjoandalacant.es\\\/ca\\\/#website\",\"url\":\"https:\\\/\\\/www.santjoandalacant.es\\\/ca\\\/\",\"name\":\"Sant Joan d'Alacant\",\"description\":\"\",\"publisher\":{\"@id\":\"https:\\\/\\\/www.santjoandalacant.es\\\/ca\\\/#organization\"},\"potentialAction\":[{\"@type\":\"SearchAction\",\"target\":{\"@type\":\"EntryPoint\",\"urlTemplate\":\"https:\\\/\\\/www.santjoandalacant.es\\\/ca\\\/?s={search_term_string}\"},\"query-input\":{\"@type\":\"PropertyValueSpecification\",\"valueRequired\":true,\"valueName\":\"search_term_string\"}}],\"inLanguage\":\"va\"},{\"@type\":\"Organization\",\"@id\":\"https:\\\/\\\/www.santjoandalacant.es\\\/ca\\\/#organization\",\"name\":\"Sant Joan d'Alacant\",\"url\":\"https:\\\/\\\/www.santjoandalacant.es\\\/ca\\\/\",\"logo\":{\"@type\":\"ImageObject\",\"inLanguage\":\"va\",\"@id\":\"https:\\\/\\\/www.santjoandalacant.es\\\/ca\\\/#\\\/schema\\\/logo\\\/image\\\/\",\"url\":\"https:\\\/\\\/www.santjoandalacant.es\\\/wp-content\\\/uploads\\\/2023\\\/08\\\/logoSJ.png\",\"contentUrl\":\"https:\\\/\\\/www.santjoandalacant.es\\\/wp-content\\\/uploads\\\/2023\\\/08\\\/logoSJ.png\",\"width\":198,\"height\":253,\"caption\":\"Sant Joan d'Alacant\"},\"image\":{\"@id\":\"https:\\\/\\\/www.santjoandalacant.es\\\/ca\\\/#\\\/schema\\\/logo\\\/image\\\/\"},\"sameAs\":[\"https:\\\/\\\/www.facebook.com\\\/santjoandalacant\\\/\",\"https:\\\/\\\/www.instagram.com\\\/santjoandalacant\\\/\",\"https:\\\/\\\/www.youtube.com\\\/user\\\/santjoandalacant\"]},{\"@type\":\"Person\",\"@id\":\"https:\\\/\\\/www.santjoandalacant.es\\\/ca\\\/#\\\/schema\\\/person\\\/74b89bc7b26e6edafb76cd69420cd790\",\"name\":\"6tems\",\"image\":{\"@type\":\"ImageObject\",\"inLanguage\":\"va\",\"@id\":\"https:\\\/\\\/secure.gravatar.com\\\/avatar\\\/1c939d9bf86da56568327e5d52b159d089efba17cde140c49884e3fe77ef9c66?s=96&d=mm&r=g\",\"url\":\"https:\\\/\\\/secure.gravatar.com\\\/avatar\\\/1c939d9bf86da56568327e5d52b159d089efba17cde140c49884e3fe77ef9c66?s=96&d=mm&r=g\",\"contentUrl\":\"https:\\\/\\\/secure.gravatar.com\\\/avatar\\\/1c939d9bf86da56568327e5d52b159d089efba17cde140c49884e3fe77ef9c66?s=96&d=mm&r=g\",\"caption\":\"6tems\"},\"sameAs\":[\"https:\\\/\\\/www.santjoandalacant.es\"],\"url\":\"https:\\\/\\\/www.santjoandalacant.es\\\/ca\\\/author\\\/adminasap\\\/\"}]}<\/script>\n<!-- \/ Yoast SEO plugin. -->","yoast_head_json":{"title":"GALA PROVINCIAL DE L'U.D.P. - Sant Joan d&#039;Alacant","robots":{"index":"index","follow":"follow","max-snippet":"max-snippet:-1","max-image-preview":"max-image-preview:large","max-video-preview":"max-video-preview:-1"},"canonical":"https:\/\/www.santjoandalacant.es\/ca\/gala-provincial-de-lu-d-p\/","og_locale":"en_US","og_type":"article","og_title":"GALA PROVINCIAL DE L'U.D.P. - Sant Joan d&#039;Alacant","og_description":"La Uni\u00f3 Democr\u00e0tica de Pensionistes (UDP) de la prov\u00edncia d'Alacant va celebrar a Benidorm dilluns passat, 3 de setembre, la seua Gala Anual d'Homenatge a la Dona Pensionista en els salons del Benidorm Palace, on Josefa Lled\u00f3 Devesa, de La Nucia, va ser triada Reina Provincial de la Tercera Edat 2014-2015. I \u00e9s que 'Pepica', com \u00e9s coneguda popularment, va ser triada entre deu candidates de diversos municipis, rebent la banda de Reina de mans del president de la Generalitat Valenciana, Alberto Fabra.","og_url":"https:\/\/www.santjoandalacant.es\/ca\/gala-provincial-de-lu-d-p\/","og_site_name":"Sant Joan d&#039;Alacant","article_publisher":"https:\/\/www.facebook.com\/santjoandalacant\/","article_published_time":"2014-11-07T07:05:14+00:00","og_image":[{"width":526,"height":361,"url":"https:\/\/www.santjoandalacant.es\/wp-content\/uploads\/2017\/06\/ELECCION_REINA_PROVINCIAL_TERCERA_EDAD_2014.jpg","type":"image\/jpeg"}],"author":"6tems","twitter_card":"summary_large_image","twitter_misc":{"Written by":"6tems","Est. reading time":"2 minutes"},"schema":{"@context":"https:\/\/schema.org","@graph":[{"@type":"Article","@id":"https:\/\/www.santjoandalacant.es\/ca\/gala-provincial-de-lu-d-p\/#article","isPartOf":{"@id":"https:\/\/www.santjoandalacant.es\/ca\/gala-provincial-de-lu-d-p\/"},"author":{"name":"6tems","@id":"https:\/\/www.santjoandalacant.es\/ca\/#\/schema\/person\/74b89bc7b26e6edafb76cd69420cd790"},"headline":"GALA PROVINCIAL DE L&#8217;U.D.P.","datePublished":"2014-11-07T07:05:14+00:00","mainEntityOfPage":{"@id":"https:\/\/www.santjoandalacant.es\/ca\/gala-provincial-de-lu-d-p\/"},"wordCount":382,"commentCount":0,"publisher":{"@id":"https:\/\/www.santjoandalacant.es\/ca\/#organization"},"image":{"@id":"https:\/\/www.santjoandalacant.es\/ca\/gala-provincial-de-lu-d-p\/#primaryimage"},"thumbnailUrl":"https:\/\/www.santjoandalacant.es\/wp-content\/uploads\/2017\/06\/ELECCION_REINA_PROVINCIAL_TERCERA_EDAD_2014.jpg","articleSection":["Sin categorizar"],"inLanguage":"va","potentialAction":[{"@type":"CommentAction","name":"Comment","target":["https:\/\/www.santjoandalacant.es\/ca\/gala-provincial-de-lu-d-p\/#respond"]}]},{"@type":"WebPage","@id":"https:\/\/www.santjoandalacant.es\/ca\/gala-provincial-de-lu-d-p\/","url":"https:\/\/www.santjoandalacant.es\/ca\/gala-provincial-de-lu-d-p\/","name":"GALA PROVINCIAL DE L'U.D.P. - Sant Joan d&#039;Alacant","isPartOf":{"@id":"https:\/\/www.santjoandalacant.es\/ca\/#website"},"primaryImageOfPage":{"@id":"https:\/\/www.santjoandalacant.es\/ca\/gala-provincial-de-lu-d-p\/#primaryimage"},"image":{"@id":"https:\/\/www.santjoandalacant.es\/ca\/gala-provincial-de-lu-d-p\/#primaryimage"},"thumbnailUrl":"https:\/\/www.santjoandalacant.es\/wp-content\/uploads\/2017\/06\/ELECCION_REINA_PROVINCIAL_TERCERA_EDAD_2014.jpg","datePublished":"2014-11-07T07:05:14+00:00","breadcrumb":{"@id":"https:\/\/www.santjoandalacant.es\/ca\/gala-provincial-de-lu-d-p\/#breadcrumb"},"inLanguage":"va","potentialAction":[{"@type":"ReadAction","target":["https:\/\/www.santjoandalacant.es\/ca\/gala-provincial-de-lu-d-p\/"]}]},{"@type":"ImageObject","inLanguage":"va","@id":"https:\/\/www.santjoandalacant.es\/ca\/gala-provincial-de-lu-d-p\/#primaryimage","url":"https:\/\/www.santjoandalacant.es\/wp-content\/uploads\/2017\/06\/ELECCION_REINA_PROVINCIAL_TERCERA_EDAD_2014.jpg","contentUrl":"https:\/\/www.santjoandalacant.es\/wp-content\/uploads\/2017\/06\/ELECCION_REINA_PROVINCIAL_TERCERA_EDAD_2014.jpg","width":526,"height":361},{"@type":"BreadcrumbList","@id":"https:\/\/www.santjoandalacant.es\/ca\/gala-provincial-de-lu-d-p\/#breadcrumb","itemListElement":[{"@type":"ListItem","position":1,"name":"Inicio","item":"https:\/\/www.santjoandalacant.es\/ca\/"},{"@type":"ListItem","position":2,"name":"GALA PROVINCIAL DE L&#8217;U.D.P."}]},{"@type":"WebSite","@id":"https:\/\/www.santjoandalacant.es\/ca\/#website","url":"https:\/\/www.santjoandalacant.es\/ca\/","name":"Sant Joan d'Alacant","description":"","publisher":{"@id":"https:\/\/www.santjoandalacant.es\/ca\/#organization"},"potentialAction":[{"@type":"SearchAction","target":{"@type":"EntryPoint","urlTemplate":"https:\/\/www.santjoandalacant.es\/ca\/?s={search_term_string}"},"query-input":{"@type":"PropertyValueSpecification","valueRequired":true,"valueName":"search_term_string"}}],"inLanguage":"va"},{"@type":"Organization","@id":"https:\/\/www.santjoandalacant.es\/ca\/#organization","name":"Sant Joan d'Alacant","url":"https:\/\/www.santjoandalacant.es\/ca\/","logo":{"@type":"ImageObject","inLanguage":"va","@id":"https:\/\/www.santjoandalacant.es\/ca\/#\/schema\/logo\/image\/","url":"https:\/\/www.santjoandalacant.es\/wp-content\/uploads\/2023\/08\/logoSJ.png","contentUrl":"https:\/\/www.santjoandalacant.es\/wp-content\/uploads\/2023\/08\/logoSJ.png","width":198,"height":253,"caption":"Sant Joan d'Alacant"},"image":{"@id":"https:\/\/www.santjoandalacant.es\/ca\/#\/schema\/logo\/image\/"},"sameAs":["https:\/\/www.facebook.com\/santjoandalacant\/","https:\/\/www.instagram.com\/santjoandalacant\/","https:\/\/www.youtube.com\/user\/santjoandalacant"]},{"@type":"Person","@id":"https:\/\/www.santjoandalacant.es\/ca\/#\/schema\/person\/74b89bc7b26e6edafb76cd69420cd790","name":"6tems","image":{"@type":"ImageObject","inLanguage":"va","@id":"https:\/\/secure.gravatar.com\/avatar\/1c939d9bf86da56568327e5d52b159d089efba17cde140c49884e3fe77ef9c66?s=96&d=mm&r=g","url":"https:\/\/secure.gravatar.com\/avatar\/1c939d9bf86da56568327e5d52b159d089efba17cde140c49884e3fe77ef9c66?s=96&d=mm&r=g","contentUrl":"https:\/\/secure.gravatar.com\/avatar\/1c939d9bf86da56568327e5d52b159d089efba17cde140c49884e3fe77ef9c66?s=96&d=mm&r=g","caption":"6tems"},"sameAs":["https:\/\/www.santjoandalacant.es"],"url":"https:\/\/www.santjoandalacant.es\/ca\/author\/adminasap\/"}]}},"_links":{"self":[{"href":"https:\/\/www.santjoandalacant.es\/ca\/wp-json\/wp\/v2\/posts\/77250","targetHints":{"allow":["GET"]}}],"collection":[{"href":"https:\/\/www.santjoandalacant.es\/ca\/wp-json\/wp\/v2\/posts"}],"about":[{"href":"https:\/\/www.santjoandalacant.es\/ca\/wp-json\/wp\/v2\/types\/post"}],"author":[{"embeddable":true,"href":"https:\/\/www.santjoandalacant.es\/ca\/wp-json\/wp\/v2\/users\/1"}],"replies":[{"embeddable":true,"href":"https:\/\/www.santjoandalacant.es\/ca\/wp-json\/wp\/v2\/comments?post=77250"}],"version-history":[{"count":0,"href":"https:\/\/www.santjoandalacant.es\/ca\/wp-json\/wp\/v2\/posts\/77250\/revisions"}],"wp:featuredmedia":[{"embeddable":true,"href":"https:\/\/www.santjoandalacant.es\/ca\/wp-json\/wp\/v2\/media\/31244"}],"wp:attachment":[{"href":"https:\/\/www.santjoandalacant.es\/ca\/wp-json\/wp\/v2\/media?parent=77250"}],"wp:term":[{"taxonomy":"category","embeddable":true,"href":"https:\/\/www.santjoandalacant.es\/ca\/wp-json\/wp\/v2\/categories?post=77250"},{"taxonomy":"post_tag","embeddable":true,"href":"https:\/\/www.santjoandalacant.es\/ca\/wp-json\/wp\/v2\/tags?post=77250"},{"taxonomy":"areas","embeddable":true,"href":"https:\/\/www.santjoandalacant.es\/ca\/wp-json\/wp\/v2\/areas?post=77250"}],"curies":[{"name":"wp","href":"https:\/\/api.w.org\/{rel}","templated":true}]}}