{"id":77264,"date":"2014-11-04T12:33:25","date_gmt":"2014-11-04T12:33:25","guid":{"rendered":"https:\/\/santjoan.developersasapglobalsolution.com\/concurs-daparadors\/"},"modified":"2014-11-04T12:33:25","modified_gmt":"2014-11-04T12:33:25","slug":"concurs-daparadors","status":"publish","type":"post","link":"https:\/\/www.santjoandalacant.es\/ca\/concurs-daparadors\/","title":{"rendered":"CONCURS D&#8217;APARADORS"},"content":{"rendered":"<p>\nLa regidoria de Comer\u00e7 i Mercat de l&#8217;Ajuntament de Sant Joan d&#8217;Alacant convoca la tercera edici\u00f3 del concurs d&#8217;aparadors amb el qual crear un ambient m\u00e0gic i especial en els carrers de la localitat durant el Nadal. Una iniciativa que pret\u00e9n incentivar les compres en el comer\u00e7 local oferint al consumidor una imatge agradable que convide a realitzar en el municipi les tradicionals compres de regals, aix\u00ed com tot tipus de productes i serveis, activitat que experimenta un notable creixement durant aqueixes dates tan assenyalades.\n<\/p>\n<p>\nLa participaci\u00f3 en aquest certamen est\u00e0 oberta a tots als establiments d&#8217;\u00e0mbit comercial que desenvolupen la seua labor en el terme municipal de Sant Joan d&#8217;Alacant i tan sol ser\u00e0 necessari seguir una tem\u00e0tica concreta, el Nadal. Caldr\u00e0 rec\u00f3rrer a recursos i adorns aleg\u00f3ricos a l&#8217;ambient nadalenc, amb la integraci\u00f3 en l&#8217;aparador dels propis productes i serveis que ofereix cada comer\u00e7. Un muntatge que haur\u00e0 de romandre exposat des del 5 de desembre fins al 6 de gener.\n<\/p>\n<p>\n\u00a0Durant aqueixos dies el jurat anir\u00e0 recorrent els diferents aparadors per a valorar diversos conceptes com la disposici\u00f3 dels elements, l&#8217;originalitat, la creativitat, la il\u00b7luminaci\u00f3 o el colorit, a m\u00e9s de la utilitzaci\u00f3 del propi producte en la decoraci\u00f3. Unes pautes que seran analitzades per representants de l&#8217;Ajuntament, l&#8217;associaci\u00f3 de comerciants, representants de l&#8217;administraci\u00f3 p\u00fablica auton\u00f2mica i representants d&#8217;entitats empresarials, aix\u00ed com els guanyadors de la passada edici\u00f3 del concurs, ja que no podran optar al premi d&#8217;enguany.\n<\/p>\n<p>\n<br \/>\nTots els establiments rebran un diploma acreditatiu com a reconeixement de la seua participaci\u00f3 en aquest concurs, un certamen en el qual els participants competiran per tres guardons que estaran valorats en 100, 150 i 200 euros, respectivament, encara que el major premi siga al\u00e7ar-se amb la vict\u00f2ria en un concurs que premia el treball i la dedicaci\u00f3 per agradar a la pr\u00f2pia clientela, alguna cosa que \u00e9s senyal d&#8217;identitat del comer\u00e7 local.\n<\/p>\n<p>\n<img fetchpriority=\"high\" decoding=\"async\" class=\" size-full wp-image-31282\" src=\"https:\/\/www.santjoandalacant.es\/wp-content\/uploads\/2014\/11\/REGALOS_NAVIDAD_0.jpg\" width=\"500\" height=\"268\" srcset=\"https:\/\/www.santjoandalacant.es\/wp-content\/uploads\/2014\/11\/REGALOS_NAVIDAD_0.jpg 500w, https:\/\/www.santjoandalacant.es\/wp-content\/uploads\/2014\/11\/REGALOS_NAVIDAD_0-300x161.jpg 300w\" sizes=\"(max-width: 500px) 100vw, 500px\" \/>\n<\/p>\n<p>\n&#160;\n<\/p>\n<p>\u00a0<\/p>\n","protected":false},"excerpt":{"rendered":"<p>\nLa regidoria de Comer\u00e7 i Mercat de l&#8217;Ajuntament de Sant Joan d&#8217;Alacant convoca la tercera edici\u00f3 del concurs d&#8217;aparadors amb el qual crear un ambient m\u00e0gic i especial en els carrers de la localitat durant el Nadal. Una iniciativa que pret\u00e9n incentivar les compres en el comer\u00e7 local oferint al consumidor una imatge agradable que convide a realitzar en el municipi les tradicionals compres de regals, aix\u00ed com tot tipus de productes i serveis, activitat que experimenta un notable creixement durant aqueixes dates tan assenyalades.<\/p>\n","protected":false},"author":1,"featured_media":31280,"comment_status":"open","ping_status":"open","sticky":false,"template":"","format":"standard","meta":{"_acf_changed":false,"rs_blank_template":"","rs_page_bg_color":"","slide_template_v7":"","footnotes":""},"categories":[1],"tags":[],"areas":[997],"class_list":["post-77264","post","type-post","status-publish","format-standard","has-post-thumbnail","hentry","category-sin-categorizar","areas-comercio-ca"],"acf":[],"yoast_head":"<!-- This site is optimized with the Yoast SEO plugin v28.2 - https:\/\/yoast.com\/product\/yoast-seo-wordpress\/ -->\n<title>CONCURS D&#039;APARADORS - Sant Joan d&#039;Alacant<\/title>\n<meta name=\"robots\" content=\"index, follow, max-snippet:-1, max-image-preview:large, max-video-preview:-1\" \/>\n<link rel=\"canonical\" href=\"https:\/\/www.santjoandalacant.es\/ca\/concurs-daparadors\/\" \/>\n<meta property=\"og:locale\" content=\"en_US\" \/>\n<meta property=\"og:type\" content=\"article\" \/>\n<meta property=\"og:title\" content=\"CONCURS D&#039;APARADORS - Sant Joan d&#039;Alacant\" \/>\n<meta property=\"og:description\" content=\"La regidoria de Comer\u00e7 i Mercat de l&#039;Ajuntament de Sant Joan d&#039;Alacant convoca la tercera edici\u00f3 del concurs d&#039;aparadors amb el qual crear un ambient m\u00e0gic i especial en els carrers de la localitat durant el Nadal. Una iniciativa que pret\u00e9n incentivar les compres en el comer\u00e7 local oferint al consumidor una imatge agradable que convide a realitzar en el municipi les tradicionals compres de regals, aix\u00ed com tot tipus de productes i serveis, activitat que experimenta un notable creixement durant aqueixes dates tan assenyalades.\" \/>\n<meta property=\"og:url\" content=\"https:\/\/www.santjoandalacant.es\/ca\/concurs-daparadors\/\" \/>\n<meta property=\"og:site_name\" content=\"Sant Joan d&#039;Alacant\" \/>\n<meta property=\"article:publisher\" content=\"https:\/\/www.facebook.com\/santjoandalacant\/\" \/>\n<meta property=\"article:published_time\" content=\"2014-11-04T12:33:25+00:00\" \/>\n<meta property=\"og:image\" content=\"https:\/\/www.santjoandalacant.es\/wp-content\/uploads\/2017\/06\/III_CONCURSO_ESCAPARATES_NAVIDENOS.jpg\" \/>\n\t<meta property=\"og:image:width\" content=\"526\" \/>\n\t<meta property=\"og:image:height\" content=\"373\" \/>\n\t<meta property=\"og:image:type\" content=\"image\/jpeg\" \/>\n<meta name=\"author\" content=\"6tems\" \/>\n<meta name=\"twitter:card\" content=\"summary_large_image\" \/>\n<meta name=\"twitter:label1\" content=\"Written by\" \/>\n\t<meta name=\"twitter:data1\" content=\"6tems\" \/>\n\t<meta name=\"twitter:label2\" content=\"Est. reading time\" \/>\n\t<meta name=\"twitter:data2\" content=\"2 minutes\" \/>\n<script type=\"application\/ld+json\" class=\"yoast-schema-graph\">{\"@context\":\"https:\\\/\\\/schema.org\",\"@graph\":[{\"@type\":\"Article\",\"@id\":\"https:\\\/\\\/www.santjoandalacant.es\\\/ca\\\/concurs-daparadors\\\/#article\",\"isPartOf\":{\"@id\":\"https:\\\/\\\/www.santjoandalacant.es\\\/ca\\\/concurs-daparadors\\\/\"},\"author\":{\"name\":\"6tems\",\"@id\":\"https:\\\/\\\/www.santjoandalacant.es\\\/ca\\\/#\\\/schema\\\/person\\\/74b89bc7b26e6edafb76cd69420cd790\"},\"headline\":\"CONCURS D&#8217;APARADORS\",\"datePublished\":\"2014-11-04T12:33:25+00:00\",\"mainEntityOfPage\":{\"@id\":\"https:\\\/\\\/www.santjoandalacant.es\\\/ca\\\/concurs-daparadors\\\/\"},\"wordCount\":338,\"commentCount\":0,\"publisher\":{\"@id\":\"https:\\\/\\\/www.santjoandalacant.es\\\/ca\\\/#organization\"},\"image\":{\"@id\":\"https:\\\/\\\/www.santjoandalacant.es\\\/ca\\\/concurs-daparadors\\\/#primaryimage\"},\"thumbnailUrl\":\"https:\\\/\\\/www.santjoandalacant.es\\\/wp-content\\\/uploads\\\/2017\\\/06\\\/III_CONCURSO_ESCAPARATES_NAVIDENOS.jpg\",\"articleSection\":[\"Sin categorizar\"],\"inLanguage\":\"va\",\"potentialAction\":[{\"@type\":\"CommentAction\",\"name\":\"Comment\",\"target\":[\"https:\\\/\\\/www.santjoandalacant.es\\\/ca\\\/concurs-daparadors\\\/#respond\"]}]},{\"@type\":\"WebPage\",\"@id\":\"https:\\\/\\\/www.santjoandalacant.es\\\/ca\\\/concurs-daparadors\\\/\",\"url\":\"https:\\\/\\\/www.santjoandalacant.es\\\/ca\\\/concurs-daparadors\\\/\",\"name\":\"CONCURS D'APARADORS - Sant Joan d&#039;Alacant\",\"isPartOf\":{\"@id\":\"https:\\\/\\\/www.santjoandalacant.es\\\/ca\\\/#website\"},\"primaryImageOfPage\":{\"@id\":\"https:\\\/\\\/www.santjoandalacant.es\\\/ca\\\/concurs-daparadors\\\/#primaryimage\"},\"image\":{\"@id\":\"https:\\\/\\\/www.santjoandalacant.es\\\/ca\\\/concurs-daparadors\\\/#primaryimage\"},\"thumbnailUrl\":\"https:\\\/\\\/www.santjoandalacant.es\\\/wp-content\\\/uploads\\\/2017\\\/06\\\/III_CONCURSO_ESCAPARATES_NAVIDENOS.jpg\",\"datePublished\":\"2014-11-04T12:33:25+00:00\",\"breadcrumb\":{\"@id\":\"https:\\\/\\\/www.santjoandalacant.es\\\/ca\\\/concurs-daparadors\\\/#breadcrumb\"},\"inLanguage\":\"va\",\"potentialAction\":[{\"@type\":\"ReadAction\",\"target\":[\"https:\\\/\\\/www.santjoandalacant.es\\\/ca\\\/concurs-daparadors\\\/\"]}]},{\"@type\":\"ImageObject\",\"inLanguage\":\"va\",\"@id\":\"https:\\\/\\\/www.santjoandalacant.es\\\/ca\\\/concurs-daparadors\\\/#primaryimage\",\"url\":\"https:\\\/\\\/www.santjoandalacant.es\\\/wp-content\\\/uploads\\\/2017\\\/06\\\/III_CONCURSO_ESCAPARATES_NAVIDENOS.jpg\",\"contentUrl\":\"https:\\\/\\\/www.santjoandalacant.es\\\/wp-content\\\/uploads\\\/2017\\\/06\\\/III_CONCURSO_ESCAPARATES_NAVIDENOS.jpg\",\"width\":526,\"height\":373},{\"@type\":\"BreadcrumbList\",\"@id\":\"https:\\\/\\\/www.santjoandalacant.es\\\/ca\\\/concurs-daparadors\\\/#breadcrumb\",\"itemListElement\":[{\"@type\":\"ListItem\",\"position\":1,\"name\":\"Inicio\",\"item\":\"https:\\\/\\\/www.santjoandalacant.es\\\/ca\\\/\"},{\"@type\":\"ListItem\",\"position\":2,\"name\":\"CONCURS D&#8217;APARADORS\"}]},{\"@type\":\"WebSite\",\"@id\":\"https:\\\/\\\/www.santjoandalacant.es\\\/ca\\\/#website\",\"url\":\"https:\\\/\\\/www.santjoandalacant.es\\\/ca\\\/\",\"name\":\"Sant Joan d'Alacant\",\"description\":\"\",\"publisher\":{\"@id\":\"https:\\\/\\\/www.santjoandalacant.es\\\/ca\\\/#organization\"},\"potentialAction\":[{\"@type\":\"SearchAction\",\"target\":{\"@type\":\"EntryPoint\",\"urlTemplate\":\"https:\\\/\\\/www.santjoandalacant.es\\\/ca\\\/?s={search_term_string}\"},\"query-input\":{\"@type\":\"PropertyValueSpecification\",\"valueRequired\":true,\"valueName\":\"search_term_string\"}}],\"inLanguage\":\"va\"},{\"@type\":\"Organization\",\"@id\":\"https:\\\/\\\/www.santjoandalacant.es\\\/ca\\\/#organization\",\"name\":\"Sant Joan d'Alacant\",\"url\":\"https:\\\/\\\/www.santjoandalacant.es\\\/ca\\\/\",\"logo\":{\"@type\":\"ImageObject\",\"inLanguage\":\"va\",\"@id\":\"https:\\\/\\\/www.santjoandalacant.es\\\/ca\\\/#\\\/schema\\\/logo\\\/image\\\/\",\"url\":\"https:\\\/\\\/www.santjoandalacant.es\\\/wp-content\\\/uploads\\\/2023\\\/08\\\/logoSJ.png\",\"contentUrl\":\"https:\\\/\\\/www.santjoandalacant.es\\\/wp-content\\\/uploads\\\/2023\\\/08\\\/logoSJ.png\",\"width\":198,\"height\":253,\"caption\":\"Sant Joan d'Alacant\"},\"image\":{\"@id\":\"https:\\\/\\\/www.santjoandalacant.es\\\/ca\\\/#\\\/schema\\\/logo\\\/image\\\/\"},\"sameAs\":[\"https:\\\/\\\/www.facebook.com\\\/santjoandalacant\\\/\",\"https:\\\/\\\/www.instagram.com\\\/santjoandalacant\\\/\",\"https:\\\/\\\/www.youtube.com\\\/user\\\/santjoandalacant\"]},{\"@type\":\"Person\",\"@id\":\"https:\\\/\\\/www.santjoandalacant.es\\\/ca\\\/#\\\/schema\\\/person\\\/74b89bc7b26e6edafb76cd69420cd790\",\"name\":\"6tems\",\"image\":{\"@type\":\"ImageObject\",\"inLanguage\":\"va\",\"@id\":\"https:\\\/\\\/secure.gravatar.com\\\/avatar\\\/1c939d9bf86da56568327e5d52b159d089efba17cde140c49884e3fe77ef9c66?s=96&d=mm&r=g\",\"url\":\"https:\\\/\\\/secure.gravatar.com\\\/avatar\\\/1c939d9bf86da56568327e5d52b159d089efba17cde140c49884e3fe77ef9c66?s=96&d=mm&r=g\",\"contentUrl\":\"https:\\\/\\\/secure.gravatar.com\\\/avatar\\\/1c939d9bf86da56568327e5d52b159d089efba17cde140c49884e3fe77ef9c66?s=96&d=mm&r=g\",\"caption\":\"6tems\"},\"sameAs\":[\"https:\\\/\\\/www.santjoandalacant.es\"],\"url\":\"https:\\\/\\\/www.santjoandalacant.es\\\/ca\\\/author\\\/adminasap\\\/\"}]}<\/script>\n<!-- \/ Yoast SEO plugin. -->","yoast_head_json":{"title":"CONCURS D'APARADORS - Sant Joan d&#039;Alacant","robots":{"index":"index","follow":"follow","max-snippet":"max-snippet:-1","max-image-preview":"max-image-preview:large","max-video-preview":"max-video-preview:-1"},"canonical":"https:\/\/www.santjoandalacant.es\/ca\/concurs-daparadors\/","og_locale":"en_US","og_type":"article","og_title":"CONCURS D'APARADORS - Sant Joan d&#039;Alacant","og_description":"La regidoria de Comer\u00e7 i Mercat de l'Ajuntament de Sant Joan d'Alacant convoca la tercera edici\u00f3 del concurs d'aparadors amb el qual crear un ambient m\u00e0gic i especial en els carrers de la localitat durant el Nadal. Una iniciativa que pret\u00e9n incentivar les compres en el comer\u00e7 local oferint al consumidor una imatge agradable que convide a realitzar en el municipi les tradicionals compres de regals, aix\u00ed com tot tipus de productes i serveis, activitat que experimenta un notable creixement durant aqueixes dates tan assenyalades.","og_url":"https:\/\/www.santjoandalacant.es\/ca\/concurs-daparadors\/","og_site_name":"Sant Joan d&#039;Alacant","article_publisher":"https:\/\/www.facebook.com\/santjoandalacant\/","article_published_time":"2014-11-04T12:33:25+00:00","og_image":[{"width":526,"height":373,"url":"https:\/\/www.santjoandalacant.es\/wp-content\/uploads\/2017\/06\/III_CONCURSO_ESCAPARATES_NAVIDENOS.jpg","type":"image\/jpeg"}],"author":"6tems","twitter_card":"summary_large_image","twitter_misc":{"Written by":"6tems","Est. reading time":"2 minutes"},"schema":{"@context":"https:\/\/schema.org","@graph":[{"@type":"Article","@id":"https:\/\/www.santjoandalacant.es\/ca\/concurs-daparadors\/#article","isPartOf":{"@id":"https:\/\/www.santjoandalacant.es\/ca\/concurs-daparadors\/"},"author":{"name":"6tems","@id":"https:\/\/www.santjoandalacant.es\/ca\/#\/schema\/person\/74b89bc7b26e6edafb76cd69420cd790"},"headline":"CONCURS D&#8217;APARADORS","datePublished":"2014-11-04T12:33:25+00:00","mainEntityOfPage":{"@id":"https:\/\/www.santjoandalacant.es\/ca\/concurs-daparadors\/"},"wordCount":338,"commentCount":0,"publisher":{"@id":"https:\/\/www.santjoandalacant.es\/ca\/#organization"},"image":{"@id":"https:\/\/www.santjoandalacant.es\/ca\/concurs-daparadors\/#primaryimage"},"thumbnailUrl":"https:\/\/www.santjoandalacant.es\/wp-content\/uploads\/2017\/06\/III_CONCURSO_ESCAPARATES_NAVIDENOS.jpg","articleSection":["Sin categorizar"],"inLanguage":"va","potentialAction":[{"@type":"CommentAction","name":"Comment","target":["https:\/\/www.santjoandalacant.es\/ca\/concurs-daparadors\/#respond"]}]},{"@type":"WebPage","@id":"https:\/\/www.santjoandalacant.es\/ca\/concurs-daparadors\/","url":"https:\/\/www.santjoandalacant.es\/ca\/concurs-daparadors\/","name":"CONCURS D'APARADORS - Sant Joan d&#039;Alacant","isPartOf":{"@id":"https:\/\/www.santjoandalacant.es\/ca\/#website"},"primaryImageOfPage":{"@id":"https:\/\/www.santjoandalacant.es\/ca\/concurs-daparadors\/#primaryimage"},"image":{"@id":"https:\/\/www.santjoandalacant.es\/ca\/concurs-daparadors\/#primaryimage"},"thumbnailUrl":"https:\/\/www.santjoandalacant.es\/wp-content\/uploads\/2017\/06\/III_CONCURSO_ESCAPARATES_NAVIDENOS.jpg","datePublished":"2014-11-04T12:33:25+00:00","breadcrumb":{"@id":"https:\/\/www.santjoandalacant.es\/ca\/concurs-daparadors\/#breadcrumb"},"inLanguage":"va","potentialAction":[{"@type":"ReadAction","target":["https:\/\/www.santjoandalacant.es\/ca\/concurs-daparadors\/"]}]},{"@type":"ImageObject","inLanguage":"va","@id":"https:\/\/www.santjoandalacant.es\/ca\/concurs-daparadors\/#primaryimage","url":"https:\/\/www.santjoandalacant.es\/wp-content\/uploads\/2017\/06\/III_CONCURSO_ESCAPARATES_NAVIDENOS.jpg","contentUrl":"https:\/\/www.santjoandalacant.es\/wp-content\/uploads\/2017\/06\/III_CONCURSO_ESCAPARATES_NAVIDENOS.jpg","width":526,"height":373},{"@type":"BreadcrumbList","@id":"https:\/\/www.santjoandalacant.es\/ca\/concurs-daparadors\/#breadcrumb","itemListElement":[{"@type":"ListItem","position":1,"name":"Inicio","item":"https:\/\/www.santjoandalacant.es\/ca\/"},{"@type":"ListItem","position":2,"name":"CONCURS D&#8217;APARADORS"}]},{"@type":"WebSite","@id":"https:\/\/www.santjoandalacant.es\/ca\/#website","url":"https:\/\/www.santjoandalacant.es\/ca\/","name":"Sant Joan d'Alacant","description":"","publisher":{"@id":"https:\/\/www.santjoandalacant.es\/ca\/#organization"},"potentialAction":[{"@type":"SearchAction","target":{"@type":"EntryPoint","urlTemplate":"https:\/\/www.santjoandalacant.es\/ca\/?s={search_term_string}"},"query-input":{"@type":"PropertyValueSpecification","valueRequired":true,"valueName":"search_term_string"}}],"inLanguage":"va"},{"@type":"Organization","@id":"https:\/\/www.santjoandalacant.es\/ca\/#organization","name":"Sant Joan d'Alacant","url":"https:\/\/www.santjoandalacant.es\/ca\/","logo":{"@type":"ImageObject","inLanguage":"va","@id":"https:\/\/www.santjoandalacant.es\/ca\/#\/schema\/logo\/image\/","url":"https:\/\/www.santjoandalacant.es\/wp-content\/uploads\/2023\/08\/logoSJ.png","contentUrl":"https:\/\/www.santjoandalacant.es\/wp-content\/uploads\/2023\/08\/logoSJ.png","width":198,"height":253,"caption":"Sant Joan d'Alacant"},"image":{"@id":"https:\/\/www.santjoandalacant.es\/ca\/#\/schema\/logo\/image\/"},"sameAs":["https:\/\/www.facebook.com\/santjoandalacant\/","https:\/\/www.instagram.com\/santjoandalacant\/","https:\/\/www.youtube.com\/user\/santjoandalacant"]},{"@type":"Person","@id":"https:\/\/www.santjoandalacant.es\/ca\/#\/schema\/person\/74b89bc7b26e6edafb76cd69420cd790","name":"6tems","image":{"@type":"ImageObject","inLanguage":"va","@id":"https:\/\/secure.gravatar.com\/avatar\/1c939d9bf86da56568327e5d52b159d089efba17cde140c49884e3fe77ef9c66?s=96&d=mm&r=g","url":"https:\/\/secure.gravatar.com\/avatar\/1c939d9bf86da56568327e5d52b159d089efba17cde140c49884e3fe77ef9c66?s=96&d=mm&r=g","contentUrl":"https:\/\/secure.gravatar.com\/avatar\/1c939d9bf86da56568327e5d52b159d089efba17cde140c49884e3fe77ef9c66?s=96&d=mm&r=g","caption":"6tems"},"sameAs":["https:\/\/www.santjoandalacant.es"],"url":"https:\/\/www.santjoandalacant.es\/ca\/author\/adminasap\/"}]}},"_links":{"self":[{"href":"https:\/\/www.santjoandalacant.es\/ca\/wp-json\/wp\/v2\/posts\/77264","targetHints":{"allow":["GET"]}}],"collection":[{"href":"https:\/\/www.santjoandalacant.es\/ca\/wp-json\/wp\/v2\/posts"}],"about":[{"href":"https:\/\/www.santjoandalacant.es\/ca\/wp-json\/wp\/v2\/types\/post"}],"author":[{"embeddable":true,"href":"https:\/\/www.santjoandalacant.es\/ca\/wp-json\/wp\/v2\/users\/1"}],"replies":[{"embeddable":true,"href":"https:\/\/www.santjoandalacant.es\/ca\/wp-json\/wp\/v2\/comments?post=77264"}],"version-history":[{"count":0,"href":"https:\/\/www.santjoandalacant.es\/ca\/wp-json\/wp\/v2\/posts\/77264\/revisions"}],"wp:featuredmedia":[{"embeddable":true,"href":"https:\/\/www.santjoandalacant.es\/ca\/wp-json\/wp\/v2\/media\/31280"}],"wp:attachment":[{"href":"https:\/\/www.santjoandalacant.es\/ca\/wp-json\/wp\/v2\/media?parent=77264"}],"wp:term":[{"taxonomy":"category","embeddable":true,"href":"https:\/\/www.santjoandalacant.es\/ca\/wp-json\/wp\/v2\/categories?post=77264"},{"taxonomy":"post_tag","embeddable":true,"href":"https:\/\/www.santjoandalacant.es\/ca\/wp-json\/wp\/v2\/tags?post=77264"},{"taxonomy":"areas","embeddable":true,"href":"https:\/\/www.santjoandalacant.es\/ca\/wp-json\/wp\/v2\/areas?post=77264"}],"curies":[{"name":"wp","href":"https:\/\/api.w.org\/{rel}","templated":true}]}}