{"id":77265,"date":"2014-11-04T12:27:33","date_gmt":"2014-11-04T12:27:33","guid":{"rendered":"https:\/\/santjoan.developersasapglobalsolution.com\/guanyador-del-concurs-per-al-cartell-del-25n\/"},"modified":"2014-11-04T12:27:33","modified_gmt":"2014-11-04T12:27:33","slug":"guanyador-del-concurs-per-al-cartell-del-25n","status":"publish","type":"post","link":"https:\/\/www.santjoandalacant.es\/ca\/guanyador-del-concurs-per-al-cartell-del-25n\/","title":{"rendered":"GUANYADOR DEL CONCURS PER AL CARTELL DEL 25N"},"content":{"rendered":"<p>\nReunit el jurat que s&#8217;encarregava de dir qui seria el guanyador del concurs de disseny gr\u00e0fic que convoca l&#8217;Ajuntament de Sant Joan d&#8217;Alacant per a triar el cartell commemoratiu del 25 de novembre, Dia Internacional Contra la Viol\u00e8ncia de G\u00e8nere, es va fallar que el guanyador d&#8217;aquest certamen anara Sergio Sola \u00ed\u00f1igo, autor de l&#8217;obra que porta per t\u00edtol &#8216;No sigues la seua marioneta&#8217;.\n<\/p>\n<p>\nEn paraules de l&#8217;autor: &quot;l&#8217;home maltractador tracta a la dona com si f\u00f3ra la seua marioneta i vol que aquesta fa\u00e7a tot el que se li ordene sense rechistar. Que no siga independent, per a aix\u00ed poder controlar-la en tot moment&quot;. Per a\u00e7\u00f2, en la seua obra es presenta a una marioneta que simbolitza a la dona maltractada, amb els fils controlats pel masclisme.\n<\/p>\n<p>\n<br \/>\nAmb aquest disseny, la regidoria de Dona i Igualtat que dirigeix l&#8217;edil Carmen Navarro promocionar\u00e0 pr\u00f2ximament els esdeveniments que es duran a terme per a celebrar el dia marcat internacionalment en el calendari per a lluitar contra el masclisme i la viol\u00e8ncia cap a la dona. Unes activitats encaminades a sensibilitzar i conscienciar a la poblaci\u00f3, amb la finalitat d&#8217;acabar amb aquesta xacra.\n<\/p>\n<p>\n<strong>En la imatge, l&#8217;autor i l&#8217;edil posen amb el cartell guanyador en la m\u00e0. <br \/>\n<\/strong><\/p>\n","protected":false},"excerpt":{"rendered":"<p>\nReunit el jurat que s&#8217;encarregava de dir qui seria el guanyador del concurs de disseny gr\u00e0fic que convoca l&#8217;Ajuntament de Sant Joan d&#8217;Alacant per a triar el cartell commemoratiu del 25 de novembre, Dia Internacional Contra la Viol\u00e8ncia de G\u00e8nere, es va fallar que el guanyador d&#8217;aquest certamen anara Sergio Sola \u00ed\u00f1igo, autor de l&#8217;obra que porta per t\u00edtol &#8216;No sigues la seua marioneta&#8217;.<\/p>\n","protected":false},"author":1,"featured_media":31291,"comment_status":"open","ping_status":"open","sticky":false,"template":"","format":"standard","meta":{"_acf_changed":false,"rs_blank_template":"","rs_page_bg_color":"","slide_template_v7":"","footnotes":""},"categories":[1],"tags":[],"areas":[1003],"class_list":["post-77265","post","type-post","status-publish","format-standard","has-post-thumbnail","hentry","category-sin-categorizar","areas-igualdad-ca"],"acf":[],"yoast_head":"<!-- This site is optimized with the Yoast SEO plugin v28.2 - https:\/\/yoast.com\/product\/yoast-seo-wordpress\/ -->\n<title>GUANYADOR DEL CONCURS PER AL CARTELL DEL 25N - Sant Joan d&#039;Alacant<\/title>\n<meta name=\"robots\" content=\"index, follow, max-snippet:-1, max-image-preview:large, max-video-preview:-1\" \/>\n<link rel=\"canonical\" href=\"https:\/\/www.santjoandalacant.es\/ca\/guanyador-del-concurs-per-al-cartell-del-25n\/\" \/>\n<meta property=\"og:locale\" content=\"en_US\" \/>\n<meta property=\"og:type\" content=\"article\" \/>\n<meta property=\"og:title\" content=\"GUANYADOR DEL CONCURS PER AL CARTELL DEL 25N - Sant Joan d&#039;Alacant\" \/>\n<meta property=\"og:description\" content=\"Reunit el jurat que s&#039;encarregava de dir qui seria el guanyador del concurs de disseny gr\u00e0fic que convoca l&#039;Ajuntament de Sant Joan d&#039;Alacant per a triar el cartell commemoratiu del 25 de novembre, Dia Internacional Contra la Viol\u00e8ncia de G\u00e8nere, es va fallar que el guanyador d&#039;aquest certamen anara Sergio Sola \u00ed\u00f1igo, autor de l&#039;obra que porta per t\u00edtol &#039;No sigues la seua marioneta&#039;.\" \/>\n<meta property=\"og:url\" content=\"https:\/\/www.santjoandalacant.es\/ca\/guanyador-del-concurs-per-al-cartell-del-25n\/\" \/>\n<meta property=\"og:site_name\" content=\"Sant Joan d&#039;Alacant\" \/>\n<meta property=\"article:publisher\" content=\"https:\/\/www.facebook.com\/santjoandalacant\/\" \/>\n<meta property=\"article:published_time\" content=\"2014-11-04T12:27:33+00:00\" \/>\n<meta property=\"og:image\" content=\"https:\/\/www.santjoandalacant.es\/wp-content\/uploads\/2017\/06\/GANADOR_CARTEL_25N.jpg\" \/>\n\t<meta property=\"og:image:width\" content=\"526\" \/>\n\t<meta property=\"og:image:height\" content=\"397\" \/>\n\t<meta property=\"og:image:type\" content=\"image\/jpeg\" \/>\n<meta name=\"author\" content=\"6tems\" \/>\n<meta name=\"twitter:card\" content=\"summary_large_image\" \/>\n<meta name=\"twitter:label1\" content=\"Written by\" \/>\n\t<meta name=\"twitter:data1\" content=\"6tems\" \/>\n\t<meta name=\"twitter:label2\" content=\"Est. reading time\" \/>\n\t<meta name=\"twitter:data2\" content=\"1 minute\" \/>\n<script type=\"application\/ld+json\" class=\"yoast-schema-graph\">{\"@context\":\"https:\\\/\\\/schema.org\",\"@graph\":[{\"@type\":\"Article\",\"@id\":\"https:\\\/\\\/www.santjoandalacant.es\\\/ca\\\/guanyador-del-concurs-per-al-cartell-del-25n\\\/#article\",\"isPartOf\":{\"@id\":\"https:\\\/\\\/www.santjoandalacant.es\\\/ca\\\/guanyador-del-concurs-per-al-cartell-del-25n\\\/\"},\"author\":{\"name\":\"6tems\",\"@id\":\"https:\\\/\\\/www.santjoandalacant.es\\\/ca\\\/#\\\/schema\\\/person\\\/74b89bc7b26e6edafb76cd69420cd790\"},\"headline\":\"GUANYADOR DEL CONCURS PER AL CARTELL DEL 25N\",\"datePublished\":\"2014-11-04T12:27:33+00:00\",\"mainEntityOfPage\":{\"@id\":\"https:\\\/\\\/www.santjoandalacant.es\\\/ca\\\/guanyador-del-concurs-per-al-cartell-del-25n\\\/\"},\"wordCount\":233,\"commentCount\":0,\"publisher\":{\"@id\":\"https:\\\/\\\/www.santjoandalacant.es\\\/ca\\\/#organization\"},\"image\":{\"@id\":\"https:\\\/\\\/www.santjoandalacant.es\\\/ca\\\/guanyador-del-concurs-per-al-cartell-del-25n\\\/#primaryimage\"},\"thumbnailUrl\":\"https:\\\/\\\/www.santjoandalacant.es\\\/wp-content\\\/uploads\\\/2017\\\/06\\\/GANADOR_CARTEL_25N.jpg\",\"articleSection\":[\"Sin categorizar\"],\"inLanguage\":\"va\",\"potentialAction\":[{\"@type\":\"CommentAction\",\"name\":\"Comment\",\"target\":[\"https:\\\/\\\/www.santjoandalacant.es\\\/ca\\\/guanyador-del-concurs-per-al-cartell-del-25n\\\/#respond\"]}]},{\"@type\":\"WebPage\",\"@id\":\"https:\\\/\\\/www.santjoandalacant.es\\\/ca\\\/guanyador-del-concurs-per-al-cartell-del-25n\\\/\",\"url\":\"https:\\\/\\\/www.santjoandalacant.es\\\/ca\\\/guanyador-del-concurs-per-al-cartell-del-25n\\\/\",\"name\":\"GUANYADOR DEL CONCURS PER AL CARTELL DEL 25N - Sant Joan d&#039;Alacant\",\"isPartOf\":{\"@id\":\"https:\\\/\\\/www.santjoandalacant.es\\\/ca\\\/#website\"},\"primaryImageOfPage\":{\"@id\":\"https:\\\/\\\/www.santjoandalacant.es\\\/ca\\\/guanyador-del-concurs-per-al-cartell-del-25n\\\/#primaryimage\"},\"image\":{\"@id\":\"https:\\\/\\\/www.santjoandalacant.es\\\/ca\\\/guanyador-del-concurs-per-al-cartell-del-25n\\\/#primaryimage\"},\"thumbnailUrl\":\"https:\\\/\\\/www.santjoandalacant.es\\\/wp-content\\\/uploads\\\/2017\\\/06\\\/GANADOR_CARTEL_25N.jpg\",\"datePublished\":\"2014-11-04T12:27:33+00:00\",\"breadcrumb\":{\"@id\":\"https:\\\/\\\/www.santjoandalacant.es\\\/ca\\\/guanyador-del-concurs-per-al-cartell-del-25n\\\/#breadcrumb\"},\"inLanguage\":\"va\",\"potentialAction\":[{\"@type\":\"ReadAction\",\"target\":[\"https:\\\/\\\/www.santjoandalacant.es\\\/ca\\\/guanyador-del-concurs-per-al-cartell-del-25n\\\/\"]}]},{\"@type\":\"ImageObject\",\"inLanguage\":\"va\",\"@id\":\"https:\\\/\\\/www.santjoandalacant.es\\\/ca\\\/guanyador-del-concurs-per-al-cartell-del-25n\\\/#primaryimage\",\"url\":\"https:\\\/\\\/www.santjoandalacant.es\\\/wp-content\\\/uploads\\\/2017\\\/06\\\/GANADOR_CARTEL_25N.jpg\",\"contentUrl\":\"https:\\\/\\\/www.santjoandalacant.es\\\/wp-content\\\/uploads\\\/2017\\\/06\\\/GANADOR_CARTEL_25N.jpg\",\"width\":526,\"height\":397},{\"@type\":\"BreadcrumbList\",\"@id\":\"https:\\\/\\\/www.santjoandalacant.es\\\/ca\\\/guanyador-del-concurs-per-al-cartell-del-25n\\\/#breadcrumb\",\"itemListElement\":[{\"@type\":\"ListItem\",\"position\":1,\"name\":\"Inicio\",\"item\":\"https:\\\/\\\/www.santjoandalacant.es\\\/ca\\\/\"},{\"@type\":\"ListItem\",\"position\":2,\"name\":\"GUANYADOR DEL CONCURS PER AL CARTELL DEL 25N\"}]},{\"@type\":\"WebSite\",\"@id\":\"https:\\\/\\\/www.santjoandalacant.es\\\/ca\\\/#website\",\"url\":\"https:\\\/\\\/www.santjoandalacant.es\\\/ca\\\/\",\"name\":\"Sant Joan d'Alacant\",\"description\":\"\",\"publisher\":{\"@id\":\"https:\\\/\\\/www.santjoandalacant.es\\\/ca\\\/#organization\"},\"potentialAction\":[{\"@type\":\"SearchAction\",\"target\":{\"@type\":\"EntryPoint\",\"urlTemplate\":\"https:\\\/\\\/www.santjoandalacant.es\\\/ca\\\/?s={search_term_string}\"},\"query-input\":{\"@type\":\"PropertyValueSpecification\",\"valueRequired\":true,\"valueName\":\"search_term_string\"}}],\"inLanguage\":\"va\"},{\"@type\":\"Organization\",\"@id\":\"https:\\\/\\\/www.santjoandalacant.es\\\/ca\\\/#organization\",\"name\":\"Sant Joan d'Alacant\",\"url\":\"https:\\\/\\\/www.santjoandalacant.es\\\/ca\\\/\",\"logo\":{\"@type\":\"ImageObject\",\"inLanguage\":\"va\",\"@id\":\"https:\\\/\\\/www.santjoandalacant.es\\\/ca\\\/#\\\/schema\\\/logo\\\/image\\\/\",\"url\":\"https:\\\/\\\/www.santjoandalacant.es\\\/wp-content\\\/uploads\\\/2023\\\/08\\\/logoSJ.png\",\"contentUrl\":\"https:\\\/\\\/www.santjoandalacant.es\\\/wp-content\\\/uploads\\\/2023\\\/08\\\/logoSJ.png\",\"width\":198,\"height\":253,\"caption\":\"Sant Joan d'Alacant\"},\"image\":{\"@id\":\"https:\\\/\\\/www.santjoandalacant.es\\\/ca\\\/#\\\/schema\\\/logo\\\/image\\\/\"},\"sameAs\":[\"https:\\\/\\\/www.facebook.com\\\/santjoandalacant\\\/\",\"https:\\\/\\\/www.instagram.com\\\/santjoandalacant\\\/\",\"https:\\\/\\\/www.youtube.com\\\/user\\\/santjoandalacant\"]},{\"@type\":\"Person\",\"@id\":\"https:\\\/\\\/www.santjoandalacant.es\\\/ca\\\/#\\\/schema\\\/person\\\/74b89bc7b26e6edafb76cd69420cd790\",\"name\":\"6tems\",\"image\":{\"@type\":\"ImageObject\",\"inLanguage\":\"va\",\"@id\":\"https:\\\/\\\/secure.gravatar.com\\\/avatar\\\/1c939d9bf86da56568327e5d52b159d089efba17cde140c49884e3fe77ef9c66?s=96&d=mm&r=g\",\"url\":\"https:\\\/\\\/secure.gravatar.com\\\/avatar\\\/1c939d9bf86da56568327e5d52b159d089efba17cde140c49884e3fe77ef9c66?s=96&d=mm&r=g\",\"contentUrl\":\"https:\\\/\\\/secure.gravatar.com\\\/avatar\\\/1c939d9bf86da56568327e5d52b159d089efba17cde140c49884e3fe77ef9c66?s=96&d=mm&r=g\",\"caption\":\"6tems\"},\"sameAs\":[\"https:\\\/\\\/www.santjoandalacant.es\"],\"url\":\"https:\\\/\\\/www.santjoandalacant.es\\\/ca\\\/author\\\/adminasap\\\/\"}]}<\/script>\n<!-- \/ Yoast SEO plugin. -->","yoast_head_json":{"title":"GUANYADOR DEL CONCURS PER AL CARTELL DEL 25N - Sant Joan d&#039;Alacant","robots":{"index":"index","follow":"follow","max-snippet":"max-snippet:-1","max-image-preview":"max-image-preview:large","max-video-preview":"max-video-preview:-1"},"canonical":"https:\/\/www.santjoandalacant.es\/ca\/guanyador-del-concurs-per-al-cartell-del-25n\/","og_locale":"en_US","og_type":"article","og_title":"GUANYADOR DEL CONCURS PER AL CARTELL DEL 25N - Sant Joan d&#039;Alacant","og_description":"Reunit el jurat que s'encarregava de dir qui seria el guanyador del concurs de disseny gr\u00e0fic que convoca l'Ajuntament de Sant Joan d'Alacant per a triar el cartell commemoratiu del 25 de novembre, Dia Internacional Contra la Viol\u00e8ncia de G\u00e8nere, es va fallar que el guanyador d'aquest certamen anara Sergio Sola \u00ed\u00f1igo, autor de l'obra que porta per t\u00edtol 'No sigues la seua marioneta'.","og_url":"https:\/\/www.santjoandalacant.es\/ca\/guanyador-del-concurs-per-al-cartell-del-25n\/","og_site_name":"Sant Joan d&#039;Alacant","article_publisher":"https:\/\/www.facebook.com\/santjoandalacant\/","article_published_time":"2014-11-04T12:27:33+00:00","og_image":[{"width":526,"height":397,"url":"https:\/\/www.santjoandalacant.es\/wp-content\/uploads\/2017\/06\/GANADOR_CARTEL_25N.jpg","type":"image\/jpeg"}],"author":"6tems","twitter_card":"summary_large_image","twitter_misc":{"Written by":"6tems","Est. reading time":"1 minute"},"schema":{"@context":"https:\/\/schema.org","@graph":[{"@type":"Article","@id":"https:\/\/www.santjoandalacant.es\/ca\/guanyador-del-concurs-per-al-cartell-del-25n\/#article","isPartOf":{"@id":"https:\/\/www.santjoandalacant.es\/ca\/guanyador-del-concurs-per-al-cartell-del-25n\/"},"author":{"name":"6tems","@id":"https:\/\/www.santjoandalacant.es\/ca\/#\/schema\/person\/74b89bc7b26e6edafb76cd69420cd790"},"headline":"GUANYADOR DEL CONCURS PER AL CARTELL DEL 25N","datePublished":"2014-11-04T12:27:33+00:00","mainEntityOfPage":{"@id":"https:\/\/www.santjoandalacant.es\/ca\/guanyador-del-concurs-per-al-cartell-del-25n\/"},"wordCount":233,"commentCount":0,"publisher":{"@id":"https:\/\/www.santjoandalacant.es\/ca\/#organization"},"image":{"@id":"https:\/\/www.santjoandalacant.es\/ca\/guanyador-del-concurs-per-al-cartell-del-25n\/#primaryimage"},"thumbnailUrl":"https:\/\/www.santjoandalacant.es\/wp-content\/uploads\/2017\/06\/GANADOR_CARTEL_25N.jpg","articleSection":["Sin categorizar"],"inLanguage":"va","potentialAction":[{"@type":"CommentAction","name":"Comment","target":["https:\/\/www.santjoandalacant.es\/ca\/guanyador-del-concurs-per-al-cartell-del-25n\/#respond"]}]},{"@type":"WebPage","@id":"https:\/\/www.santjoandalacant.es\/ca\/guanyador-del-concurs-per-al-cartell-del-25n\/","url":"https:\/\/www.santjoandalacant.es\/ca\/guanyador-del-concurs-per-al-cartell-del-25n\/","name":"GUANYADOR DEL CONCURS PER AL CARTELL DEL 25N - Sant Joan d&#039;Alacant","isPartOf":{"@id":"https:\/\/www.santjoandalacant.es\/ca\/#website"},"primaryImageOfPage":{"@id":"https:\/\/www.santjoandalacant.es\/ca\/guanyador-del-concurs-per-al-cartell-del-25n\/#primaryimage"},"image":{"@id":"https:\/\/www.santjoandalacant.es\/ca\/guanyador-del-concurs-per-al-cartell-del-25n\/#primaryimage"},"thumbnailUrl":"https:\/\/www.santjoandalacant.es\/wp-content\/uploads\/2017\/06\/GANADOR_CARTEL_25N.jpg","datePublished":"2014-11-04T12:27:33+00:00","breadcrumb":{"@id":"https:\/\/www.santjoandalacant.es\/ca\/guanyador-del-concurs-per-al-cartell-del-25n\/#breadcrumb"},"inLanguage":"va","potentialAction":[{"@type":"ReadAction","target":["https:\/\/www.santjoandalacant.es\/ca\/guanyador-del-concurs-per-al-cartell-del-25n\/"]}]},{"@type":"ImageObject","inLanguage":"va","@id":"https:\/\/www.santjoandalacant.es\/ca\/guanyador-del-concurs-per-al-cartell-del-25n\/#primaryimage","url":"https:\/\/www.santjoandalacant.es\/wp-content\/uploads\/2017\/06\/GANADOR_CARTEL_25N.jpg","contentUrl":"https:\/\/www.santjoandalacant.es\/wp-content\/uploads\/2017\/06\/GANADOR_CARTEL_25N.jpg","width":526,"height":397},{"@type":"BreadcrumbList","@id":"https:\/\/www.santjoandalacant.es\/ca\/guanyador-del-concurs-per-al-cartell-del-25n\/#breadcrumb","itemListElement":[{"@type":"ListItem","position":1,"name":"Inicio","item":"https:\/\/www.santjoandalacant.es\/ca\/"},{"@type":"ListItem","position":2,"name":"GUANYADOR DEL CONCURS PER AL CARTELL DEL 25N"}]},{"@type":"WebSite","@id":"https:\/\/www.santjoandalacant.es\/ca\/#website","url":"https:\/\/www.santjoandalacant.es\/ca\/","name":"Sant Joan d'Alacant","description":"","publisher":{"@id":"https:\/\/www.santjoandalacant.es\/ca\/#organization"},"potentialAction":[{"@type":"SearchAction","target":{"@type":"EntryPoint","urlTemplate":"https:\/\/www.santjoandalacant.es\/ca\/?s={search_term_string}"},"query-input":{"@type":"PropertyValueSpecification","valueRequired":true,"valueName":"search_term_string"}}],"inLanguage":"va"},{"@type":"Organization","@id":"https:\/\/www.santjoandalacant.es\/ca\/#organization","name":"Sant Joan d'Alacant","url":"https:\/\/www.santjoandalacant.es\/ca\/","logo":{"@type":"ImageObject","inLanguage":"va","@id":"https:\/\/www.santjoandalacant.es\/ca\/#\/schema\/logo\/image\/","url":"https:\/\/www.santjoandalacant.es\/wp-content\/uploads\/2023\/08\/logoSJ.png","contentUrl":"https:\/\/www.santjoandalacant.es\/wp-content\/uploads\/2023\/08\/logoSJ.png","width":198,"height":253,"caption":"Sant Joan d'Alacant"},"image":{"@id":"https:\/\/www.santjoandalacant.es\/ca\/#\/schema\/logo\/image\/"},"sameAs":["https:\/\/www.facebook.com\/santjoandalacant\/","https:\/\/www.instagram.com\/santjoandalacant\/","https:\/\/www.youtube.com\/user\/santjoandalacant"]},{"@type":"Person","@id":"https:\/\/www.santjoandalacant.es\/ca\/#\/schema\/person\/74b89bc7b26e6edafb76cd69420cd790","name":"6tems","image":{"@type":"ImageObject","inLanguage":"va","@id":"https:\/\/secure.gravatar.com\/avatar\/1c939d9bf86da56568327e5d52b159d089efba17cde140c49884e3fe77ef9c66?s=96&d=mm&r=g","url":"https:\/\/secure.gravatar.com\/avatar\/1c939d9bf86da56568327e5d52b159d089efba17cde140c49884e3fe77ef9c66?s=96&d=mm&r=g","contentUrl":"https:\/\/secure.gravatar.com\/avatar\/1c939d9bf86da56568327e5d52b159d089efba17cde140c49884e3fe77ef9c66?s=96&d=mm&r=g","caption":"6tems"},"sameAs":["https:\/\/www.santjoandalacant.es"],"url":"https:\/\/www.santjoandalacant.es\/ca\/author\/adminasap\/"}]}},"_links":{"self":[{"href":"https:\/\/www.santjoandalacant.es\/ca\/wp-json\/wp\/v2\/posts\/77265","targetHints":{"allow":["GET"]}}],"collection":[{"href":"https:\/\/www.santjoandalacant.es\/ca\/wp-json\/wp\/v2\/posts"}],"about":[{"href":"https:\/\/www.santjoandalacant.es\/ca\/wp-json\/wp\/v2\/types\/post"}],"author":[{"embeddable":true,"href":"https:\/\/www.santjoandalacant.es\/ca\/wp-json\/wp\/v2\/users\/1"}],"replies":[{"embeddable":true,"href":"https:\/\/www.santjoandalacant.es\/ca\/wp-json\/wp\/v2\/comments?post=77265"}],"version-history":[{"count":0,"href":"https:\/\/www.santjoandalacant.es\/ca\/wp-json\/wp\/v2\/posts\/77265\/revisions"}],"wp:featuredmedia":[{"embeddable":true,"href":"https:\/\/www.santjoandalacant.es\/ca\/wp-json\/wp\/v2\/media\/31291"}],"wp:attachment":[{"href":"https:\/\/www.santjoandalacant.es\/ca\/wp-json\/wp\/v2\/media?parent=77265"}],"wp:term":[{"taxonomy":"category","embeddable":true,"href":"https:\/\/www.santjoandalacant.es\/ca\/wp-json\/wp\/v2\/categories?post=77265"},{"taxonomy":"post_tag","embeddable":true,"href":"https:\/\/www.santjoandalacant.es\/ca\/wp-json\/wp\/v2\/tags?post=77265"},{"taxonomy":"areas","embeddable":true,"href":"https:\/\/www.santjoandalacant.es\/ca\/wp-json\/wp\/v2\/areas?post=77265"}],"curies":[{"name":"wp","href":"https:\/\/api.w.org\/{rel}","templated":true}]}}