{"id":77298,"date":"2014-10-20T06:08:00","date_gmt":"2014-10-20T06:08:00","guid":{"rendered":"https:\/\/santjoan.developersasapglobalsolution.com\/contra-el-cancer\/"},"modified":"2014-10-20T06:08:00","modified_gmt":"2014-10-20T06:08:00","slug":"contra-el-cancer","status":"publish","type":"post","link":"https:\/\/www.santjoandalacant.es\/ca\/contra-el-cancer\/","title":{"rendered":"CONTRA EL C\u00c0NCER"},"content":{"rendered":"<p>\nEls carrers de Sant Joan d&#8217;Alacant es cobriran de color rosa aquest cap de setmana ja que l&#8217;Associaci\u00f3 Espanyola Contra el C\u00e0ncer (AECC) organitza aquest diumenge, 19 d&#8217;octubre, una nova edici\u00f3 de la Marxa Rosa contra el c\u00e0ncer de mama. Un dia abans, el dissabte 18 d&#8217;octubre, se celebrar\u00e0 la tradicional gala especial per a recaptar fons, en l&#8217;Auditori Antonio Gil de la Casa de Cultura a partir de les 20 hores.\n<\/p>\n<p>\nS\u00f3n les principals activitats d&#8217;aquesta associaci\u00f3 que treballa d&#8217;aquesta manera amb la finalitat de mobilitzar a la poblaci\u00f3 i conscienciar-la sobre la necessitat de seguir estudiant per a combatre aquesta malaltia, al mateix temps que animen a la gent a prevenir per a detectar a temps, alguna cosa decisiu en els tractaments. Aix\u00ed les coses, el dissabte a la nit es dur\u00e0 a terme una gala molt especial on es comptar\u00e0 amb una actuaci\u00f3 del ballet Narac\u00e9, aix\u00ed com una actuaci\u00f3 musical a c\u00e0rrec del grup Fusi\u00f3 7.\n<\/p>\n<p>\nJa el diumenge ser\u00e0 el moment d&#8217;unir-se a la II Marxa Rosa contra el c\u00e0ncer de mama que partir\u00e0 des de la Pla\u00e7a Constituci\u00f3 fins a la pla\u00e7a d&#8217;Espanya, vestits de rosa o amb algun complement d&#8217;aquest color, ja que es tracta del color amb el qual es representa la lluita contra aquesta malaltia. L&#8217;activitat donar\u00e0 comen\u00e7ament a partir de les 11 hores i en finalitzar es dur\u00e0 a terme una exhibici\u00f3 de zumba de la m\u00e0 de Raquel Fern\u00e1ndez, Loli Mas i Vanessa Miccic.\n<\/p>\n<p>\u00a0<\/p>\n","protected":false},"excerpt":{"rendered":"<p>\nEls carrers de Sant Joan d&#8217;Alacant es cobriran de color rosa aquest cap de setmana ja que l&#8217;Associaci\u00f3 Espanyola Contra el C\u00e0ncer (AECC) organitza aquest diumenge, 19 d&#8217;octubre, una nova edici\u00f3 de la Marxa Rosa contra el c\u00e0ncer de mama. Un dia abans, el dissabte 18 d&#8217;octubre, se celebrar\u00e0 la tradicional gala especial per a recaptar fons, en l&#8217;Auditori Antonio Gil de la Casa de Cultura a partir de les 20 hores.<\/p>\n","protected":false},"author":1,"featured_media":31419,"comment_status":"open","ping_status":"open","sticky":false,"template":"","format":"standard","meta":{"_acf_changed":false,"rs_blank_template":"","rs_page_bg_color":"","slide_template_v7":"","footnotes":""},"categories":[1],"tags":[],"areas":[509],"class_list":["post-77298","post","type-post","status-publish","format-standard","has-post-thumbnail","hentry","category-sin-categorizar","areas-asociaciones"],"acf":[],"yoast_head":"<!-- This site is optimized with the Yoast SEO plugin v28.2 - https:\/\/yoast.com\/product\/yoast-seo-wordpress\/ -->\n<title>CONTRA EL C\u00c0NCER - Sant Joan d&#039;Alacant<\/title>\n<meta name=\"robots\" content=\"index, follow, max-snippet:-1, max-image-preview:large, max-video-preview:-1\" \/>\n<link rel=\"canonical\" href=\"https:\/\/www.santjoandalacant.es\/ca\/contra-el-cancer\/\" \/>\n<meta property=\"og:locale\" content=\"en_US\" \/>\n<meta property=\"og:type\" content=\"article\" \/>\n<meta property=\"og:title\" content=\"CONTRA EL C\u00c0NCER - Sant Joan d&#039;Alacant\" \/>\n<meta property=\"og:description\" content=\"Els carrers de Sant Joan d&#039;Alacant es cobriran de color rosa aquest cap de setmana ja que l&#039;Associaci\u00f3 Espanyola Contra el C\u00e0ncer (AECC) organitza aquest diumenge, 19 d&#039;octubre, una nova edici\u00f3 de la Marxa Rosa contra el c\u00e0ncer de mama. Un dia abans, el dissabte 18 d&#039;octubre, se celebrar\u00e0 la tradicional gala especial per a recaptar fons, en l&#039;Auditori Antonio Gil de la Casa de Cultura a partir de les 20 hores.\" \/>\n<meta property=\"og:url\" content=\"https:\/\/www.santjoandalacant.es\/ca\/contra-el-cancer\/\" \/>\n<meta property=\"og:site_name\" content=\"Sant Joan d&#039;Alacant\" \/>\n<meta property=\"article:publisher\" content=\"https:\/\/www.facebook.com\/santjoandalacant\/\" \/>\n<meta property=\"article:published_time\" content=\"2014-10-20T06:08:00+00:00\" \/>\n<meta property=\"og:image\" content=\"https:\/\/www.santjoandalacant.es\/wp-content\/uploads\/2017\/06\/CARTEL_II_MARCHA_ROSA.jpg\" \/>\n\t<meta property=\"og:image:width\" content=\"66\" \/>\n\t<meta property=\"og:image:height\" content=\"66\" \/>\n\t<meta property=\"og:image:type\" content=\"image\/jpeg\" \/>\n<meta name=\"author\" content=\"6tems\" \/>\n<meta name=\"twitter:card\" content=\"summary_large_image\" \/>\n<meta name=\"twitter:label1\" content=\"Written by\" \/>\n\t<meta name=\"twitter:data1\" content=\"6tems\" \/>\n\t<meta name=\"twitter:label2\" content=\"Est. reading time\" \/>\n\t<meta name=\"twitter:data2\" content=\"1 minute\" \/>\n<script type=\"application\/ld+json\" class=\"yoast-schema-graph\">{\"@context\":\"https:\\\/\\\/schema.org\",\"@graph\":[{\"@type\":\"Article\",\"@id\":\"https:\\\/\\\/www.santjoandalacant.es\\\/ca\\\/contra-el-cancer\\\/#article\",\"isPartOf\":{\"@id\":\"https:\\\/\\\/www.santjoandalacant.es\\\/ca\\\/contra-el-cancer\\\/\"},\"author\":{\"name\":\"6tems\",\"@id\":\"https:\\\/\\\/www.santjoandalacant.es\\\/ca\\\/#\\\/schema\\\/person\\\/74b89bc7b26e6edafb76cd69420cd790\"},\"headline\":\"CONTRA EL C\u00c0NCER\",\"datePublished\":\"2014-10-20T06:08:00+00:00\",\"mainEntityOfPage\":{\"@id\":\"https:\\\/\\\/www.santjoandalacant.es\\\/ca\\\/contra-el-cancer\\\/\"},\"wordCount\":264,\"commentCount\":0,\"publisher\":{\"@id\":\"https:\\\/\\\/www.santjoandalacant.es\\\/ca\\\/#organization\"},\"image\":{\"@id\":\"https:\\\/\\\/www.santjoandalacant.es\\\/ca\\\/contra-el-cancer\\\/#primaryimage\"},\"thumbnailUrl\":\"https:\\\/\\\/www.santjoandalacant.es\\\/wp-content\\\/uploads\\\/2017\\\/06\\\/CARTEL_II_MARCHA_ROSA.jpg\",\"articleSection\":[\"Sin categorizar\"],\"inLanguage\":\"va\",\"potentialAction\":[{\"@type\":\"CommentAction\",\"name\":\"Comment\",\"target\":[\"https:\\\/\\\/www.santjoandalacant.es\\\/ca\\\/contra-el-cancer\\\/#respond\"]}]},{\"@type\":\"WebPage\",\"@id\":\"https:\\\/\\\/www.santjoandalacant.es\\\/ca\\\/contra-el-cancer\\\/\",\"url\":\"https:\\\/\\\/www.santjoandalacant.es\\\/ca\\\/contra-el-cancer\\\/\",\"name\":\"CONTRA EL C\u00c0NCER - Sant Joan d&#039;Alacant\",\"isPartOf\":{\"@id\":\"https:\\\/\\\/www.santjoandalacant.es\\\/ca\\\/#website\"},\"primaryImageOfPage\":{\"@id\":\"https:\\\/\\\/www.santjoandalacant.es\\\/ca\\\/contra-el-cancer\\\/#primaryimage\"},\"image\":{\"@id\":\"https:\\\/\\\/www.santjoandalacant.es\\\/ca\\\/contra-el-cancer\\\/#primaryimage\"},\"thumbnailUrl\":\"https:\\\/\\\/www.santjoandalacant.es\\\/wp-content\\\/uploads\\\/2017\\\/06\\\/CARTEL_II_MARCHA_ROSA.jpg\",\"datePublished\":\"2014-10-20T06:08:00+00:00\",\"breadcrumb\":{\"@id\":\"https:\\\/\\\/www.santjoandalacant.es\\\/ca\\\/contra-el-cancer\\\/#breadcrumb\"},\"inLanguage\":\"va\",\"potentialAction\":[{\"@type\":\"ReadAction\",\"target\":[\"https:\\\/\\\/www.santjoandalacant.es\\\/ca\\\/contra-el-cancer\\\/\"]}]},{\"@type\":\"ImageObject\",\"inLanguage\":\"va\",\"@id\":\"https:\\\/\\\/www.santjoandalacant.es\\\/ca\\\/contra-el-cancer\\\/#primaryimage\",\"url\":\"https:\\\/\\\/www.santjoandalacant.es\\\/wp-content\\\/uploads\\\/2017\\\/06\\\/CARTEL_II_MARCHA_ROSA.jpg\",\"contentUrl\":\"https:\\\/\\\/www.santjoandalacant.es\\\/wp-content\\\/uploads\\\/2017\\\/06\\\/CARTEL_II_MARCHA_ROSA.jpg\",\"width\":66,\"height\":66},{\"@type\":\"BreadcrumbList\",\"@id\":\"https:\\\/\\\/www.santjoandalacant.es\\\/ca\\\/contra-el-cancer\\\/#breadcrumb\",\"itemListElement\":[{\"@type\":\"ListItem\",\"position\":1,\"name\":\"Inicio\",\"item\":\"https:\\\/\\\/www.santjoandalacant.es\\\/ca\\\/\"},{\"@type\":\"ListItem\",\"position\":2,\"name\":\"CONTRA EL C\u00c0NCER\"}]},{\"@type\":\"WebSite\",\"@id\":\"https:\\\/\\\/www.santjoandalacant.es\\\/ca\\\/#website\",\"url\":\"https:\\\/\\\/www.santjoandalacant.es\\\/ca\\\/\",\"name\":\"Sant Joan d'Alacant\",\"description\":\"\",\"publisher\":{\"@id\":\"https:\\\/\\\/www.santjoandalacant.es\\\/ca\\\/#organization\"},\"potentialAction\":[{\"@type\":\"SearchAction\",\"target\":{\"@type\":\"EntryPoint\",\"urlTemplate\":\"https:\\\/\\\/www.santjoandalacant.es\\\/ca\\\/?s={search_term_string}\"},\"query-input\":{\"@type\":\"PropertyValueSpecification\",\"valueRequired\":true,\"valueName\":\"search_term_string\"}}],\"inLanguage\":\"va\"},{\"@type\":\"Organization\",\"@id\":\"https:\\\/\\\/www.santjoandalacant.es\\\/ca\\\/#organization\",\"name\":\"Sant Joan d'Alacant\",\"url\":\"https:\\\/\\\/www.santjoandalacant.es\\\/ca\\\/\",\"logo\":{\"@type\":\"ImageObject\",\"inLanguage\":\"va\",\"@id\":\"https:\\\/\\\/www.santjoandalacant.es\\\/ca\\\/#\\\/schema\\\/logo\\\/image\\\/\",\"url\":\"https:\\\/\\\/www.santjoandalacant.es\\\/wp-content\\\/uploads\\\/2023\\\/08\\\/logoSJ.png\",\"contentUrl\":\"https:\\\/\\\/www.santjoandalacant.es\\\/wp-content\\\/uploads\\\/2023\\\/08\\\/logoSJ.png\",\"width\":198,\"height\":253,\"caption\":\"Sant Joan d'Alacant\"},\"image\":{\"@id\":\"https:\\\/\\\/www.santjoandalacant.es\\\/ca\\\/#\\\/schema\\\/logo\\\/image\\\/\"},\"sameAs\":[\"https:\\\/\\\/www.facebook.com\\\/santjoandalacant\\\/\",\"https:\\\/\\\/www.instagram.com\\\/santjoandalacant\\\/\",\"https:\\\/\\\/www.youtube.com\\\/user\\\/santjoandalacant\"]},{\"@type\":\"Person\",\"@id\":\"https:\\\/\\\/www.santjoandalacant.es\\\/ca\\\/#\\\/schema\\\/person\\\/74b89bc7b26e6edafb76cd69420cd790\",\"name\":\"6tems\",\"image\":{\"@type\":\"ImageObject\",\"inLanguage\":\"va\",\"@id\":\"https:\\\/\\\/secure.gravatar.com\\\/avatar\\\/1c939d9bf86da56568327e5d52b159d089efba17cde140c49884e3fe77ef9c66?s=96&d=mm&r=g\",\"url\":\"https:\\\/\\\/secure.gravatar.com\\\/avatar\\\/1c939d9bf86da56568327e5d52b159d089efba17cde140c49884e3fe77ef9c66?s=96&d=mm&r=g\",\"contentUrl\":\"https:\\\/\\\/secure.gravatar.com\\\/avatar\\\/1c939d9bf86da56568327e5d52b159d089efba17cde140c49884e3fe77ef9c66?s=96&d=mm&r=g\",\"caption\":\"6tems\"},\"sameAs\":[\"https:\\\/\\\/www.santjoandalacant.es\"],\"url\":\"https:\\\/\\\/www.santjoandalacant.es\\\/ca\\\/author\\\/adminasap\\\/\"}]}<\/script>\n<!-- \/ Yoast SEO plugin. -->","yoast_head_json":{"title":"CONTRA EL C\u00c0NCER - Sant Joan d&#039;Alacant","robots":{"index":"index","follow":"follow","max-snippet":"max-snippet:-1","max-image-preview":"max-image-preview:large","max-video-preview":"max-video-preview:-1"},"canonical":"https:\/\/www.santjoandalacant.es\/ca\/contra-el-cancer\/","og_locale":"en_US","og_type":"article","og_title":"CONTRA EL C\u00c0NCER - Sant Joan d&#039;Alacant","og_description":"Els carrers de Sant Joan d'Alacant es cobriran de color rosa aquest cap de setmana ja que l'Associaci\u00f3 Espanyola Contra el C\u00e0ncer (AECC) organitza aquest diumenge, 19 d'octubre, una nova edici\u00f3 de la Marxa Rosa contra el c\u00e0ncer de mama. Un dia abans, el dissabte 18 d'octubre, se celebrar\u00e0 la tradicional gala especial per a recaptar fons, en l'Auditori Antonio Gil de la Casa de Cultura a partir de les 20 hores.","og_url":"https:\/\/www.santjoandalacant.es\/ca\/contra-el-cancer\/","og_site_name":"Sant Joan d&#039;Alacant","article_publisher":"https:\/\/www.facebook.com\/santjoandalacant\/","article_published_time":"2014-10-20T06:08:00+00:00","og_image":[{"width":66,"height":66,"url":"https:\/\/www.santjoandalacant.es\/wp-content\/uploads\/2017\/06\/CARTEL_II_MARCHA_ROSA.jpg","type":"image\/jpeg"}],"author":"6tems","twitter_card":"summary_large_image","twitter_misc":{"Written by":"6tems","Est. reading time":"1 minute"},"schema":{"@context":"https:\/\/schema.org","@graph":[{"@type":"Article","@id":"https:\/\/www.santjoandalacant.es\/ca\/contra-el-cancer\/#article","isPartOf":{"@id":"https:\/\/www.santjoandalacant.es\/ca\/contra-el-cancer\/"},"author":{"name":"6tems","@id":"https:\/\/www.santjoandalacant.es\/ca\/#\/schema\/person\/74b89bc7b26e6edafb76cd69420cd790"},"headline":"CONTRA EL C\u00c0NCER","datePublished":"2014-10-20T06:08:00+00:00","mainEntityOfPage":{"@id":"https:\/\/www.santjoandalacant.es\/ca\/contra-el-cancer\/"},"wordCount":264,"commentCount":0,"publisher":{"@id":"https:\/\/www.santjoandalacant.es\/ca\/#organization"},"image":{"@id":"https:\/\/www.santjoandalacant.es\/ca\/contra-el-cancer\/#primaryimage"},"thumbnailUrl":"https:\/\/www.santjoandalacant.es\/wp-content\/uploads\/2017\/06\/CARTEL_II_MARCHA_ROSA.jpg","articleSection":["Sin categorizar"],"inLanguage":"va","potentialAction":[{"@type":"CommentAction","name":"Comment","target":["https:\/\/www.santjoandalacant.es\/ca\/contra-el-cancer\/#respond"]}]},{"@type":"WebPage","@id":"https:\/\/www.santjoandalacant.es\/ca\/contra-el-cancer\/","url":"https:\/\/www.santjoandalacant.es\/ca\/contra-el-cancer\/","name":"CONTRA EL C\u00c0NCER - Sant Joan d&#039;Alacant","isPartOf":{"@id":"https:\/\/www.santjoandalacant.es\/ca\/#website"},"primaryImageOfPage":{"@id":"https:\/\/www.santjoandalacant.es\/ca\/contra-el-cancer\/#primaryimage"},"image":{"@id":"https:\/\/www.santjoandalacant.es\/ca\/contra-el-cancer\/#primaryimage"},"thumbnailUrl":"https:\/\/www.santjoandalacant.es\/wp-content\/uploads\/2017\/06\/CARTEL_II_MARCHA_ROSA.jpg","datePublished":"2014-10-20T06:08:00+00:00","breadcrumb":{"@id":"https:\/\/www.santjoandalacant.es\/ca\/contra-el-cancer\/#breadcrumb"},"inLanguage":"va","potentialAction":[{"@type":"ReadAction","target":["https:\/\/www.santjoandalacant.es\/ca\/contra-el-cancer\/"]}]},{"@type":"ImageObject","inLanguage":"va","@id":"https:\/\/www.santjoandalacant.es\/ca\/contra-el-cancer\/#primaryimage","url":"https:\/\/www.santjoandalacant.es\/wp-content\/uploads\/2017\/06\/CARTEL_II_MARCHA_ROSA.jpg","contentUrl":"https:\/\/www.santjoandalacant.es\/wp-content\/uploads\/2017\/06\/CARTEL_II_MARCHA_ROSA.jpg","width":66,"height":66},{"@type":"BreadcrumbList","@id":"https:\/\/www.santjoandalacant.es\/ca\/contra-el-cancer\/#breadcrumb","itemListElement":[{"@type":"ListItem","position":1,"name":"Inicio","item":"https:\/\/www.santjoandalacant.es\/ca\/"},{"@type":"ListItem","position":2,"name":"CONTRA EL C\u00c0NCER"}]},{"@type":"WebSite","@id":"https:\/\/www.santjoandalacant.es\/ca\/#website","url":"https:\/\/www.santjoandalacant.es\/ca\/","name":"Sant Joan d'Alacant","description":"","publisher":{"@id":"https:\/\/www.santjoandalacant.es\/ca\/#organization"},"potentialAction":[{"@type":"SearchAction","target":{"@type":"EntryPoint","urlTemplate":"https:\/\/www.santjoandalacant.es\/ca\/?s={search_term_string}"},"query-input":{"@type":"PropertyValueSpecification","valueRequired":true,"valueName":"search_term_string"}}],"inLanguage":"va"},{"@type":"Organization","@id":"https:\/\/www.santjoandalacant.es\/ca\/#organization","name":"Sant Joan d'Alacant","url":"https:\/\/www.santjoandalacant.es\/ca\/","logo":{"@type":"ImageObject","inLanguage":"va","@id":"https:\/\/www.santjoandalacant.es\/ca\/#\/schema\/logo\/image\/","url":"https:\/\/www.santjoandalacant.es\/wp-content\/uploads\/2023\/08\/logoSJ.png","contentUrl":"https:\/\/www.santjoandalacant.es\/wp-content\/uploads\/2023\/08\/logoSJ.png","width":198,"height":253,"caption":"Sant Joan d'Alacant"},"image":{"@id":"https:\/\/www.santjoandalacant.es\/ca\/#\/schema\/logo\/image\/"},"sameAs":["https:\/\/www.facebook.com\/santjoandalacant\/","https:\/\/www.instagram.com\/santjoandalacant\/","https:\/\/www.youtube.com\/user\/santjoandalacant"]},{"@type":"Person","@id":"https:\/\/www.santjoandalacant.es\/ca\/#\/schema\/person\/74b89bc7b26e6edafb76cd69420cd790","name":"6tems","image":{"@type":"ImageObject","inLanguage":"va","@id":"https:\/\/secure.gravatar.com\/avatar\/1c939d9bf86da56568327e5d52b159d089efba17cde140c49884e3fe77ef9c66?s=96&d=mm&r=g","url":"https:\/\/secure.gravatar.com\/avatar\/1c939d9bf86da56568327e5d52b159d089efba17cde140c49884e3fe77ef9c66?s=96&d=mm&r=g","contentUrl":"https:\/\/secure.gravatar.com\/avatar\/1c939d9bf86da56568327e5d52b159d089efba17cde140c49884e3fe77ef9c66?s=96&d=mm&r=g","caption":"6tems"},"sameAs":["https:\/\/www.santjoandalacant.es"],"url":"https:\/\/www.santjoandalacant.es\/ca\/author\/adminasap\/"}]}},"_links":{"self":[{"href":"https:\/\/www.santjoandalacant.es\/ca\/wp-json\/wp\/v2\/posts\/77298","targetHints":{"allow":["GET"]}}],"collection":[{"href":"https:\/\/www.santjoandalacant.es\/ca\/wp-json\/wp\/v2\/posts"}],"about":[{"href":"https:\/\/www.santjoandalacant.es\/ca\/wp-json\/wp\/v2\/types\/post"}],"author":[{"embeddable":true,"href":"https:\/\/www.santjoandalacant.es\/ca\/wp-json\/wp\/v2\/users\/1"}],"replies":[{"embeddable":true,"href":"https:\/\/www.santjoandalacant.es\/ca\/wp-json\/wp\/v2\/comments?post=77298"}],"version-history":[{"count":0,"href":"https:\/\/www.santjoandalacant.es\/ca\/wp-json\/wp\/v2\/posts\/77298\/revisions"}],"wp:featuredmedia":[{"embeddable":true,"href":"https:\/\/www.santjoandalacant.es\/ca\/wp-json\/wp\/v2\/media\/31419"}],"wp:attachment":[{"href":"https:\/\/www.santjoandalacant.es\/ca\/wp-json\/wp\/v2\/media?parent=77298"}],"wp:term":[{"taxonomy":"category","embeddable":true,"href":"https:\/\/www.santjoandalacant.es\/ca\/wp-json\/wp\/v2\/categories?post=77298"},{"taxonomy":"post_tag","embeddable":true,"href":"https:\/\/www.santjoandalacant.es\/ca\/wp-json\/wp\/v2\/tags?post=77298"},{"taxonomy":"areas","embeddable":true,"href":"https:\/\/www.santjoandalacant.es\/ca\/wp-json\/wp\/v2\/areas?post=77298"}],"curies":[{"name":"wp","href":"https:\/\/api.w.org\/{rel}","templated":true}]}}