{"id":77417,"date":"2014-08-01T07:01:04","date_gmt":"2014-08-01T07:01:04","guid":{"rendered":"https:\/\/santjoan.developersasapglobalsolution.com\/exposicio-publica-primera-unitat-dexecucio-del-parc-empresarial\/"},"modified":"2014-08-01T07:01:04","modified_gmt":"2014-08-01T07:01:04","slug":"exposicio-publica-primera-unitat-dexecucio-del-parc-empresarial","status":"publish","type":"post","link":"https:\/\/www.santjoandalacant.es\/ca\/exposicio-publica-primera-unitat-dexecucio-del-parc-empresarial\/","title":{"rendered":"EXPOSICI\u00d3 P\u00daBLICA PRIMERA UNITAT D&#8217;EXECUCI\u00d3 DEL PARC EMPRESARIAL"},"content":{"rendered":"<p>\nEl per\u00edode d&#8217;exposici\u00f3 p\u00fablica s&#8217;\u00e0mplia de 20 a 45 dies perqu\u00e8 no coincidisca \u00fanicament amb el mes d&#8217;agost.\n<\/p>\n<p>\nAmb aquesta actuaci\u00f3, l&#8217;Ajuntament de Sant Joan d&#8217;Alacant facilita i agilita els tr\u00e0mits perqu\u00e8 qualsevol empresa interessada puga exercir la seua activitat en el sector des del primer moment i crear aix\u00ed llocs de treball.\n<\/p>\n<p>\nLa primera Unitat d&#8217;Execuci\u00f3, la de major superf\u00edcie de les tres, consta de 311.731 m2, sent la superf\u00edcie tital de les tres Unitats que componen el Parc Empresarial de 655.707 m2.\n<\/p>\n<p>\nEls interessats podran dirigir-se a les Oficines de l&#8217;empresa municipal Persones i Ciutat, S.A.O., situada en el carrer Clara de Campoamor, 5 i en el tel\u00e8fon 965939625.\n<\/p>\n<p>\n<img fetchpriority=\"high\" decoding=\"async\" class=\" size-full wp-image-31925\" src=\"https:\/\/www.santjoandalacant.es\/wp-content\/uploads\/2014\/08\/p__g_23_PAI_PARQUE_EMPRESARIAL_1.jpg\" width=\"500\" height=\"353\" srcset=\"https:\/\/www.santjoandalacant.es\/wp-content\/uploads\/2014\/08\/p__g_23_PAI_PARQUE_EMPRESARIAL_1.jpg 500w, https:\/\/www.santjoandalacant.es\/wp-content\/uploads\/2014\/08\/p__g_23_PAI_PARQUE_EMPRESARIAL_1-300x212.jpg 300w\" sizes=\"(max-width: 500px) 100vw, 500px\" \/>\n<\/p>\n<p>\nPer a accedir a tota la informaci\u00f3, com a documentaci\u00f3 necess\u00e0ria, clic en el seg\u00fcent enlla\u00e7\u00a0 <a href=\"\/es\/node\/11029\"><span style=\"color: #800000\">http:\/\/www.santjoandalacant.es\/es\/node\/11029<\/span><\/a><\/p>\n","protected":false},"excerpt":{"rendered":"<p>\nEl per\u00edode d&#8217;exposici\u00f3 p\u00fablica s&#8217;\u00e0mplia de 20 a 45 dies perqu\u00e8 no coincidisca \u00fanicament amb el mes d&#8217;agost.\n<\/p>\n<p>\nAmb aquesta actuaci\u00f3, l&#8217;Ajuntament de Sant Joan d&#8217;Alacant facilita i agilita els tr\u00e0mits perqu\u00e8 qualsevol empresa interessada puga exercir la seua activitat en el sector des del primer moment i crear aix\u00ed llocs de treball.\n<\/p>\n<p>\nLa primera Unitat d&#8217;Execuci\u00f3, la de major superf\u00edcie de les tres, consta de 311.731 m2, sent la superf\u00edcie tital de les tres Unitats que componen el Parc Empresarial de 655.707 m2.<\/p>\n","protected":false},"author":1,"featured_media":31923,"comment_status":"open","ping_status":"open","sticky":false,"template":"","format":"standard","meta":{"_acf_changed":false,"rs_blank_template":"","rs_page_bg_color":"","slide_template_v7":"","footnotes":""},"categories":[1],"tags":[],"areas":[1018],"class_list":["post-77417","post","type-post","status-publish","format-standard","has-post-thumbnail","hentry","category-sin-categorizar","areas-urbanismo-ca"],"acf":[],"yoast_head":"<!-- This site is optimized with the Yoast SEO plugin v28.2 - https:\/\/yoast.com\/product\/yoast-seo-wordpress\/ -->\n<title>EXPOSICI\u00d3 P\u00daBLICA PRIMERA UNITAT D&#039;EXECUCI\u00d3 DEL PARC EMPRESARIAL - Sant Joan d&#039;Alacant<\/title>\n<meta name=\"robots\" content=\"index, follow, max-snippet:-1, max-image-preview:large, max-video-preview:-1\" \/>\n<link rel=\"canonical\" href=\"https:\/\/www.santjoandalacant.es\/ca\/exposicio-publica-primera-unitat-dexecucio-del-parc-empresarial\/\" \/>\n<meta property=\"og:locale\" content=\"en_US\" \/>\n<meta property=\"og:type\" content=\"article\" \/>\n<meta property=\"og:title\" content=\"EXPOSICI\u00d3 P\u00daBLICA PRIMERA UNITAT D&#039;EXECUCI\u00d3 DEL PARC EMPRESARIAL - Sant Joan d&#039;Alacant\" \/>\n<meta property=\"og:description\" content=\"El per\u00edode d&#039;exposici\u00f3 p\u00fablica s&#039;\u00e0mplia de 20 a 45 dies perqu\u00e8 no coincidisca \u00fanicament amb el mes d&#039;agost.    Amb aquesta actuaci\u00f3, l&#039;Ajuntament de Sant Joan d&#039;Alacant facilita i agilita els tr\u00e0mits perqu\u00e8 qualsevol empresa interessada puga exercir la seua activitat en el sector des del primer moment i crear aix\u00ed llocs de treball.   La primera Unitat d&#039;Execuci\u00f3, la de major superf\u00edcie de les tres, consta de 311.731 m2, sent la superf\u00edcie tital de les tres Unitats que componen el Parc Empresarial de 655.707 m2.\" \/>\n<meta property=\"og:url\" content=\"https:\/\/www.santjoandalacant.es\/ca\/exposicio-publica-primera-unitat-dexecucio-del-parc-empresarial\/\" \/>\n<meta property=\"og:site_name\" content=\"Sant Joan d&#039;Alacant\" \/>\n<meta property=\"article:publisher\" content=\"https:\/\/www.facebook.com\/santjoandalacant\/\" \/>\n<meta property=\"article:published_time\" content=\"2014-08-01T07:01:04+00:00\" \/>\n<meta property=\"og:image\" content=\"https:\/\/www.santjoandalacant.es\/wp-content\/uploads\/2017\/06\/pag_25_PAI_PARQUE_EMPRESARIAL-scaled.jpg\" \/>\n\t<meta property=\"og:image:width\" content=\"2560\" \/>\n\t<meta property=\"og:image:height\" content=\"1810\" \/>\n\t<meta property=\"og:image:type\" content=\"image\/jpeg\" \/>\n<meta name=\"author\" content=\"6tems\" \/>\n<meta name=\"twitter:card\" content=\"summary_large_image\" \/>\n<meta name=\"twitter:label1\" content=\"Written by\" \/>\n\t<meta name=\"twitter:data1\" content=\"6tems\" \/>\n\t<meta name=\"twitter:label2\" content=\"Est. reading time\" \/>\n\t<meta name=\"twitter:data2\" content=\"1 minute\" \/>\n<script type=\"application\/ld+json\" class=\"yoast-schema-graph\">{\"@context\":\"https:\\\/\\\/schema.org\",\"@graph\":[{\"@type\":\"Article\",\"@id\":\"https:\\\/\\\/www.santjoandalacant.es\\\/ca\\\/exposicio-publica-primera-unitat-dexecucio-del-parc-empresarial\\\/#article\",\"isPartOf\":{\"@id\":\"https:\\\/\\\/www.santjoandalacant.es\\\/ca\\\/exposicio-publica-primera-unitat-dexecucio-del-parc-empresarial\\\/\"},\"author\":{\"name\":\"6tems\",\"@id\":\"https:\\\/\\\/www.santjoandalacant.es\\\/ca\\\/#\\\/schema\\\/person\\\/74b89bc7b26e6edafb76cd69420cd790\"},\"headline\":\"EXPOSICI\u00d3 P\u00daBLICA PRIMERA UNITAT D&#8217;EXECUCI\u00d3 DEL PARC EMPRESARIAL\",\"datePublished\":\"2014-08-01T07:01:04+00:00\",\"mainEntityOfPage\":{\"@id\":\"https:\\\/\\\/www.santjoandalacant.es\\\/ca\\\/exposicio-publica-primera-unitat-dexecucio-del-parc-empresarial\\\/\"},\"wordCount\":154,\"commentCount\":0,\"publisher\":{\"@id\":\"https:\\\/\\\/www.santjoandalacant.es\\\/ca\\\/#organization\"},\"image\":{\"@id\":\"https:\\\/\\\/www.santjoandalacant.es\\\/ca\\\/exposicio-publica-primera-unitat-dexecucio-del-parc-empresarial\\\/#primaryimage\"},\"thumbnailUrl\":\"https:\\\/\\\/www.santjoandalacant.es\\\/wp-content\\\/uploads\\\/2017\\\/06\\\/pag_25_PAI_PARQUE_EMPRESARIAL-scaled.jpg\",\"articleSection\":[\"Sin categorizar\"],\"inLanguage\":\"va\",\"potentialAction\":[{\"@type\":\"CommentAction\",\"name\":\"Comment\",\"target\":[\"https:\\\/\\\/www.santjoandalacant.es\\\/ca\\\/exposicio-publica-primera-unitat-dexecucio-del-parc-empresarial\\\/#respond\"]}]},{\"@type\":\"WebPage\",\"@id\":\"https:\\\/\\\/www.santjoandalacant.es\\\/ca\\\/exposicio-publica-primera-unitat-dexecucio-del-parc-empresarial\\\/\",\"url\":\"https:\\\/\\\/www.santjoandalacant.es\\\/ca\\\/exposicio-publica-primera-unitat-dexecucio-del-parc-empresarial\\\/\",\"name\":\"EXPOSICI\u00d3 P\u00daBLICA PRIMERA UNITAT D'EXECUCI\u00d3 DEL PARC EMPRESARIAL - Sant Joan d&#039;Alacant\",\"isPartOf\":{\"@id\":\"https:\\\/\\\/www.santjoandalacant.es\\\/ca\\\/#website\"},\"primaryImageOfPage\":{\"@id\":\"https:\\\/\\\/www.santjoandalacant.es\\\/ca\\\/exposicio-publica-primera-unitat-dexecucio-del-parc-empresarial\\\/#primaryimage\"},\"image\":{\"@id\":\"https:\\\/\\\/www.santjoandalacant.es\\\/ca\\\/exposicio-publica-primera-unitat-dexecucio-del-parc-empresarial\\\/#primaryimage\"},\"thumbnailUrl\":\"https:\\\/\\\/www.santjoandalacant.es\\\/wp-content\\\/uploads\\\/2017\\\/06\\\/pag_25_PAI_PARQUE_EMPRESARIAL-scaled.jpg\",\"datePublished\":\"2014-08-01T07:01:04+00:00\",\"breadcrumb\":{\"@id\":\"https:\\\/\\\/www.santjoandalacant.es\\\/ca\\\/exposicio-publica-primera-unitat-dexecucio-del-parc-empresarial\\\/#breadcrumb\"},\"inLanguage\":\"va\",\"potentialAction\":[{\"@type\":\"ReadAction\",\"target\":[\"https:\\\/\\\/www.santjoandalacant.es\\\/ca\\\/exposicio-publica-primera-unitat-dexecucio-del-parc-empresarial\\\/\"]}]},{\"@type\":\"ImageObject\",\"inLanguage\":\"va\",\"@id\":\"https:\\\/\\\/www.santjoandalacant.es\\\/ca\\\/exposicio-publica-primera-unitat-dexecucio-del-parc-empresarial\\\/#primaryimage\",\"url\":\"https:\\\/\\\/www.santjoandalacant.es\\\/wp-content\\\/uploads\\\/2017\\\/06\\\/pag_25_PAI_PARQUE_EMPRESARIAL-scaled.jpg\",\"contentUrl\":\"https:\\\/\\\/www.santjoandalacant.es\\\/wp-content\\\/uploads\\\/2017\\\/06\\\/pag_25_PAI_PARQUE_EMPRESARIAL-scaled.jpg\",\"width\":2560,\"height\":1810},{\"@type\":\"BreadcrumbList\",\"@id\":\"https:\\\/\\\/www.santjoandalacant.es\\\/ca\\\/exposicio-publica-primera-unitat-dexecucio-del-parc-empresarial\\\/#breadcrumb\",\"itemListElement\":[{\"@type\":\"ListItem\",\"position\":1,\"name\":\"Inicio\",\"item\":\"https:\\\/\\\/www.santjoandalacant.es\\\/ca\\\/\"},{\"@type\":\"ListItem\",\"position\":2,\"name\":\"EXPOSICI\u00d3 P\u00daBLICA PRIMERA UNITAT D&#8217;EXECUCI\u00d3 DEL PARC EMPRESARIAL\"}]},{\"@type\":\"WebSite\",\"@id\":\"https:\\\/\\\/www.santjoandalacant.es\\\/ca\\\/#website\",\"url\":\"https:\\\/\\\/www.santjoandalacant.es\\\/ca\\\/\",\"name\":\"Sant Joan d'Alacant\",\"description\":\"\",\"publisher\":{\"@id\":\"https:\\\/\\\/www.santjoandalacant.es\\\/ca\\\/#organization\"},\"potentialAction\":[{\"@type\":\"SearchAction\",\"target\":{\"@type\":\"EntryPoint\",\"urlTemplate\":\"https:\\\/\\\/www.santjoandalacant.es\\\/ca\\\/?s={search_term_string}\"},\"query-input\":{\"@type\":\"PropertyValueSpecification\",\"valueRequired\":true,\"valueName\":\"search_term_string\"}}],\"inLanguage\":\"va\"},{\"@type\":\"Organization\",\"@id\":\"https:\\\/\\\/www.santjoandalacant.es\\\/ca\\\/#organization\",\"name\":\"Sant Joan d'Alacant\",\"url\":\"https:\\\/\\\/www.santjoandalacant.es\\\/ca\\\/\",\"logo\":{\"@type\":\"ImageObject\",\"inLanguage\":\"va\",\"@id\":\"https:\\\/\\\/www.santjoandalacant.es\\\/ca\\\/#\\\/schema\\\/logo\\\/image\\\/\",\"url\":\"https:\\\/\\\/www.santjoandalacant.es\\\/wp-content\\\/uploads\\\/2023\\\/08\\\/logoSJ.png\",\"contentUrl\":\"https:\\\/\\\/www.santjoandalacant.es\\\/wp-content\\\/uploads\\\/2023\\\/08\\\/logoSJ.png\",\"width\":198,\"height\":253,\"caption\":\"Sant Joan d'Alacant\"},\"image\":{\"@id\":\"https:\\\/\\\/www.santjoandalacant.es\\\/ca\\\/#\\\/schema\\\/logo\\\/image\\\/\"},\"sameAs\":[\"https:\\\/\\\/www.facebook.com\\\/santjoandalacant\\\/\",\"https:\\\/\\\/www.instagram.com\\\/santjoandalacant\\\/\",\"https:\\\/\\\/www.youtube.com\\\/user\\\/santjoandalacant\"]},{\"@type\":\"Person\",\"@id\":\"https:\\\/\\\/www.santjoandalacant.es\\\/ca\\\/#\\\/schema\\\/person\\\/74b89bc7b26e6edafb76cd69420cd790\",\"name\":\"6tems\",\"image\":{\"@type\":\"ImageObject\",\"inLanguage\":\"va\",\"@id\":\"https:\\\/\\\/secure.gravatar.com\\\/avatar\\\/1c939d9bf86da56568327e5d52b159d089efba17cde140c49884e3fe77ef9c66?s=96&d=mm&r=g\",\"url\":\"https:\\\/\\\/secure.gravatar.com\\\/avatar\\\/1c939d9bf86da56568327e5d52b159d089efba17cde140c49884e3fe77ef9c66?s=96&d=mm&r=g\",\"contentUrl\":\"https:\\\/\\\/secure.gravatar.com\\\/avatar\\\/1c939d9bf86da56568327e5d52b159d089efba17cde140c49884e3fe77ef9c66?s=96&d=mm&r=g\",\"caption\":\"6tems\"},\"sameAs\":[\"https:\\\/\\\/www.santjoandalacant.es\"],\"url\":\"https:\\\/\\\/www.santjoandalacant.es\\\/ca\\\/author\\\/adminasap\\\/\"}]}<\/script>\n<!-- \/ Yoast SEO plugin. -->","yoast_head_json":{"title":"EXPOSICI\u00d3 P\u00daBLICA PRIMERA UNITAT D'EXECUCI\u00d3 DEL PARC EMPRESARIAL - Sant Joan d&#039;Alacant","robots":{"index":"index","follow":"follow","max-snippet":"max-snippet:-1","max-image-preview":"max-image-preview:large","max-video-preview":"max-video-preview:-1"},"canonical":"https:\/\/www.santjoandalacant.es\/ca\/exposicio-publica-primera-unitat-dexecucio-del-parc-empresarial\/","og_locale":"en_US","og_type":"article","og_title":"EXPOSICI\u00d3 P\u00daBLICA PRIMERA UNITAT D'EXECUCI\u00d3 DEL PARC EMPRESARIAL - Sant Joan d&#039;Alacant","og_description":"El per\u00edode d'exposici\u00f3 p\u00fablica s'\u00e0mplia de 20 a 45 dies perqu\u00e8 no coincidisca \u00fanicament amb el mes d'agost.    Amb aquesta actuaci\u00f3, l'Ajuntament de Sant Joan d'Alacant facilita i agilita els tr\u00e0mits perqu\u00e8 qualsevol empresa interessada puga exercir la seua activitat en el sector des del primer moment i crear aix\u00ed llocs de treball.   La primera Unitat d'Execuci\u00f3, la de major superf\u00edcie de les tres, consta de 311.731 m2, sent la superf\u00edcie tital de les tres Unitats que componen el Parc Empresarial de 655.707 m2.","og_url":"https:\/\/www.santjoandalacant.es\/ca\/exposicio-publica-primera-unitat-dexecucio-del-parc-empresarial\/","og_site_name":"Sant Joan d&#039;Alacant","article_publisher":"https:\/\/www.facebook.com\/santjoandalacant\/","article_published_time":"2014-08-01T07:01:04+00:00","og_image":[{"width":2560,"height":1810,"url":"https:\/\/www.santjoandalacant.es\/wp-content\/uploads\/2017\/06\/pag_25_PAI_PARQUE_EMPRESARIAL-scaled.jpg","type":"image\/jpeg"}],"author":"6tems","twitter_card":"summary_large_image","twitter_misc":{"Written by":"6tems","Est. reading time":"1 minute"},"schema":{"@context":"https:\/\/schema.org","@graph":[{"@type":"Article","@id":"https:\/\/www.santjoandalacant.es\/ca\/exposicio-publica-primera-unitat-dexecucio-del-parc-empresarial\/#article","isPartOf":{"@id":"https:\/\/www.santjoandalacant.es\/ca\/exposicio-publica-primera-unitat-dexecucio-del-parc-empresarial\/"},"author":{"name":"6tems","@id":"https:\/\/www.santjoandalacant.es\/ca\/#\/schema\/person\/74b89bc7b26e6edafb76cd69420cd790"},"headline":"EXPOSICI\u00d3 P\u00daBLICA PRIMERA UNITAT D&#8217;EXECUCI\u00d3 DEL PARC EMPRESARIAL","datePublished":"2014-08-01T07:01:04+00:00","mainEntityOfPage":{"@id":"https:\/\/www.santjoandalacant.es\/ca\/exposicio-publica-primera-unitat-dexecucio-del-parc-empresarial\/"},"wordCount":154,"commentCount":0,"publisher":{"@id":"https:\/\/www.santjoandalacant.es\/ca\/#organization"},"image":{"@id":"https:\/\/www.santjoandalacant.es\/ca\/exposicio-publica-primera-unitat-dexecucio-del-parc-empresarial\/#primaryimage"},"thumbnailUrl":"https:\/\/www.santjoandalacant.es\/wp-content\/uploads\/2017\/06\/pag_25_PAI_PARQUE_EMPRESARIAL-scaled.jpg","articleSection":["Sin categorizar"],"inLanguage":"va","potentialAction":[{"@type":"CommentAction","name":"Comment","target":["https:\/\/www.santjoandalacant.es\/ca\/exposicio-publica-primera-unitat-dexecucio-del-parc-empresarial\/#respond"]}]},{"@type":"WebPage","@id":"https:\/\/www.santjoandalacant.es\/ca\/exposicio-publica-primera-unitat-dexecucio-del-parc-empresarial\/","url":"https:\/\/www.santjoandalacant.es\/ca\/exposicio-publica-primera-unitat-dexecucio-del-parc-empresarial\/","name":"EXPOSICI\u00d3 P\u00daBLICA PRIMERA UNITAT D'EXECUCI\u00d3 DEL PARC EMPRESARIAL - Sant Joan d&#039;Alacant","isPartOf":{"@id":"https:\/\/www.santjoandalacant.es\/ca\/#website"},"primaryImageOfPage":{"@id":"https:\/\/www.santjoandalacant.es\/ca\/exposicio-publica-primera-unitat-dexecucio-del-parc-empresarial\/#primaryimage"},"image":{"@id":"https:\/\/www.santjoandalacant.es\/ca\/exposicio-publica-primera-unitat-dexecucio-del-parc-empresarial\/#primaryimage"},"thumbnailUrl":"https:\/\/www.santjoandalacant.es\/wp-content\/uploads\/2017\/06\/pag_25_PAI_PARQUE_EMPRESARIAL-scaled.jpg","datePublished":"2014-08-01T07:01:04+00:00","breadcrumb":{"@id":"https:\/\/www.santjoandalacant.es\/ca\/exposicio-publica-primera-unitat-dexecucio-del-parc-empresarial\/#breadcrumb"},"inLanguage":"va","potentialAction":[{"@type":"ReadAction","target":["https:\/\/www.santjoandalacant.es\/ca\/exposicio-publica-primera-unitat-dexecucio-del-parc-empresarial\/"]}]},{"@type":"ImageObject","inLanguage":"va","@id":"https:\/\/www.santjoandalacant.es\/ca\/exposicio-publica-primera-unitat-dexecucio-del-parc-empresarial\/#primaryimage","url":"https:\/\/www.santjoandalacant.es\/wp-content\/uploads\/2017\/06\/pag_25_PAI_PARQUE_EMPRESARIAL-scaled.jpg","contentUrl":"https:\/\/www.santjoandalacant.es\/wp-content\/uploads\/2017\/06\/pag_25_PAI_PARQUE_EMPRESARIAL-scaled.jpg","width":2560,"height":1810},{"@type":"BreadcrumbList","@id":"https:\/\/www.santjoandalacant.es\/ca\/exposicio-publica-primera-unitat-dexecucio-del-parc-empresarial\/#breadcrumb","itemListElement":[{"@type":"ListItem","position":1,"name":"Inicio","item":"https:\/\/www.santjoandalacant.es\/ca\/"},{"@type":"ListItem","position":2,"name":"EXPOSICI\u00d3 P\u00daBLICA PRIMERA UNITAT D&#8217;EXECUCI\u00d3 DEL PARC EMPRESARIAL"}]},{"@type":"WebSite","@id":"https:\/\/www.santjoandalacant.es\/ca\/#website","url":"https:\/\/www.santjoandalacant.es\/ca\/","name":"Sant Joan d'Alacant","description":"","publisher":{"@id":"https:\/\/www.santjoandalacant.es\/ca\/#organization"},"potentialAction":[{"@type":"SearchAction","target":{"@type":"EntryPoint","urlTemplate":"https:\/\/www.santjoandalacant.es\/ca\/?s={search_term_string}"},"query-input":{"@type":"PropertyValueSpecification","valueRequired":true,"valueName":"search_term_string"}}],"inLanguage":"va"},{"@type":"Organization","@id":"https:\/\/www.santjoandalacant.es\/ca\/#organization","name":"Sant Joan d'Alacant","url":"https:\/\/www.santjoandalacant.es\/ca\/","logo":{"@type":"ImageObject","inLanguage":"va","@id":"https:\/\/www.santjoandalacant.es\/ca\/#\/schema\/logo\/image\/","url":"https:\/\/www.santjoandalacant.es\/wp-content\/uploads\/2023\/08\/logoSJ.png","contentUrl":"https:\/\/www.santjoandalacant.es\/wp-content\/uploads\/2023\/08\/logoSJ.png","width":198,"height":253,"caption":"Sant Joan d'Alacant"},"image":{"@id":"https:\/\/www.santjoandalacant.es\/ca\/#\/schema\/logo\/image\/"},"sameAs":["https:\/\/www.facebook.com\/santjoandalacant\/","https:\/\/www.instagram.com\/santjoandalacant\/","https:\/\/www.youtube.com\/user\/santjoandalacant"]},{"@type":"Person","@id":"https:\/\/www.santjoandalacant.es\/ca\/#\/schema\/person\/74b89bc7b26e6edafb76cd69420cd790","name":"6tems","image":{"@type":"ImageObject","inLanguage":"va","@id":"https:\/\/secure.gravatar.com\/avatar\/1c939d9bf86da56568327e5d52b159d089efba17cde140c49884e3fe77ef9c66?s=96&d=mm&r=g","url":"https:\/\/secure.gravatar.com\/avatar\/1c939d9bf86da56568327e5d52b159d089efba17cde140c49884e3fe77ef9c66?s=96&d=mm&r=g","contentUrl":"https:\/\/secure.gravatar.com\/avatar\/1c939d9bf86da56568327e5d52b159d089efba17cde140c49884e3fe77ef9c66?s=96&d=mm&r=g","caption":"6tems"},"sameAs":["https:\/\/www.santjoandalacant.es"],"url":"https:\/\/www.santjoandalacant.es\/ca\/author\/adminasap\/"}]}},"_links":{"self":[{"href":"https:\/\/www.santjoandalacant.es\/ca\/wp-json\/wp\/v2\/posts\/77417","targetHints":{"allow":["GET"]}}],"collection":[{"href":"https:\/\/www.santjoandalacant.es\/ca\/wp-json\/wp\/v2\/posts"}],"about":[{"href":"https:\/\/www.santjoandalacant.es\/ca\/wp-json\/wp\/v2\/types\/post"}],"author":[{"embeddable":true,"href":"https:\/\/www.santjoandalacant.es\/ca\/wp-json\/wp\/v2\/users\/1"}],"replies":[{"embeddable":true,"href":"https:\/\/www.santjoandalacant.es\/ca\/wp-json\/wp\/v2\/comments?post=77417"}],"version-history":[{"count":0,"href":"https:\/\/www.santjoandalacant.es\/ca\/wp-json\/wp\/v2\/posts\/77417\/revisions"}],"wp:featuredmedia":[{"embeddable":true,"href":"https:\/\/www.santjoandalacant.es\/ca\/wp-json\/wp\/v2\/media\/31923"}],"wp:attachment":[{"href":"https:\/\/www.santjoandalacant.es\/ca\/wp-json\/wp\/v2\/media?parent=77417"}],"wp:term":[{"taxonomy":"category","embeddable":true,"href":"https:\/\/www.santjoandalacant.es\/ca\/wp-json\/wp\/v2\/categories?post=77417"},{"taxonomy":"post_tag","embeddable":true,"href":"https:\/\/www.santjoandalacant.es\/ca\/wp-json\/wp\/v2\/tags?post=77417"},{"taxonomy":"areas","embeddable":true,"href":"https:\/\/www.santjoandalacant.es\/ca\/wp-json\/wp\/v2\/areas?post=77417"}],"curies":[{"name":"wp","href":"https:\/\/api.w.org\/{rel}","templated":true}]}}