{"id":77433,"date":"2014-07-24T05:35:38","date_gmt":"2014-07-24T05:35:38","guid":{"rendered":"https:\/\/santjoan.developersasapglobalsolution.com\/a-lestiu-esport\/"},"modified":"2014-07-24T05:35:38","modified_gmt":"2014-07-24T05:35:38","slug":"a-lestiu-esport","status":"publish","type":"post","link":"https:\/\/www.santjoandalacant.es\/ca\/a-lestiu-esport\/","title":{"rendered":"A L&#8217;ESTIU, ESPORT"},"content":{"rendered":"<p>\nLa regidoria d&#8217;Esports de l&#8217;Ajuntament de Sant Joan d%o2019Alacant va presentar aquest mat\u00ed dos de les seues iniciatives m\u00e9s destacades per a l&#8217;etapa estival, a part de les escoles esportives d&#8217;estiu. Es tracta de la jornada d&#8217;integraci\u00f3 de la dona en l&#8217;esport que es desenvolupar\u00e0 en la vesprada del pr\u00f2xim divendres, 25 de juliol, sota el lema &quot;Dona i Esport&quot;, aix\u00ed com un campus de futbol, en angl\u00e8s, que se celebrar\u00e0 en el Poliesportiu Municipal durant la primera setmana d&#8217;agost, del 4 al 8.\n<\/p>\n<p>\nEls detalls de tots dos projectes es van explicar en roda de premsa de la m\u00e0 de l&#8217;edil de l&#8217;\u00e0rea, V\u00edctor Garc\u00eda Berenguer. El regidor d&#8217;Esports va convidar a participar en ambdues iniciatives ja que la primera d&#8217;elles se celebra aquest mateix dissabte, una jornada l\u00fadica per a afavorir la integraci\u00f3 de la dona en l&#8217;esport a trav\u00e9s de l&#8217;orientaci\u00f3. Aquesta activitat es desenvolupar\u00e0 en un entorn urb\u00e0 i en diversos parcs, on se situaran diferents balises que hi ha localitzar i marcar mitjan\u00e7ant un mapa i una targeta electr\u00f2nica.\n<\/p>\n<p>\nL&#8217;edil, que al seu torn \u00e9s president de la Federaci\u00f3 Espanyola d&#8217;Orientaci\u00f3 (FEDO) va assegurar que no \u00e9s necessari portar material especialitzat ja que no es tracta d&#8217;una competici\u00f3. &quot;Solament \u00e9s necessari un cal\u00e7at c\u00f2mode&quot;, va afirmar, afegint que a m\u00e9s es far\u00e0 lliurament d&#8217;una samarreta commemorativa. La iniciativa es duu a terme a trav\u00e9s de la federaci\u00f3 i tan sol en cinc ciutats del pa\u00eds. Fins ara s&#8217;ha celebrat a Pal\u00e8ncia i Santander.\n<\/p>\n<p>\nL&#8217;altre projecte que va presentar la regidoria \u00e9s el campus de futbol que es desenvolupar\u00e0 en les instal\u00b7lacions del Poliesportiu Municipal i que estar\u00e0 dirigit pel m\u00e0xim coordinador del futbol base del Southampton Football Club, entitat esportiva de la Premier League, la lliga anglesa de primera divisi\u00f3. Durant 5 dies, de 9 a 13 hores, s&#8217;aniran desenvolupant diferents activitats en angl\u00e8s i adaptades a grups d&#8217;edat que aniran des dels 5 fins als 16 anys. Una activitat que organitza l&#8217;acad\u00e8mia Blue Elephant Room, on caldr\u00e0 acudir per a realitzar la inscripci\u00f3. <\/p>\n","protected":false},"excerpt":{"rendered":"<p>\nLa regidoria d&#8217;Esports de l&#8217;Ajuntament de Sant Joan d%o2019Alacant va presentar aquest mat\u00ed dos de les seues iniciatives m\u00e9s destacades per a l&#8217;etapa estival, a part de les escoles esportives d&#8217;estiu. Es tracta de la jornada d&#8217;integraci\u00f3 de la dona en l&#8217;esport que es desenvolupar\u00e0 en la vesprada del pr\u00f2xim divendres, 25 de juliol, sota el lema &quot;Dona i Esport&quot;, aix\u00ed com un campus de futbol, en angl\u00e8s, que se celebrar\u00e0 en el Poliesportiu Municipal durant la primera setmana d&#8217;agost, del 4 al 8.<\/p>\n","protected":false},"author":1,"featured_media":31992,"comment_status":"open","ping_status":"open","sticky":false,"template":"","format":"standard","meta":{"_acf_changed":false,"rs_blank_template":"","rs_page_bg_color":"","slide_template_v7":"","footnotes":""},"categories":[1],"tags":[],"areas":[998],"class_list":["post-77433","post","type-post","status-publish","format-standard","has-post-thumbnail","hentry","category-sin-categorizar","areas-deportes-ca"],"acf":[],"yoast_head":"<!-- This site is optimized with the Yoast SEO plugin v28.2 - https:\/\/yoast.com\/product\/yoast-seo-wordpress\/ -->\n<title>A L&#039;ESTIU, ESPORT - Sant Joan d&#039;Alacant<\/title>\n<meta name=\"robots\" content=\"index, follow, max-snippet:-1, max-image-preview:large, max-video-preview:-1\" \/>\n<link rel=\"canonical\" href=\"https:\/\/www.santjoandalacant.es\/ca\/a-lestiu-esport\/\" \/>\n<meta property=\"og:locale\" content=\"en_US\" \/>\n<meta property=\"og:type\" content=\"article\" \/>\n<meta property=\"og:title\" content=\"A L&#039;ESTIU, ESPORT - Sant Joan d&#039;Alacant\" \/>\n<meta property=\"og:description\" content=\"La regidoria d&#039;Esports de l&#039;Ajuntament de Sant Joan d%o2019Alacant va presentar aquest mat\u00ed dos de les seues iniciatives m\u00e9s destacades per a l&#039;etapa estival, a part de les escoles esportives d&#039;estiu. Es tracta de la jornada d&#039;integraci\u00f3 de la dona en l&#039;esport que es desenvolupar\u00e0 en la vesprada del pr\u00f2xim divendres, 25 de juliol, sota el lema &quot;Dona i Esport&quot;, aix\u00ed com un campus de futbol, en angl\u00e8s, que se celebrar\u00e0 en el Poliesportiu Municipal durant la primera setmana d&#039;agost, del 4 al 8.\" \/>\n<meta property=\"og:url\" content=\"https:\/\/www.santjoandalacant.es\/ca\/a-lestiu-esport\/\" \/>\n<meta property=\"og:site_name\" content=\"Sant Joan d&#039;Alacant\" \/>\n<meta property=\"article:publisher\" content=\"https:\/\/www.facebook.com\/santjoandalacant\/\" \/>\n<meta property=\"article:published_time\" content=\"2014-07-24T05:35:38+00:00\" \/>\n<meta property=\"og:image\" content=\"https:\/\/www.santjoandalacant.es\/wp-content\/uploads\/2017\/06\/CMyD2014N.jpg\" \/>\n\t<meta property=\"og:image:width\" content=\"66\" \/>\n\t<meta property=\"og:image:height\" content=\"66\" \/>\n\t<meta property=\"og:image:type\" content=\"image\/jpeg\" \/>\n<meta name=\"author\" content=\"6tems\" \/>\n<meta name=\"twitter:card\" content=\"summary_large_image\" \/>\n<meta name=\"twitter:label1\" content=\"Written by\" \/>\n\t<meta name=\"twitter:data1\" content=\"6tems\" \/>\n\t<meta name=\"twitter:label2\" content=\"Est. reading time\" \/>\n\t<meta name=\"twitter:data2\" content=\"2 minutes\" \/>\n<script type=\"application\/ld+json\" class=\"yoast-schema-graph\">{\"@context\":\"https:\\\/\\\/schema.org\",\"@graph\":[{\"@type\":\"Article\",\"@id\":\"https:\\\/\\\/www.santjoandalacant.es\\\/ca\\\/a-lestiu-esport\\\/#article\",\"isPartOf\":{\"@id\":\"https:\\\/\\\/www.santjoandalacant.es\\\/ca\\\/a-lestiu-esport\\\/\"},\"author\":{\"name\":\"6tems\",\"@id\":\"https:\\\/\\\/www.santjoandalacant.es\\\/ca\\\/#\\\/schema\\\/person\\\/74b89bc7b26e6edafb76cd69420cd790\"},\"headline\":\"A L&#8217;ESTIU, ESPORT\",\"datePublished\":\"2014-07-24T05:35:38+00:00\",\"mainEntityOfPage\":{\"@id\":\"https:\\\/\\\/www.santjoandalacant.es\\\/ca\\\/a-lestiu-esport\\\/\"},\"wordCount\":382,\"commentCount\":0,\"publisher\":{\"@id\":\"https:\\\/\\\/www.santjoandalacant.es\\\/ca\\\/#organization\"},\"image\":{\"@id\":\"https:\\\/\\\/www.santjoandalacant.es\\\/ca\\\/a-lestiu-esport\\\/#primaryimage\"},\"thumbnailUrl\":\"https:\\\/\\\/www.santjoandalacant.es\\\/wp-content\\\/uploads\\\/2017\\\/06\\\/CMyD2014N.jpg\",\"articleSection\":[\"Sin categorizar\"],\"inLanguage\":\"va\",\"potentialAction\":[{\"@type\":\"CommentAction\",\"name\":\"Comment\",\"target\":[\"https:\\\/\\\/www.santjoandalacant.es\\\/ca\\\/a-lestiu-esport\\\/#respond\"]}]},{\"@type\":\"WebPage\",\"@id\":\"https:\\\/\\\/www.santjoandalacant.es\\\/ca\\\/a-lestiu-esport\\\/\",\"url\":\"https:\\\/\\\/www.santjoandalacant.es\\\/ca\\\/a-lestiu-esport\\\/\",\"name\":\"A L'ESTIU, ESPORT - Sant Joan d&#039;Alacant\",\"isPartOf\":{\"@id\":\"https:\\\/\\\/www.santjoandalacant.es\\\/ca\\\/#website\"},\"primaryImageOfPage\":{\"@id\":\"https:\\\/\\\/www.santjoandalacant.es\\\/ca\\\/a-lestiu-esport\\\/#primaryimage\"},\"image\":{\"@id\":\"https:\\\/\\\/www.santjoandalacant.es\\\/ca\\\/a-lestiu-esport\\\/#primaryimage\"},\"thumbnailUrl\":\"https:\\\/\\\/www.santjoandalacant.es\\\/wp-content\\\/uploads\\\/2017\\\/06\\\/CMyD2014N.jpg\",\"datePublished\":\"2014-07-24T05:35:38+00:00\",\"breadcrumb\":{\"@id\":\"https:\\\/\\\/www.santjoandalacant.es\\\/ca\\\/a-lestiu-esport\\\/#breadcrumb\"},\"inLanguage\":\"va\",\"potentialAction\":[{\"@type\":\"ReadAction\",\"target\":[\"https:\\\/\\\/www.santjoandalacant.es\\\/ca\\\/a-lestiu-esport\\\/\"]}]},{\"@type\":\"ImageObject\",\"inLanguage\":\"va\",\"@id\":\"https:\\\/\\\/www.santjoandalacant.es\\\/ca\\\/a-lestiu-esport\\\/#primaryimage\",\"url\":\"https:\\\/\\\/www.santjoandalacant.es\\\/wp-content\\\/uploads\\\/2017\\\/06\\\/CMyD2014N.jpg\",\"contentUrl\":\"https:\\\/\\\/www.santjoandalacant.es\\\/wp-content\\\/uploads\\\/2017\\\/06\\\/CMyD2014N.jpg\",\"width\":66,\"height\":66},{\"@type\":\"BreadcrumbList\",\"@id\":\"https:\\\/\\\/www.santjoandalacant.es\\\/ca\\\/a-lestiu-esport\\\/#breadcrumb\",\"itemListElement\":[{\"@type\":\"ListItem\",\"position\":1,\"name\":\"Inicio\",\"item\":\"https:\\\/\\\/www.santjoandalacant.es\\\/ca\\\/\"},{\"@type\":\"ListItem\",\"position\":2,\"name\":\"A L&#8217;ESTIU, ESPORT\"}]},{\"@type\":\"WebSite\",\"@id\":\"https:\\\/\\\/www.santjoandalacant.es\\\/ca\\\/#website\",\"url\":\"https:\\\/\\\/www.santjoandalacant.es\\\/ca\\\/\",\"name\":\"Sant Joan d'Alacant\",\"description\":\"\",\"publisher\":{\"@id\":\"https:\\\/\\\/www.santjoandalacant.es\\\/ca\\\/#organization\"},\"potentialAction\":[{\"@type\":\"SearchAction\",\"target\":{\"@type\":\"EntryPoint\",\"urlTemplate\":\"https:\\\/\\\/www.santjoandalacant.es\\\/ca\\\/?s={search_term_string}\"},\"query-input\":{\"@type\":\"PropertyValueSpecification\",\"valueRequired\":true,\"valueName\":\"search_term_string\"}}],\"inLanguage\":\"va\"},{\"@type\":\"Organization\",\"@id\":\"https:\\\/\\\/www.santjoandalacant.es\\\/ca\\\/#organization\",\"name\":\"Sant Joan d'Alacant\",\"url\":\"https:\\\/\\\/www.santjoandalacant.es\\\/ca\\\/\",\"logo\":{\"@type\":\"ImageObject\",\"inLanguage\":\"va\",\"@id\":\"https:\\\/\\\/www.santjoandalacant.es\\\/ca\\\/#\\\/schema\\\/logo\\\/image\\\/\",\"url\":\"https:\\\/\\\/www.santjoandalacant.es\\\/wp-content\\\/uploads\\\/2023\\\/08\\\/logoSJ.png\",\"contentUrl\":\"https:\\\/\\\/www.santjoandalacant.es\\\/wp-content\\\/uploads\\\/2023\\\/08\\\/logoSJ.png\",\"width\":198,\"height\":253,\"caption\":\"Sant Joan d'Alacant\"},\"image\":{\"@id\":\"https:\\\/\\\/www.santjoandalacant.es\\\/ca\\\/#\\\/schema\\\/logo\\\/image\\\/\"},\"sameAs\":[\"https:\\\/\\\/www.facebook.com\\\/santjoandalacant\\\/\",\"https:\\\/\\\/www.instagram.com\\\/santjoandalacant\\\/\",\"https:\\\/\\\/www.youtube.com\\\/user\\\/santjoandalacant\"]},{\"@type\":\"Person\",\"@id\":\"https:\\\/\\\/www.santjoandalacant.es\\\/ca\\\/#\\\/schema\\\/person\\\/74b89bc7b26e6edafb76cd69420cd790\",\"name\":\"6tems\",\"image\":{\"@type\":\"ImageObject\",\"inLanguage\":\"va\",\"@id\":\"https:\\\/\\\/secure.gravatar.com\\\/avatar\\\/1c939d9bf86da56568327e5d52b159d089efba17cde140c49884e3fe77ef9c66?s=96&d=mm&r=g\",\"url\":\"https:\\\/\\\/secure.gravatar.com\\\/avatar\\\/1c939d9bf86da56568327e5d52b159d089efba17cde140c49884e3fe77ef9c66?s=96&d=mm&r=g\",\"contentUrl\":\"https:\\\/\\\/secure.gravatar.com\\\/avatar\\\/1c939d9bf86da56568327e5d52b159d089efba17cde140c49884e3fe77ef9c66?s=96&d=mm&r=g\",\"caption\":\"6tems\"},\"sameAs\":[\"https:\\\/\\\/www.santjoandalacant.es\"],\"url\":\"https:\\\/\\\/www.santjoandalacant.es\\\/ca\\\/author\\\/adminasap\\\/\"}]}<\/script>\n<!-- \/ Yoast SEO plugin. -->","yoast_head_json":{"title":"A L'ESTIU, ESPORT - Sant Joan d&#039;Alacant","robots":{"index":"index","follow":"follow","max-snippet":"max-snippet:-1","max-image-preview":"max-image-preview:large","max-video-preview":"max-video-preview:-1"},"canonical":"https:\/\/www.santjoandalacant.es\/ca\/a-lestiu-esport\/","og_locale":"en_US","og_type":"article","og_title":"A L'ESTIU, ESPORT - Sant Joan d&#039;Alacant","og_description":"La regidoria d'Esports de l'Ajuntament de Sant Joan d%o2019Alacant va presentar aquest mat\u00ed dos de les seues iniciatives m\u00e9s destacades per a l'etapa estival, a part de les escoles esportives d'estiu. Es tracta de la jornada d'integraci\u00f3 de la dona en l'esport que es desenvolupar\u00e0 en la vesprada del pr\u00f2xim divendres, 25 de juliol, sota el lema &quot;Dona i Esport&quot;, aix\u00ed com un campus de futbol, en angl\u00e8s, que se celebrar\u00e0 en el Poliesportiu Municipal durant la primera setmana d'agost, del 4 al 8.","og_url":"https:\/\/www.santjoandalacant.es\/ca\/a-lestiu-esport\/","og_site_name":"Sant Joan d&#039;Alacant","article_publisher":"https:\/\/www.facebook.com\/santjoandalacant\/","article_published_time":"2014-07-24T05:35:38+00:00","og_image":[{"width":66,"height":66,"url":"https:\/\/www.santjoandalacant.es\/wp-content\/uploads\/2017\/06\/CMyD2014N.jpg","type":"image\/jpeg"}],"author":"6tems","twitter_card":"summary_large_image","twitter_misc":{"Written by":"6tems","Est. reading time":"2 minutes"},"schema":{"@context":"https:\/\/schema.org","@graph":[{"@type":"Article","@id":"https:\/\/www.santjoandalacant.es\/ca\/a-lestiu-esport\/#article","isPartOf":{"@id":"https:\/\/www.santjoandalacant.es\/ca\/a-lestiu-esport\/"},"author":{"name":"6tems","@id":"https:\/\/www.santjoandalacant.es\/ca\/#\/schema\/person\/74b89bc7b26e6edafb76cd69420cd790"},"headline":"A L&#8217;ESTIU, ESPORT","datePublished":"2014-07-24T05:35:38+00:00","mainEntityOfPage":{"@id":"https:\/\/www.santjoandalacant.es\/ca\/a-lestiu-esport\/"},"wordCount":382,"commentCount":0,"publisher":{"@id":"https:\/\/www.santjoandalacant.es\/ca\/#organization"},"image":{"@id":"https:\/\/www.santjoandalacant.es\/ca\/a-lestiu-esport\/#primaryimage"},"thumbnailUrl":"https:\/\/www.santjoandalacant.es\/wp-content\/uploads\/2017\/06\/CMyD2014N.jpg","articleSection":["Sin categorizar"],"inLanguage":"va","potentialAction":[{"@type":"CommentAction","name":"Comment","target":["https:\/\/www.santjoandalacant.es\/ca\/a-lestiu-esport\/#respond"]}]},{"@type":"WebPage","@id":"https:\/\/www.santjoandalacant.es\/ca\/a-lestiu-esport\/","url":"https:\/\/www.santjoandalacant.es\/ca\/a-lestiu-esport\/","name":"A L'ESTIU, ESPORT - Sant Joan d&#039;Alacant","isPartOf":{"@id":"https:\/\/www.santjoandalacant.es\/ca\/#website"},"primaryImageOfPage":{"@id":"https:\/\/www.santjoandalacant.es\/ca\/a-lestiu-esport\/#primaryimage"},"image":{"@id":"https:\/\/www.santjoandalacant.es\/ca\/a-lestiu-esport\/#primaryimage"},"thumbnailUrl":"https:\/\/www.santjoandalacant.es\/wp-content\/uploads\/2017\/06\/CMyD2014N.jpg","datePublished":"2014-07-24T05:35:38+00:00","breadcrumb":{"@id":"https:\/\/www.santjoandalacant.es\/ca\/a-lestiu-esport\/#breadcrumb"},"inLanguage":"va","potentialAction":[{"@type":"ReadAction","target":["https:\/\/www.santjoandalacant.es\/ca\/a-lestiu-esport\/"]}]},{"@type":"ImageObject","inLanguage":"va","@id":"https:\/\/www.santjoandalacant.es\/ca\/a-lestiu-esport\/#primaryimage","url":"https:\/\/www.santjoandalacant.es\/wp-content\/uploads\/2017\/06\/CMyD2014N.jpg","contentUrl":"https:\/\/www.santjoandalacant.es\/wp-content\/uploads\/2017\/06\/CMyD2014N.jpg","width":66,"height":66},{"@type":"BreadcrumbList","@id":"https:\/\/www.santjoandalacant.es\/ca\/a-lestiu-esport\/#breadcrumb","itemListElement":[{"@type":"ListItem","position":1,"name":"Inicio","item":"https:\/\/www.santjoandalacant.es\/ca\/"},{"@type":"ListItem","position":2,"name":"A L&#8217;ESTIU, ESPORT"}]},{"@type":"WebSite","@id":"https:\/\/www.santjoandalacant.es\/ca\/#website","url":"https:\/\/www.santjoandalacant.es\/ca\/","name":"Sant Joan d'Alacant","description":"","publisher":{"@id":"https:\/\/www.santjoandalacant.es\/ca\/#organization"},"potentialAction":[{"@type":"SearchAction","target":{"@type":"EntryPoint","urlTemplate":"https:\/\/www.santjoandalacant.es\/ca\/?s={search_term_string}"},"query-input":{"@type":"PropertyValueSpecification","valueRequired":true,"valueName":"search_term_string"}}],"inLanguage":"va"},{"@type":"Organization","@id":"https:\/\/www.santjoandalacant.es\/ca\/#organization","name":"Sant Joan d'Alacant","url":"https:\/\/www.santjoandalacant.es\/ca\/","logo":{"@type":"ImageObject","inLanguage":"va","@id":"https:\/\/www.santjoandalacant.es\/ca\/#\/schema\/logo\/image\/","url":"https:\/\/www.santjoandalacant.es\/wp-content\/uploads\/2023\/08\/logoSJ.png","contentUrl":"https:\/\/www.santjoandalacant.es\/wp-content\/uploads\/2023\/08\/logoSJ.png","width":198,"height":253,"caption":"Sant Joan d'Alacant"},"image":{"@id":"https:\/\/www.santjoandalacant.es\/ca\/#\/schema\/logo\/image\/"},"sameAs":["https:\/\/www.facebook.com\/santjoandalacant\/","https:\/\/www.instagram.com\/santjoandalacant\/","https:\/\/www.youtube.com\/user\/santjoandalacant"]},{"@type":"Person","@id":"https:\/\/www.santjoandalacant.es\/ca\/#\/schema\/person\/74b89bc7b26e6edafb76cd69420cd790","name":"6tems","image":{"@type":"ImageObject","inLanguage":"va","@id":"https:\/\/secure.gravatar.com\/avatar\/1c939d9bf86da56568327e5d52b159d089efba17cde140c49884e3fe77ef9c66?s=96&d=mm&r=g","url":"https:\/\/secure.gravatar.com\/avatar\/1c939d9bf86da56568327e5d52b159d089efba17cde140c49884e3fe77ef9c66?s=96&d=mm&r=g","contentUrl":"https:\/\/secure.gravatar.com\/avatar\/1c939d9bf86da56568327e5d52b159d089efba17cde140c49884e3fe77ef9c66?s=96&d=mm&r=g","caption":"6tems"},"sameAs":["https:\/\/www.santjoandalacant.es"],"url":"https:\/\/www.santjoandalacant.es\/ca\/author\/adminasap\/"}]}},"_links":{"self":[{"href":"https:\/\/www.santjoandalacant.es\/ca\/wp-json\/wp\/v2\/posts\/77433","targetHints":{"allow":["GET"]}}],"collection":[{"href":"https:\/\/www.santjoandalacant.es\/ca\/wp-json\/wp\/v2\/posts"}],"about":[{"href":"https:\/\/www.santjoandalacant.es\/ca\/wp-json\/wp\/v2\/types\/post"}],"author":[{"embeddable":true,"href":"https:\/\/www.santjoandalacant.es\/ca\/wp-json\/wp\/v2\/users\/1"}],"replies":[{"embeddable":true,"href":"https:\/\/www.santjoandalacant.es\/ca\/wp-json\/wp\/v2\/comments?post=77433"}],"version-history":[{"count":0,"href":"https:\/\/www.santjoandalacant.es\/ca\/wp-json\/wp\/v2\/posts\/77433\/revisions"}],"wp:featuredmedia":[{"embeddable":true,"href":"https:\/\/www.santjoandalacant.es\/ca\/wp-json\/wp\/v2\/media\/31992"}],"wp:attachment":[{"href":"https:\/\/www.santjoandalacant.es\/ca\/wp-json\/wp\/v2\/media?parent=77433"}],"wp:term":[{"taxonomy":"category","embeddable":true,"href":"https:\/\/www.santjoandalacant.es\/ca\/wp-json\/wp\/v2\/categories?post=77433"},{"taxonomy":"post_tag","embeddable":true,"href":"https:\/\/www.santjoandalacant.es\/ca\/wp-json\/wp\/v2\/tags?post=77433"},{"taxonomy":"areas","embeddable":true,"href":"https:\/\/www.santjoandalacant.es\/ca\/wp-json\/wp\/v2\/areas?post=77433"}],"curies":[{"name":"wp","href":"https:\/\/api.w.org\/{rel}","templated":true}]}}