{"id":77556,"date":"2014-06-02T11:33:31","date_gmt":"2014-06-02T11:33:31","guid":{"rendered":"https:\/\/santjoan.developersasapglobalsolution.com\/cristina-beneyto-es-la-nova-reina-dels-majors\/"},"modified":"2014-06-02T11:33:31","modified_gmt":"2014-06-02T11:33:31","slug":"cristina-beneyto-es-la-nova-reina-dels-majors","status":"publish","type":"post","link":"https:\/\/www.santjoandalacant.es\/ca\/cristina-beneyto-es-la-nova-reina-dels-majors\/","title":{"rendered":"CRISTINA BENEYTO \u00c9S LA NOVA REINA DELS MAJORS"},"content":{"rendered":"<p>\nL&#8217;Auditori Antonio Gil de la Casa de Cultura de Sant Joan d&#8217;Alacant es vestia com l&#8217;Alhambra de Granada per a albergar en la nit del dissabte la Gala de Coronaci\u00f3 de les noves representants de la Tercera Edat del municipi. Cristina Beneyto, triada Reina dels Majors, compartia escenari amb Consuelo Ruiz i Cristina Garc\u00eda, els qui li acompanyaran en aquest mandat com a Dames d&#8217;Honor.\n<\/p>\n<p>\nNo obstant a\u00e7\u00f2, abans de la coronaci\u00f3, tamb\u00e9 es va acomiadar a les dones que fins a aqueix moment ocupaven el c\u00e0rrec. Berta de Vicente finalitzava el seu per\u00edode de reina i el mateix ocorria amb les seues dames, Gabriela Pami\u00e9s i Josefa S\u00e1nchez. Un moment emotiu, entre comiat i benvinguda, en el qual es va poder gaudir de les actuacions del grup de ball La Trena i de l&#8217;estudiantina de Dret de la Universitat d&#8217;Alacant.\n<\/p>\n<p>\nL&#8217;acte va explicar a m\u00e9s amb la participaci\u00f3 de Mar\u00eda Luisa Gimeno, presidenta provincial de la Uni\u00f3 Democr\u00e0tica de Pensionistes (UDP), aix\u00ed com el president de l&#8217;associaci\u00f3 a Sant Joan d&#8217;Alacant, Jos\u00e9 Escoda. Tamb\u00e9 participava David Aracil, regidor de Tercera l&#8217;Edat, qui assegurava que el que m\u00e9s li satisfeia era &quot;haver ajudat a complir somnis&quot;. De la mateixa forma, l&#8217;alcalde Manuel Aracil va felicitar a les noves representants, desitjant-los que siguen &quot;igual de felices que ho han sigut les seues antecessores&quot;.\n<\/p>\n<p>\n&#160;<\/p>\n","protected":false},"excerpt":{"rendered":"<p>\nL&#8217;Auditori Antonio Gil de la Casa de Cultura de Sant Joan d&#8217;Alacant es vestia com l&#8217;Alhambra de Granada per a albergar en la nit del dissabte la Gala de Coronaci\u00f3 de les noves representants de la Tercera Edat del municipi. Cristina Beneyto, triada Reina dels Majors, compartia escenari amb Consuelo Ruiz i Cristina Garc\u00eda, els qui li acompanyaran en aquest mandat com a Dames d&#8217;Honor.<\/p>\n","protected":false},"author":1,"featured_media":32476,"comment_status":"open","ping_status":"open","sticky":false,"template":"","format":"standard","meta":{"_acf_changed":false,"rs_blank_template":"","rs_page_bg_color":"","slide_template_v7":"","footnotes":""},"categories":[1],"tags":[],"areas":[1014],"class_list":["post-77556","post","type-post","status-publish","format-standard","has-post-thumbnail","hentry","category-sin-categorizar","areas-tercera-edad-ca"],"acf":[],"yoast_head":"<!-- This site is optimized with the Yoast SEO plugin v28.2 - https:\/\/yoast.com\/product\/yoast-seo-wordpress\/ -->\n<title>CRISTINA BENEYTO \u00c9S LA NOVA REINA DELS MAJORS - Sant Joan d&#039;Alacant<\/title>\n<meta name=\"robots\" content=\"index, follow, max-snippet:-1, max-image-preview:large, max-video-preview:-1\" \/>\n<link rel=\"canonical\" href=\"https:\/\/www.santjoandalacant.es\/ca\/cristina-beneyto-es-la-nova-reina-dels-majors\/\" \/>\n<meta property=\"og:locale\" content=\"en_US\" \/>\n<meta property=\"og:type\" content=\"article\" \/>\n<meta property=\"og:title\" content=\"CRISTINA BENEYTO \u00c9S LA NOVA REINA DELS MAJORS - Sant Joan d&#039;Alacant\" \/>\n<meta property=\"og:description\" content=\"L&#039;Auditori Antonio Gil de la Casa de Cultura de Sant Joan d&#039;Alacant es vestia com l&#039;Alhambra de Granada per a albergar en la nit del dissabte la Gala de Coronaci\u00f3 de les noves representants de la Tercera Edat del municipi. Cristina Beneyto, triada Reina dels Majors, compartia escenari amb Consuelo Ruiz i Cristina Garc\u00eda, els qui li acompanyaran en aquest mandat com a Dames d&#039;Honor.\" \/>\n<meta property=\"og:url\" content=\"https:\/\/www.santjoandalacant.es\/ca\/cristina-beneyto-es-la-nova-reina-dels-majors\/\" \/>\n<meta property=\"og:site_name\" content=\"Sant Joan d&#039;Alacant\" \/>\n<meta property=\"article:publisher\" content=\"https:\/\/www.facebook.com\/santjoandalacant\/\" \/>\n<meta property=\"article:published_time\" content=\"2014-06-02T11:33:31+00:00\" \/>\n<meta property=\"og:image\" content=\"https:\/\/www.santjoandalacant.es\/wp-content\/uploads\/2017\/06\/CORONACION_TERCERA_EDAD.jpg\" \/>\n\t<meta property=\"og:image:width\" content=\"526\" \/>\n\t<meta property=\"og:image:height\" content=\"342\" \/>\n\t<meta property=\"og:image:type\" content=\"image\/jpeg\" \/>\n<meta name=\"author\" content=\"6tems\" \/>\n<meta name=\"twitter:card\" content=\"summary_large_image\" \/>\n<meta name=\"twitter:label1\" content=\"Written by\" \/>\n\t<meta name=\"twitter:data1\" content=\"6tems\" \/>\n\t<meta name=\"twitter:label2\" content=\"Est. reading time\" \/>\n\t<meta name=\"twitter:data2\" content=\"1 minute\" \/>\n<script type=\"application\/ld+json\" class=\"yoast-schema-graph\">{\"@context\":\"https:\\\/\\\/schema.org\",\"@graph\":[{\"@type\":\"Article\",\"@id\":\"https:\\\/\\\/www.santjoandalacant.es\\\/ca\\\/cristina-beneyto-es-la-nova-reina-dels-majors\\\/#article\",\"isPartOf\":{\"@id\":\"https:\\\/\\\/www.santjoandalacant.es\\\/ca\\\/cristina-beneyto-es-la-nova-reina-dels-majors\\\/\"},\"author\":{\"name\":\"6tems\",\"@id\":\"https:\\\/\\\/www.santjoandalacant.es\\\/ca\\\/#\\\/schema\\\/person\\\/74b89bc7b26e6edafb76cd69420cd790\"},\"headline\":\"CRISTINA BENEYTO \u00c9S LA NOVA REINA DELS MAJORS\",\"datePublished\":\"2014-06-02T11:33:31+00:00\",\"mainEntityOfPage\":{\"@id\":\"https:\\\/\\\/www.santjoandalacant.es\\\/ca\\\/cristina-beneyto-es-la-nova-reina-dels-majors\\\/\"},\"wordCount\":254,\"commentCount\":0,\"publisher\":{\"@id\":\"https:\\\/\\\/www.santjoandalacant.es\\\/ca\\\/#organization\"},\"image\":{\"@id\":\"https:\\\/\\\/www.santjoandalacant.es\\\/ca\\\/cristina-beneyto-es-la-nova-reina-dels-majors\\\/#primaryimage\"},\"thumbnailUrl\":\"https:\\\/\\\/www.santjoandalacant.es\\\/wp-content\\\/uploads\\\/2017\\\/06\\\/CORONACION_TERCERA_EDAD.jpg\",\"articleSection\":[\"Sin categorizar\"],\"inLanguage\":\"va\",\"potentialAction\":[{\"@type\":\"CommentAction\",\"name\":\"Comment\",\"target\":[\"https:\\\/\\\/www.santjoandalacant.es\\\/ca\\\/cristina-beneyto-es-la-nova-reina-dels-majors\\\/#respond\"]}]},{\"@type\":\"WebPage\",\"@id\":\"https:\\\/\\\/www.santjoandalacant.es\\\/ca\\\/cristina-beneyto-es-la-nova-reina-dels-majors\\\/\",\"url\":\"https:\\\/\\\/www.santjoandalacant.es\\\/ca\\\/cristina-beneyto-es-la-nova-reina-dels-majors\\\/\",\"name\":\"CRISTINA BENEYTO \u00c9S LA NOVA REINA DELS MAJORS - Sant Joan d&#039;Alacant\",\"isPartOf\":{\"@id\":\"https:\\\/\\\/www.santjoandalacant.es\\\/ca\\\/#website\"},\"primaryImageOfPage\":{\"@id\":\"https:\\\/\\\/www.santjoandalacant.es\\\/ca\\\/cristina-beneyto-es-la-nova-reina-dels-majors\\\/#primaryimage\"},\"image\":{\"@id\":\"https:\\\/\\\/www.santjoandalacant.es\\\/ca\\\/cristina-beneyto-es-la-nova-reina-dels-majors\\\/#primaryimage\"},\"thumbnailUrl\":\"https:\\\/\\\/www.santjoandalacant.es\\\/wp-content\\\/uploads\\\/2017\\\/06\\\/CORONACION_TERCERA_EDAD.jpg\",\"datePublished\":\"2014-06-02T11:33:31+00:00\",\"breadcrumb\":{\"@id\":\"https:\\\/\\\/www.santjoandalacant.es\\\/ca\\\/cristina-beneyto-es-la-nova-reina-dels-majors\\\/#breadcrumb\"},\"inLanguage\":\"va\",\"potentialAction\":[{\"@type\":\"ReadAction\",\"target\":[\"https:\\\/\\\/www.santjoandalacant.es\\\/ca\\\/cristina-beneyto-es-la-nova-reina-dels-majors\\\/\"]}]},{\"@type\":\"ImageObject\",\"inLanguage\":\"va\",\"@id\":\"https:\\\/\\\/www.santjoandalacant.es\\\/ca\\\/cristina-beneyto-es-la-nova-reina-dels-majors\\\/#primaryimage\",\"url\":\"https:\\\/\\\/www.santjoandalacant.es\\\/wp-content\\\/uploads\\\/2017\\\/06\\\/CORONACION_TERCERA_EDAD.jpg\",\"contentUrl\":\"https:\\\/\\\/www.santjoandalacant.es\\\/wp-content\\\/uploads\\\/2017\\\/06\\\/CORONACION_TERCERA_EDAD.jpg\",\"width\":526,\"height\":342},{\"@type\":\"BreadcrumbList\",\"@id\":\"https:\\\/\\\/www.santjoandalacant.es\\\/ca\\\/cristina-beneyto-es-la-nova-reina-dels-majors\\\/#breadcrumb\",\"itemListElement\":[{\"@type\":\"ListItem\",\"position\":1,\"name\":\"Inicio\",\"item\":\"https:\\\/\\\/www.santjoandalacant.es\\\/ca\\\/\"},{\"@type\":\"ListItem\",\"position\":2,\"name\":\"CRISTINA BENEYTO \u00c9S LA NOVA REINA DELS MAJORS\"}]},{\"@type\":\"WebSite\",\"@id\":\"https:\\\/\\\/www.santjoandalacant.es\\\/ca\\\/#website\",\"url\":\"https:\\\/\\\/www.santjoandalacant.es\\\/ca\\\/\",\"name\":\"Sant Joan d'Alacant\",\"description\":\"\",\"publisher\":{\"@id\":\"https:\\\/\\\/www.santjoandalacant.es\\\/ca\\\/#organization\"},\"potentialAction\":[{\"@type\":\"SearchAction\",\"target\":{\"@type\":\"EntryPoint\",\"urlTemplate\":\"https:\\\/\\\/www.santjoandalacant.es\\\/ca\\\/?s={search_term_string}\"},\"query-input\":{\"@type\":\"PropertyValueSpecification\",\"valueRequired\":true,\"valueName\":\"search_term_string\"}}],\"inLanguage\":\"va\"},{\"@type\":\"Organization\",\"@id\":\"https:\\\/\\\/www.santjoandalacant.es\\\/ca\\\/#organization\",\"name\":\"Sant Joan d'Alacant\",\"url\":\"https:\\\/\\\/www.santjoandalacant.es\\\/ca\\\/\",\"logo\":{\"@type\":\"ImageObject\",\"inLanguage\":\"va\",\"@id\":\"https:\\\/\\\/www.santjoandalacant.es\\\/ca\\\/#\\\/schema\\\/logo\\\/image\\\/\",\"url\":\"https:\\\/\\\/www.santjoandalacant.es\\\/wp-content\\\/uploads\\\/2023\\\/08\\\/logoSJ.png\",\"contentUrl\":\"https:\\\/\\\/www.santjoandalacant.es\\\/wp-content\\\/uploads\\\/2023\\\/08\\\/logoSJ.png\",\"width\":198,\"height\":253,\"caption\":\"Sant Joan d'Alacant\"},\"image\":{\"@id\":\"https:\\\/\\\/www.santjoandalacant.es\\\/ca\\\/#\\\/schema\\\/logo\\\/image\\\/\"},\"sameAs\":[\"https:\\\/\\\/www.facebook.com\\\/santjoandalacant\\\/\",\"https:\\\/\\\/www.instagram.com\\\/santjoandalacant\\\/\",\"https:\\\/\\\/www.youtube.com\\\/user\\\/santjoandalacant\"]},{\"@type\":\"Person\",\"@id\":\"https:\\\/\\\/www.santjoandalacant.es\\\/ca\\\/#\\\/schema\\\/person\\\/74b89bc7b26e6edafb76cd69420cd790\",\"name\":\"6tems\",\"image\":{\"@type\":\"ImageObject\",\"inLanguage\":\"va\",\"@id\":\"https:\\\/\\\/secure.gravatar.com\\\/avatar\\\/1c939d9bf86da56568327e5d52b159d089efba17cde140c49884e3fe77ef9c66?s=96&d=mm&r=g\",\"url\":\"https:\\\/\\\/secure.gravatar.com\\\/avatar\\\/1c939d9bf86da56568327e5d52b159d089efba17cde140c49884e3fe77ef9c66?s=96&d=mm&r=g\",\"contentUrl\":\"https:\\\/\\\/secure.gravatar.com\\\/avatar\\\/1c939d9bf86da56568327e5d52b159d089efba17cde140c49884e3fe77ef9c66?s=96&d=mm&r=g\",\"caption\":\"6tems\"},\"sameAs\":[\"https:\\\/\\\/www.santjoandalacant.es\"],\"url\":\"https:\\\/\\\/www.santjoandalacant.es\\\/ca\\\/author\\\/adminasap\\\/\"}]}<\/script>\n<!-- \/ Yoast SEO plugin. -->","yoast_head_json":{"title":"CRISTINA BENEYTO \u00c9S LA NOVA REINA DELS MAJORS - Sant Joan d&#039;Alacant","robots":{"index":"index","follow":"follow","max-snippet":"max-snippet:-1","max-image-preview":"max-image-preview:large","max-video-preview":"max-video-preview:-1"},"canonical":"https:\/\/www.santjoandalacant.es\/ca\/cristina-beneyto-es-la-nova-reina-dels-majors\/","og_locale":"en_US","og_type":"article","og_title":"CRISTINA BENEYTO \u00c9S LA NOVA REINA DELS MAJORS - Sant Joan d&#039;Alacant","og_description":"L'Auditori Antonio Gil de la Casa de Cultura de Sant Joan d'Alacant es vestia com l'Alhambra de Granada per a albergar en la nit del dissabte la Gala de Coronaci\u00f3 de les noves representants de la Tercera Edat del municipi. Cristina Beneyto, triada Reina dels Majors, compartia escenari amb Consuelo Ruiz i Cristina Garc\u00eda, els qui li acompanyaran en aquest mandat com a Dames d'Honor.","og_url":"https:\/\/www.santjoandalacant.es\/ca\/cristina-beneyto-es-la-nova-reina-dels-majors\/","og_site_name":"Sant Joan d&#039;Alacant","article_publisher":"https:\/\/www.facebook.com\/santjoandalacant\/","article_published_time":"2014-06-02T11:33:31+00:00","og_image":[{"width":526,"height":342,"url":"https:\/\/www.santjoandalacant.es\/wp-content\/uploads\/2017\/06\/CORONACION_TERCERA_EDAD.jpg","type":"image\/jpeg"}],"author":"6tems","twitter_card":"summary_large_image","twitter_misc":{"Written by":"6tems","Est. reading time":"1 minute"},"schema":{"@context":"https:\/\/schema.org","@graph":[{"@type":"Article","@id":"https:\/\/www.santjoandalacant.es\/ca\/cristina-beneyto-es-la-nova-reina-dels-majors\/#article","isPartOf":{"@id":"https:\/\/www.santjoandalacant.es\/ca\/cristina-beneyto-es-la-nova-reina-dels-majors\/"},"author":{"name":"6tems","@id":"https:\/\/www.santjoandalacant.es\/ca\/#\/schema\/person\/74b89bc7b26e6edafb76cd69420cd790"},"headline":"CRISTINA BENEYTO \u00c9S LA NOVA REINA DELS MAJORS","datePublished":"2014-06-02T11:33:31+00:00","mainEntityOfPage":{"@id":"https:\/\/www.santjoandalacant.es\/ca\/cristina-beneyto-es-la-nova-reina-dels-majors\/"},"wordCount":254,"commentCount":0,"publisher":{"@id":"https:\/\/www.santjoandalacant.es\/ca\/#organization"},"image":{"@id":"https:\/\/www.santjoandalacant.es\/ca\/cristina-beneyto-es-la-nova-reina-dels-majors\/#primaryimage"},"thumbnailUrl":"https:\/\/www.santjoandalacant.es\/wp-content\/uploads\/2017\/06\/CORONACION_TERCERA_EDAD.jpg","articleSection":["Sin categorizar"],"inLanguage":"va","potentialAction":[{"@type":"CommentAction","name":"Comment","target":["https:\/\/www.santjoandalacant.es\/ca\/cristina-beneyto-es-la-nova-reina-dels-majors\/#respond"]}]},{"@type":"WebPage","@id":"https:\/\/www.santjoandalacant.es\/ca\/cristina-beneyto-es-la-nova-reina-dels-majors\/","url":"https:\/\/www.santjoandalacant.es\/ca\/cristina-beneyto-es-la-nova-reina-dels-majors\/","name":"CRISTINA BENEYTO \u00c9S LA NOVA REINA DELS MAJORS - Sant Joan d&#039;Alacant","isPartOf":{"@id":"https:\/\/www.santjoandalacant.es\/ca\/#website"},"primaryImageOfPage":{"@id":"https:\/\/www.santjoandalacant.es\/ca\/cristina-beneyto-es-la-nova-reina-dels-majors\/#primaryimage"},"image":{"@id":"https:\/\/www.santjoandalacant.es\/ca\/cristina-beneyto-es-la-nova-reina-dels-majors\/#primaryimage"},"thumbnailUrl":"https:\/\/www.santjoandalacant.es\/wp-content\/uploads\/2017\/06\/CORONACION_TERCERA_EDAD.jpg","datePublished":"2014-06-02T11:33:31+00:00","breadcrumb":{"@id":"https:\/\/www.santjoandalacant.es\/ca\/cristina-beneyto-es-la-nova-reina-dels-majors\/#breadcrumb"},"inLanguage":"va","potentialAction":[{"@type":"ReadAction","target":["https:\/\/www.santjoandalacant.es\/ca\/cristina-beneyto-es-la-nova-reina-dels-majors\/"]}]},{"@type":"ImageObject","inLanguage":"va","@id":"https:\/\/www.santjoandalacant.es\/ca\/cristina-beneyto-es-la-nova-reina-dels-majors\/#primaryimage","url":"https:\/\/www.santjoandalacant.es\/wp-content\/uploads\/2017\/06\/CORONACION_TERCERA_EDAD.jpg","contentUrl":"https:\/\/www.santjoandalacant.es\/wp-content\/uploads\/2017\/06\/CORONACION_TERCERA_EDAD.jpg","width":526,"height":342},{"@type":"BreadcrumbList","@id":"https:\/\/www.santjoandalacant.es\/ca\/cristina-beneyto-es-la-nova-reina-dels-majors\/#breadcrumb","itemListElement":[{"@type":"ListItem","position":1,"name":"Inicio","item":"https:\/\/www.santjoandalacant.es\/ca\/"},{"@type":"ListItem","position":2,"name":"CRISTINA BENEYTO \u00c9S LA NOVA REINA DELS MAJORS"}]},{"@type":"WebSite","@id":"https:\/\/www.santjoandalacant.es\/ca\/#website","url":"https:\/\/www.santjoandalacant.es\/ca\/","name":"Sant Joan d'Alacant","description":"","publisher":{"@id":"https:\/\/www.santjoandalacant.es\/ca\/#organization"},"potentialAction":[{"@type":"SearchAction","target":{"@type":"EntryPoint","urlTemplate":"https:\/\/www.santjoandalacant.es\/ca\/?s={search_term_string}"},"query-input":{"@type":"PropertyValueSpecification","valueRequired":true,"valueName":"search_term_string"}}],"inLanguage":"va"},{"@type":"Organization","@id":"https:\/\/www.santjoandalacant.es\/ca\/#organization","name":"Sant Joan d'Alacant","url":"https:\/\/www.santjoandalacant.es\/ca\/","logo":{"@type":"ImageObject","inLanguage":"va","@id":"https:\/\/www.santjoandalacant.es\/ca\/#\/schema\/logo\/image\/","url":"https:\/\/www.santjoandalacant.es\/wp-content\/uploads\/2023\/08\/logoSJ.png","contentUrl":"https:\/\/www.santjoandalacant.es\/wp-content\/uploads\/2023\/08\/logoSJ.png","width":198,"height":253,"caption":"Sant Joan d'Alacant"},"image":{"@id":"https:\/\/www.santjoandalacant.es\/ca\/#\/schema\/logo\/image\/"},"sameAs":["https:\/\/www.facebook.com\/santjoandalacant\/","https:\/\/www.instagram.com\/santjoandalacant\/","https:\/\/www.youtube.com\/user\/santjoandalacant"]},{"@type":"Person","@id":"https:\/\/www.santjoandalacant.es\/ca\/#\/schema\/person\/74b89bc7b26e6edafb76cd69420cd790","name":"6tems","image":{"@type":"ImageObject","inLanguage":"va","@id":"https:\/\/secure.gravatar.com\/avatar\/1c939d9bf86da56568327e5d52b159d089efba17cde140c49884e3fe77ef9c66?s=96&d=mm&r=g","url":"https:\/\/secure.gravatar.com\/avatar\/1c939d9bf86da56568327e5d52b159d089efba17cde140c49884e3fe77ef9c66?s=96&d=mm&r=g","contentUrl":"https:\/\/secure.gravatar.com\/avatar\/1c939d9bf86da56568327e5d52b159d089efba17cde140c49884e3fe77ef9c66?s=96&d=mm&r=g","caption":"6tems"},"sameAs":["https:\/\/www.santjoandalacant.es"],"url":"https:\/\/www.santjoandalacant.es\/ca\/author\/adminasap\/"}]}},"_links":{"self":[{"href":"https:\/\/www.santjoandalacant.es\/ca\/wp-json\/wp\/v2\/posts\/77556","targetHints":{"allow":["GET"]}}],"collection":[{"href":"https:\/\/www.santjoandalacant.es\/ca\/wp-json\/wp\/v2\/posts"}],"about":[{"href":"https:\/\/www.santjoandalacant.es\/ca\/wp-json\/wp\/v2\/types\/post"}],"author":[{"embeddable":true,"href":"https:\/\/www.santjoandalacant.es\/ca\/wp-json\/wp\/v2\/users\/1"}],"replies":[{"embeddable":true,"href":"https:\/\/www.santjoandalacant.es\/ca\/wp-json\/wp\/v2\/comments?post=77556"}],"version-history":[{"count":0,"href":"https:\/\/www.santjoandalacant.es\/ca\/wp-json\/wp\/v2\/posts\/77556\/revisions"}],"wp:featuredmedia":[{"embeddable":true,"href":"https:\/\/www.santjoandalacant.es\/ca\/wp-json\/wp\/v2\/media\/32476"}],"wp:attachment":[{"href":"https:\/\/www.santjoandalacant.es\/ca\/wp-json\/wp\/v2\/media?parent=77556"}],"wp:term":[{"taxonomy":"category","embeddable":true,"href":"https:\/\/www.santjoandalacant.es\/ca\/wp-json\/wp\/v2\/categories?post=77556"},{"taxonomy":"post_tag","embeddable":true,"href":"https:\/\/www.santjoandalacant.es\/ca\/wp-json\/wp\/v2\/tags?post=77556"},{"taxonomy":"areas","embeddable":true,"href":"https:\/\/www.santjoandalacant.es\/ca\/wp-json\/wp\/v2\/areas?post=77556"}],"curies":[{"name":"wp","href":"https:\/\/api.w.org\/{rel}","templated":true}]}}