{"id":77559,"date":"2014-06-02T06:57:21","date_gmt":"2014-06-02T06:57:21","guid":{"rendered":"https:\/\/santjoan.developersasapglobalsolution.com\/finalitzen-els-tallers-culturals\/"},"modified":"2014-06-02T06:57:21","modified_gmt":"2014-06-02T06:57:21","slug":"finalitzen-els-tallers-culturals","status":"publish","type":"post","link":"https:\/\/www.santjoandalacant.es\/ca\/finalitzen-els-tallers-culturals\/","title":{"rendered":"FINALITZEN ELS TALLERS CULTURALS"},"content":{"rendered":"<p><span style=\"font-size: medium; font-family: 'Times New Roman'; color: #005682\">Durant aquesta setmana s&#8217;han lliurat els diplomes de participaci\u00f3 en els tallers culturals als 300 alumnes que han acabat el curs que va comen\u00e7ar el passat mes d&#8217;octubre. Els professors de cadascuna de les disciplines com a ballet, pintura, angl\u00e8s, balls, inform\u00e0tica, taichi, teatre, etc\u00e8tera, han anat lliurant els diplomes als seus alumnes.<\/span><\/p>\n<p><span style=\"font-size: medium; font-family: 'Times New Roman'; color: #005682\">Es van avan\u00e7ar, la setmana passada, els integrants del grup de teatre per a majors i el grup infantil, els qui tamb\u00e9 van representar una obra en la qual van mostrar els seus progressos com a artistes despr\u00e9s de la finalitzaci\u00f3 del curs. No obstant a\u00e7\u00f2, aquest diumenge ser\u00e0 el moment de veure els avan\u00e7os dels 50 alumnes de ballet que tindran el seu festival a les 18 hores en l&#8217;auditori Antonio Gil de la Casa de Cultura. A m\u00e9s, la setmana que ve s&#8217;inaugurar\u00e0 l&#8217;exposici\u00f3 dels alumnes d&#8217;arts pl\u00e0stiques.<\/span><\/p>\n","protected":false},"excerpt":{"rendered":"<p><span style=\"font-size: medium; font-family: 'Times New Roman'; color: #005682\">Durant aquesta setmana s&#8217;han lliurat els diplomes de participaci\u00f3 en els tallers culturals als 300 alumnes que han acabat el curs que va comen\u00e7ar el passat mes d&#8217;octubre. Els professors de cadascuna de les disciplines com a ballet, pintura, angl\u00e8s, balls, inform\u00e0tica, taichi, teatre, etc\u00e8tera, han anat lliurant els diplomes als seus alumnes.<\/span><\/p>\n","protected":false},"author":1,"featured_media":32488,"comment_status":"open","ping_status":"open","sticky":false,"template":"","format":"standard","meta":{"_acf_changed":false,"rs_blank_template":"","rs_page_bg_color":"","slide_template_v7":"","footnotes":""},"categories":[1],"tags":[],"areas":[1019],"class_list":["post-77559","post","type-post","status-publish","format-standard","has-post-thumbnail","hentry","category-sin-categorizar","areas-cultura-ca"],"acf":[],"yoast_head":"<!-- This site is optimized with the Yoast SEO plugin v28.2 - https:\/\/yoast.com\/product\/yoast-seo-wordpress\/ -->\n<title>FINALITZEN ELS TALLERS CULTURALS - Sant Joan d&#039;Alacant<\/title>\n<meta name=\"robots\" content=\"index, follow, max-snippet:-1, max-image-preview:large, max-video-preview:-1\" \/>\n<link rel=\"canonical\" href=\"https:\/\/www.santjoandalacant.es\/ca\/finalitzen-els-tallers-culturals\/\" \/>\n<meta property=\"og:locale\" content=\"en_US\" \/>\n<meta property=\"og:type\" content=\"article\" \/>\n<meta property=\"og:title\" content=\"FINALITZEN ELS TALLERS CULTURALS - Sant Joan d&#039;Alacant\" \/>\n<meta property=\"og:description\" content=\"Durant aquesta setmana s&#039;han lliurat els diplomes de participaci\u00f3 en els tallers culturals als 300 alumnes que han acabat el curs que va comen\u00e7ar el passat mes d&#039;octubre. Els professors de cadascuna de les disciplines com a ballet, pintura, angl\u00e8s, balls, inform\u00e0tica, taichi, teatre, etc\u00e8tera, han anat lliurant els diplomes als seus alumnes.\" \/>\n<meta property=\"og:url\" content=\"https:\/\/www.santjoandalacant.es\/ca\/finalitzen-els-tallers-culturals\/\" \/>\n<meta property=\"og:site_name\" content=\"Sant Joan d&#039;Alacant\" \/>\n<meta property=\"article:publisher\" content=\"https:\/\/www.facebook.com\/santjoandalacant\/\" \/>\n<meta property=\"article:published_time\" content=\"2014-06-02T06:57:21+00:00\" \/>\n<meta property=\"og:image\" content=\"https:\/\/www.santjoandalacant.es\/wp-content\/uploads\/2017\/06\/CARTEL_FESTIVAL_BALLET_2014.jpg\" \/>\n\t<meta property=\"og:image:width\" content=\"66\" \/>\n\t<meta property=\"og:image:height\" content=\"66\" \/>\n\t<meta property=\"og:image:type\" content=\"image\/jpeg\" \/>\n<meta name=\"author\" content=\"6tems\" \/>\n<meta name=\"twitter:card\" content=\"summary_large_image\" \/>\n<meta name=\"twitter:label1\" content=\"Written by\" \/>\n\t<meta name=\"twitter:data1\" content=\"6tems\" \/>\n\t<meta name=\"twitter:label2\" content=\"Est. reading time\" \/>\n\t<meta name=\"twitter:data2\" content=\"1 minute\" \/>\n<script type=\"application\/ld+json\" class=\"yoast-schema-graph\">{\"@context\":\"https:\\\/\\\/schema.org\",\"@graph\":[{\"@type\":\"Article\",\"@id\":\"https:\\\/\\\/www.santjoandalacant.es\\\/ca\\\/finalitzen-els-tallers-culturals\\\/#article\",\"isPartOf\":{\"@id\":\"https:\\\/\\\/www.santjoandalacant.es\\\/ca\\\/finalitzen-els-tallers-culturals\\\/\"},\"author\":{\"name\":\"6tems\",\"@id\":\"https:\\\/\\\/www.santjoandalacant.es\\\/ca\\\/#\\\/schema\\\/person\\\/74b89bc7b26e6edafb76cd69420cd790\"},\"headline\":\"FINALITZEN ELS TALLERS CULTURALS\",\"datePublished\":\"2014-06-02T06:57:21+00:00\",\"mainEntityOfPage\":{\"@id\":\"https:\\\/\\\/www.santjoandalacant.es\\\/ca\\\/finalitzen-els-tallers-culturals\\\/\"},\"wordCount\":159,\"commentCount\":0,\"publisher\":{\"@id\":\"https:\\\/\\\/www.santjoandalacant.es\\\/ca\\\/#organization\"},\"image\":{\"@id\":\"https:\\\/\\\/www.santjoandalacant.es\\\/ca\\\/finalitzen-els-tallers-culturals\\\/#primaryimage\"},\"thumbnailUrl\":\"https:\\\/\\\/www.santjoandalacant.es\\\/wp-content\\\/uploads\\\/2017\\\/06\\\/CARTEL_FESTIVAL_BALLET_2014.jpg\",\"articleSection\":[\"Sin categorizar\"],\"inLanguage\":\"va\",\"potentialAction\":[{\"@type\":\"CommentAction\",\"name\":\"Comment\",\"target\":[\"https:\\\/\\\/www.santjoandalacant.es\\\/ca\\\/finalitzen-els-tallers-culturals\\\/#respond\"]}]},{\"@type\":\"WebPage\",\"@id\":\"https:\\\/\\\/www.santjoandalacant.es\\\/ca\\\/finalitzen-els-tallers-culturals\\\/\",\"url\":\"https:\\\/\\\/www.santjoandalacant.es\\\/ca\\\/finalitzen-els-tallers-culturals\\\/\",\"name\":\"FINALITZEN ELS TALLERS CULTURALS - Sant Joan d&#039;Alacant\",\"isPartOf\":{\"@id\":\"https:\\\/\\\/www.santjoandalacant.es\\\/ca\\\/#website\"},\"primaryImageOfPage\":{\"@id\":\"https:\\\/\\\/www.santjoandalacant.es\\\/ca\\\/finalitzen-els-tallers-culturals\\\/#primaryimage\"},\"image\":{\"@id\":\"https:\\\/\\\/www.santjoandalacant.es\\\/ca\\\/finalitzen-els-tallers-culturals\\\/#primaryimage\"},\"thumbnailUrl\":\"https:\\\/\\\/www.santjoandalacant.es\\\/wp-content\\\/uploads\\\/2017\\\/06\\\/CARTEL_FESTIVAL_BALLET_2014.jpg\",\"datePublished\":\"2014-06-02T06:57:21+00:00\",\"breadcrumb\":{\"@id\":\"https:\\\/\\\/www.santjoandalacant.es\\\/ca\\\/finalitzen-els-tallers-culturals\\\/#breadcrumb\"},\"inLanguage\":\"va\",\"potentialAction\":[{\"@type\":\"ReadAction\",\"target\":[\"https:\\\/\\\/www.santjoandalacant.es\\\/ca\\\/finalitzen-els-tallers-culturals\\\/\"]}]},{\"@type\":\"ImageObject\",\"inLanguage\":\"va\",\"@id\":\"https:\\\/\\\/www.santjoandalacant.es\\\/ca\\\/finalitzen-els-tallers-culturals\\\/#primaryimage\",\"url\":\"https:\\\/\\\/www.santjoandalacant.es\\\/wp-content\\\/uploads\\\/2017\\\/06\\\/CARTEL_FESTIVAL_BALLET_2014.jpg\",\"contentUrl\":\"https:\\\/\\\/www.santjoandalacant.es\\\/wp-content\\\/uploads\\\/2017\\\/06\\\/CARTEL_FESTIVAL_BALLET_2014.jpg\",\"width\":66,\"height\":66},{\"@type\":\"BreadcrumbList\",\"@id\":\"https:\\\/\\\/www.santjoandalacant.es\\\/ca\\\/finalitzen-els-tallers-culturals\\\/#breadcrumb\",\"itemListElement\":[{\"@type\":\"ListItem\",\"position\":1,\"name\":\"Inicio\",\"item\":\"https:\\\/\\\/www.santjoandalacant.es\\\/ca\\\/\"},{\"@type\":\"ListItem\",\"position\":2,\"name\":\"FINALITZEN ELS TALLERS CULTURALS\"}]},{\"@type\":\"WebSite\",\"@id\":\"https:\\\/\\\/www.santjoandalacant.es\\\/ca\\\/#website\",\"url\":\"https:\\\/\\\/www.santjoandalacant.es\\\/ca\\\/\",\"name\":\"Sant Joan d'Alacant\",\"description\":\"\",\"publisher\":{\"@id\":\"https:\\\/\\\/www.santjoandalacant.es\\\/ca\\\/#organization\"},\"potentialAction\":[{\"@type\":\"SearchAction\",\"target\":{\"@type\":\"EntryPoint\",\"urlTemplate\":\"https:\\\/\\\/www.santjoandalacant.es\\\/ca\\\/?s={search_term_string}\"},\"query-input\":{\"@type\":\"PropertyValueSpecification\",\"valueRequired\":true,\"valueName\":\"search_term_string\"}}],\"inLanguage\":\"va\"},{\"@type\":\"Organization\",\"@id\":\"https:\\\/\\\/www.santjoandalacant.es\\\/ca\\\/#organization\",\"name\":\"Sant Joan d'Alacant\",\"url\":\"https:\\\/\\\/www.santjoandalacant.es\\\/ca\\\/\",\"logo\":{\"@type\":\"ImageObject\",\"inLanguage\":\"va\",\"@id\":\"https:\\\/\\\/www.santjoandalacant.es\\\/ca\\\/#\\\/schema\\\/logo\\\/image\\\/\",\"url\":\"https:\\\/\\\/www.santjoandalacant.es\\\/wp-content\\\/uploads\\\/2023\\\/08\\\/logoSJ.png\",\"contentUrl\":\"https:\\\/\\\/www.santjoandalacant.es\\\/wp-content\\\/uploads\\\/2023\\\/08\\\/logoSJ.png\",\"width\":198,\"height\":253,\"caption\":\"Sant Joan d'Alacant\"},\"image\":{\"@id\":\"https:\\\/\\\/www.santjoandalacant.es\\\/ca\\\/#\\\/schema\\\/logo\\\/image\\\/\"},\"sameAs\":[\"https:\\\/\\\/www.facebook.com\\\/santjoandalacant\\\/\",\"https:\\\/\\\/www.instagram.com\\\/santjoandalacant\\\/\",\"https:\\\/\\\/www.youtube.com\\\/user\\\/santjoandalacant\"]},{\"@type\":\"Person\",\"@id\":\"https:\\\/\\\/www.santjoandalacant.es\\\/ca\\\/#\\\/schema\\\/person\\\/74b89bc7b26e6edafb76cd69420cd790\",\"name\":\"6tems\",\"image\":{\"@type\":\"ImageObject\",\"inLanguage\":\"va\",\"@id\":\"https:\\\/\\\/secure.gravatar.com\\\/avatar\\\/1c939d9bf86da56568327e5d52b159d089efba17cde140c49884e3fe77ef9c66?s=96&d=mm&r=g\",\"url\":\"https:\\\/\\\/secure.gravatar.com\\\/avatar\\\/1c939d9bf86da56568327e5d52b159d089efba17cde140c49884e3fe77ef9c66?s=96&d=mm&r=g\",\"contentUrl\":\"https:\\\/\\\/secure.gravatar.com\\\/avatar\\\/1c939d9bf86da56568327e5d52b159d089efba17cde140c49884e3fe77ef9c66?s=96&d=mm&r=g\",\"caption\":\"6tems\"},\"sameAs\":[\"https:\\\/\\\/www.santjoandalacant.es\"],\"url\":\"https:\\\/\\\/www.santjoandalacant.es\\\/ca\\\/author\\\/adminasap\\\/\"}]}<\/script>\n<!-- \/ Yoast SEO plugin. -->","yoast_head_json":{"title":"FINALITZEN ELS TALLERS CULTURALS - Sant Joan d&#039;Alacant","robots":{"index":"index","follow":"follow","max-snippet":"max-snippet:-1","max-image-preview":"max-image-preview:large","max-video-preview":"max-video-preview:-1"},"canonical":"https:\/\/www.santjoandalacant.es\/ca\/finalitzen-els-tallers-culturals\/","og_locale":"en_US","og_type":"article","og_title":"FINALITZEN ELS TALLERS CULTURALS - Sant Joan d&#039;Alacant","og_description":"Durant aquesta setmana s'han lliurat els diplomes de participaci\u00f3 en els tallers culturals als 300 alumnes que han acabat el curs que va comen\u00e7ar el passat mes d'octubre. Els professors de cadascuna de les disciplines com a ballet, pintura, angl\u00e8s, balls, inform\u00e0tica, taichi, teatre, etc\u00e8tera, han anat lliurant els diplomes als seus alumnes.","og_url":"https:\/\/www.santjoandalacant.es\/ca\/finalitzen-els-tallers-culturals\/","og_site_name":"Sant Joan d&#039;Alacant","article_publisher":"https:\/\/www.facebook.com\/santjoandalacant\/","article_published_time":"2014-06-02T06:57:21+00:00","og_image":[{"width":66,"height":66,"url":"https:\/\/www.santjoandalacant.es\/wp-content\/uploads\/2017\/06\/CARTEL_FESTIVAL_BALLET_2014.jpg","type":"image\/jpeg"}],"author":"6tems","twitter_card":"summary_large_image","twitter_misc":{"Written by":"6tems","Est. reading time":"1 minute"},"schema":{"@context":"https:\/\/schema.org","@graph":[{"@type":"Article","@id":"https:\/\/www.santjoandalacant.es\/ca\/finalitzen-els-tallers-culturals\/#article","isPartOf":{"@id":"https:\/\/www.santjoandalacant.es\/ca\/finalitzen-els-tallers-culturals\/"},"author":{"name":"6tems","@id":"https:\/\/www.santjoandalacant.es\/ca\/#\/schema\/person\/74b89bc7b26e6edafb76cd69420cd790"},"headline":"FINALITZEN ELS TALLERS CULTURALS","datePublished":"2014-06-02T06:57:21+00:00","mainEntityOfPage":{"@id":"https:\/\/www.santjoandalacant.es\/ca\/finalitzen-els-tallers-culturals\/"},"wordCount":159,"commentCount":0,"publisher":{"@id":"https:\/\/www.santjoandalacant.es\/ca\/#organization"},"image":{"@id":"https:\/\/www.santjoandalacant.es\/ca\/finalitzen-els-tallers-culturals\/#primaryimage"},"thumbnailUrl":"https:\/\/www.santjoandalacant.es\/wp-content\/uploads\/2017\/06\/CARTEL_FESTIVAL_BALLET_2014.jpg","articleSection":["Sin categorizar"],"inLanguage":"va","potentialAction":[{"@type":"CommentAction","name":"Comment","target":["https:\/\/www.santjoandalacant.es\/ca\/finalitzen-els-tallers-culturals\/#respond"]}]},{"@type":"WebPage","@id":"https:\/\/www.santjoandalacant.es\/ca\/finalitzen-els-tallers-culturals\/","url":"https:\/\/www.santjoandalacant.es\/ca\/finalitzen-els-tallers-culturals\/","name":"FINALITZEN ELS TALLERS CULTURALS - Sant Joan d&#039;Alacant","isPartOf":{"@id":"https:\/\/www.santjoandalacant.es\/ca\/#website"},"primaryImageOfPage":{"@id":"https:\/\/www.santjoandalacant.es\/ca\/finalitzen-els-tallers-culturals\/#primaryimage"},"image":{"@id":"https:\/\/www.santjoandalacant.es\/ca\/finalitzen-els-tallers-culturals\/#primaryimage"},"thumbnailUrl":"https:\/\/www.santjoandalacant.es\/wp-content\/uploads\/2017\/06\/CARTEL_FESTIVAL_BALLET_2014.jpg","datePublished":"2014-06-02T06:57:21+00:00","breadcrumb":{"@id":"https:\/\/www.santjoandalacant.es\/ca\/finalitzen-els-tallers-culturals\/#breadcrumb"},"inLanguage":"va","potentialAction":[{"@type":"ReadAction","target":["https:\/\/www.santjoandalacant.es\/ca\/finalitzen-els-tallers-culturals\/"]}]},{"@type":"ImageObject","inLanguage":"va","@id":"https:\/\/www.santjoandalacant.es\/ca\/finalitzen-els-tallers-culturals\/#primaryimage","url":"https:\/\/www.santjoandalacant.es\/wp-content\/uploads\/2017\/06\/CARTEL_FESTIVAL_BALLET_2014.jpg","contentUrl":"https:\/\/www.santjoandalacant.es\/wp-content\/uploads\/2017\/06\/CARTEL_FESTIVAL_BALLET_2014.jpg","width":66,"height":66},{"@type":"BreadcrumbList","@id":"https:\/\/www.santjoandalacant.es\/ca\/finalitzen-els-tallers-culturals\/#breadcrumb","itemListElement":[{"@type":"ListItem","position":1,"name":"Inicio","item":"https:\/\/www.santjoandalacant.es\/ca\/"},{"@type":"ListItem","position":2,"name":"FINALITZEN ELS TALLERS CULTURALS"}]},{"@type":"WebSite","@id":"https:\/\/www.santjoandalacant.es\/ca\/#website","url":"https:\/\/www.santjoandalacant.es\/ca\/","name":"Sant Joan d'Alacant","description":"","publisher":{"@id":"https:\/\/www.santjoandalacant.es\/ca\/#organization"},"potentialAction":[{"@type":"SearchAction","target":{"@type":"EntryPoint","urlTemplate":"https:\/\/www.santjoandalacant.es\/ca\/?s={search_term_string}"},"query-input":{"@type":"PropertyValueSpecification","valueRequired":true,"valueName":"search_term_string"}}],"inLanguage":"va"},{"@type":"Organization","@id":"https:\/\/www.santjoandalacant.es\/ca\/#organization","name":"Sant Joan d'Alacant","url":"https:\/\/www.santjoandalacant.es\/ca\/","logo":{"@type":"ImageObject","inLanguage":"va","@id":"https:\/\/www.santjoandalacant.es\/ca\/#\/schema\/logo\/image\/","url":"https:\/\/www.santjoandalacant.es\/wp-content\/uploads\/2023\/08\/logoSJ.png","contentUrl":"https:\/\/www.santjoandalacant.es\/wp-content\/uploads\/2023\/08\/logoSJ.png","width":198,"height":253,"caption":"Sant Joan d'Alacant"},"image":{"@id":"https:\/\/www.santjoandalacant.es\/ca\/#\/schema\/logo\/image\/"},"sameAs":["https:\/\/www.facebook.com\/santjoandalacant\/","https:\/\/www.instagram.com\/santjoandalacant\/","https:\/\/www.youtube.com\/user\/santjoandalacant"]},{"@type":"Person","@id":"https:\/\/www.santjoandalacant.es\/ca\/#\/schema\/person\/74b89bc7b26e6edafb76cd69420cd790","name":"6tems","image":{"@type":"ImageObject","inLanguage":"va","@id":"https:\/\/secure.gravatar.com\/avatar\/1c939d9bf86da56568327e5d52b159d089efba17cde140c49884e3fe77ef9c66?s=96&d=mm&r=g","url":"https:\/\/secure.gravatar.com\/avatar\/1c939d9bf86da56568327e5d52b159d089efba17cde140c49884e3fe77ef9c66?s=96&d=mm&r=g","contentUrl":"https:\/\/secure.gravatar.com\/avatar\/1c939d9bf86da56568327e5d52b159d089efba17cde140c49884e3fe77ef9c66?s=96&d=mm&r=g","caption":"6tems"},"sameAs":["https:\/\/www.santjoandalacant.es"],"url":"https:\/\/www.santjoandalacant.es\/ca\/author\/adminasap\/"}]}},"_links":{"self":[{"href":"https:\/\/www.santjoandalacant.es\/ca\/wp-json\/wp\/v2\/posts\/77559","targetHints":{"allow":["GET"]}}],"collection":[{"href":"https:\/\/www.santjoandalacant.es\/ca\/wp-json\/wp\/v2\/posts"}],"about":[{"href":"https:\/\/www.santjoandalacant.es\/ca\/wp-json\/wp\/v2\/types\/post"}],"author":[{"embeddable":true,"href":"https:\/\/www.santjoandalacant.es\/ca\/wp-json\/wp\/v2\/users\/1"}],"replies":[{"embeddable":true,"href":"https:\/\/www.santjoandalacant.es\/ca\/wp-json\/wp\/v2\/comments?post=77559"}],"version-history":[{"count":0,"href":"https:\/\/www.santjoandalacant.es\/ca\/wp-json\/wp\/v2\/posts\/77559\/revisions"}],"wp:featuredmedia":[{"embeddable":true,"href":"https:\/\/www.santjoandalacant.es\/ca\/wp-json\/wp\/v2\/media\/32488"}],"wp:attachment":[{"href":"https:\/\/www.santjoandalacant.es\/ca\/wp-json\/wp\/v2\/media?parent=77559"}],"wp:term":[{"taxonomy":"category","embeddable":true,"href":"https:\/\/www.santjoandalacant.es\/ca\/wp-json\/wp\/v2\/categories?post=77559"},{"taxonomy":"post_tag","embeddable":true,"href":"https:\/\/www.santjoandalacant.es\/ca\/wp-json\/wp\/v2\/tags?post=77559"},{"taxonomy":"areas","embeddable":true,"href":"https:\/\/www.santjoandalacant.es\/ca\/wp-json\/wp\/v2\/areas?post=77559"}],"curies":[{"name":"wp","href":"https:\/\/api.w.org\/{rel}","templated":true}]}}