{"id":77610,"date":"2014-05-09T12:02:28","date_gmt":"2014-05-09T12:02:28","guid":{"rendered":"https:\/\/santjoan.developersasapglobalsolution.com\/campana-per-a-fomentar-la-contractacio-de-dones\/"},"modified":"2014-05-09T12:02:28","modified_gmt":"2014-05-09T12:02:28","slug":"campana-per-a-fomentar-la-contractacio-de-dones","status":"publish","type":"post","link":"https:\/\/www.santjoandalacant.es\/ca\/campana-per-a-fomentar-la-contractacio-de-dones\/","title":{"rendered":"CAMPA\u00d1A PER A FOMENTAR LA CONTRACTACI\u00d3 DE DONES"},"content":{"rendered":"<p>\nDe les reunions de la plataforma &quot;<u>Mesa d&#8217;Igualtat<\/u>&quot; naix la campanya &quot;Contr\u00e1talas&quot; que s&#8217;engega per a afavorir la contractaci\u00f3 de dones, dirigint-se a les empreses privades amb l&#8217;objectiu d&#8217;informar-los sobre els avantatges fiscals que s&#8217;obtindrien. Un projecte en el qual col\u00b7labora l&#8217;\u00e0rea de Dona i Igualtat de l&#8217;Ajuntament de Sant Joan d&#8217;Alacant, a trav\u00e9s de la difusi\u00f3 i divulgaci\u00f3, com una actuaci\u00f3 d&#8217;aquesta regidoria en favor de la igualtat d&#8217;oportunitats.\n<\/p>\n<p>\nI \u00e9s que, segons afirma el programa, contractant a dones es contribueix al foment de la igualtat aconseguint a m\u00e9s que l&#8217;empresa obtinga, entre altres coses que s&#8217;especifiquen, un millor clima laboral, a m\u00e9s de retenci\u00f3 del talent, refor\u00e7 de la sostenibilitat de l&#8217;empresa, enriquiment en el funcionament, aix\u00ed com preparaci\u00f3, motivaci\u00f3 i inter\u00e8s, amb el que tot a\u00e7\u00f2 redundar\u00e0 en beneficis econ\u00f2mics. <\/p>\n<p>La &quot;<u>Taula d&#8217;Igualtat<\/u>&quot;, situada en el &quot;Programa Operatiu de Lluita Contra la Discriminaci\u00f3 2007-2013&quot;, \u00e9s un equip de treball coordinat per Creu Roja Alacant que compta amb la col\u00b7laboraci\u00f3 de l&#8217;administraci\u00f3 p\u00fablica, aix\u00ed com el teixit social i empresarial de la prov\u00edncia, que el seu objectiu \u00e9s promoure la igualtat entre dones i homes en l&#8217;\u00e0mbit laboral.\n<\/p>\n<p>\nParticipa la Generalitat Valenciana i la Diputaci\u00f3 Provincial d&#8217;Alacant, aix\u00ed com els ajuntaments d&#8217;Alacant, Elx, Sant Joan d&#8217;Alacant, El Campello, Sant Vicent del Raspeig i Mutxamel, a m\u00e9s de la Universitat d&#8217;Alacant, Confederaci\u00f3 Empresarial de la Prov\u00edncia d&#8217;Alacant, Associaci\u00f3 d&#8217;Empres\u00e0ries de la Prov\u00edncia d&#8217;Alacant, Fundaci\u00f3 Nova Feina i Fundaci\u00f3 Secretariat Gitano.\n<\/p>\n<p>\n&#160;<\/p>\n","protected":false},"excerpt":{"rendered":"<p>\nDe les reunions de la plataforma &quot;<u>Mesa d&#8217;Igualtat<\/u>&quot; naix la campanya &quot;Contr\u00e1talas&quot; que s&#8217;engega per a afavorir la contractaci\u00f3 de dones, dirigint-se a les empreses privades amb l&#8217;objectiu d&#8217;informar-los sobre els avantatges fiscals que s&#8217;obtindrien. Un projecte en el qual col\u00b7labora l&#8217;\u00e0rea de Dona i Igualtat de l&#8217;Ajuntament de Sant Joan d&#8217;Alacant, a trav\u00e9s de la difusi\u00f3 i divulgaci\u00f3, com una actuaci\u00f3 d&#8217;aquesta regidoria en favor de la igualtat d&#8217;oportunitats.<\/p>\n","protected":false},"author":1,"featured_media":32685,"comment_status":"open","ping_status":"open","sticky":false,"template":"","format":"standard","meta":{"_acf_changed":false,"rs_blank_template":"","rs_page_bg_color":"","slide_template_v7":"","footnotes":""},"categories":[1],"tags":[],"areas":[1003],"class_list":["post-77610","post","type-post","status-publish","format-standard","has-post-thumbnail","hentry","category-sin-categorizar","areas-igualdad-ca"],"acf":[],"yoast_head":"<!-- This site is optimized with the Yoast SEO plugin v28.2 - https:\/\/yoast.com\/product\/yoast-seo-wordpress\/ -->\n<title>CAMPA\u00d1A PER A FOMENTAR LA CONTRACTACI\u00d3 DE DONES - Sant Joan d&#039;Alacant<\/title>\n<meta name=\"robots\" content=\"index, follow, max-snippet:-1, max-image-preview:large, max-video-preview:-1\" \/>\n<link rel=\"canonical\" href=\"https:\/\/www.santjoandalacant.es\/ca\/campana-per-a-fomentar-la-contractacio-de-dones\/\" \/>\n<meta property=\"og:locale\" content=\"en_US\" \/>\n<meta property=\"og:type\" content=\"article\" \/>\n<meta property=\"og:title\" content=\"CAMPA\u00d1A PER A FOMENTAR LA CONTRACTACI\u00d3 DE DONES - Sant Joan d&#039;Alacant\" \/>\n<meta property=\"og:description\" content=\"De les reunions de la plataforma &quot;Mesa d&#039;Igualtat&quot; naix la campanya &quot;Contr\u00e1talas&quot; que s&#039;engega per a afavorir la contractaci\u00f3 de dones, dirigint-se a les empreses privades amb l&#039;objectiu d&#039;informar-los sobre els avantatges fiscals que s&#039;obtindrien. Un projecte en el qual col\u00b7labora l&#039;\u00e0rea de Dona i Igualtat de l&#039;Ajuntament de Sant Joan d&#039;Alacant, a trav\u00e9s de la difusi\u00f3 i divulgaci\u00f3, com una actuaci\u00f3 d&#039;aquesta regidoria en favor de la igualtat d&#039;oportunitats.\" \/>\n<meta property=\"og:url\" content=\"https:\/\/www.santjoandalacant.es\/ca\/campana-per-a-fomentar-la-contractacio-de-dones\/\" \/>\n<meta property=\"og:site_name\" content=\"Sant Joan d&#039;Alacant\" \/>\n<meta property=\"article:publisher\" content=\"https:\/\/www.facebook.com\/santjoandalacant\/\" \/>\n<meta property=\"article:published_time\" content=\"2014-05-09T12:02:28+00:00\" \/>\n<meta property=\"og:image\" content=\"https:\/\/www.santjoandalacant.es\/wp-content\/uploads\/2017\/06\/CAMPANA_CONTRATALAS_02.jpg\" \/>\n\t<meta property=\"og:image:width\" content=\"66\" \/>\n\t<meta property=\"og:image:height\" content=\"66\" \/>\n\t<meta property=\"og:image:type\" content=\"image\/jpeg\" \/>\n<meta name=\"author\" content=\"6tems\" \/>\n<meta name=\"twitter:card\" content=\"summary_large_image\" \/>\n<meta name=\"twitter:label1\" content=\"Written by\" \/>\n\t<meta name=\"twitter:data1\" content=\"6tems\" \/>\n\t<meta name=\"twitter:label2\" content=\"Est. reading time\" \/>\n\t<meta name=\"twitter:data2\" content=\"1 minute\" \/>\n<script type=\"application\/ld+json\" class=\"yoast-schema-graph\">{\"@context\":\"https:\\\/\\\/schema.org\",\"@graph\":[{\"@type\":\"Article\",\"@id\":\"https:\\\/\\\/www.santjoandalacant.es\\\/ca\\\/campana-per-a-fomentar-la-contractacio-de-dones\\\/#article\",\"isPartOf\":{\"@id\":\"https:\\\/\\\/www.santjoandalacant.es\\\/ca\\\/campana-per-a-fomentar-la-contractacio-de-dones\\\/\"},\"author\":{\"name\":\"6tems\",\"@id\":\"https:\\\/\\\/www.santjoandalacant.es\\\/ca\\\/#\\\/schema\\\/person\\\/74b89bc7b26e6edafb76cd69420cd790\"},\"headline\":\"CAMPA\u00d1A PER A FOMENTAR LA CONTRACTACI\u00d3 DE DONES\",\"datePublished\":\"2014-05-09T12:02:28+00:00\",\"mainEntityOfPage\":{\"@id\":\"https:\\\/\\\/www.santjoandalacant.es\\\/ca\\\/campana-per-a-fomentar-la-contractacio-de-dones\\\/\"},\"wordCount\":295,\"commentCount\":0,\"publisher\":{\"@id\":\"https:\\\/\\\/www.santjoandalacant.es\\\/ca\\\/#organization\"},\"image\":{\"@id\":\"https:\\\/\\\/www.santjoandalacant.es\\\/ca\\\/campana-per-a-fomentar-la-contractacio-de-dones\\\/#primaryimage\"},\"thumbnailUrl\":\"https:\\\/\\\/www.santjoandalacant.es\\\/wp-content\\\/uploads\\\/2017\\\/06\\\/CAMPANA_CONTRATALAS_02.jpg\",\"articleSection\":[\"Sin categorizar\"],\"inLanguage\":\"va\",\"potentialAction\":[{\"@type\":\"CommentAction\",\"name\":\"Comment\",\"target\":[\"https:\\\/\\\/www.santjoandalacant.es\\\/ca\\\/campana-per-a-fomentar-la-contractacio-de-dones\\\/#respond\"]}]},{\"@type\":\"WebPage\",\"@id\":\"https:\\\/\\\/www.santjoandalacant.es\\\/ca\\\/campana-per-a-fomentar-la-contractacio-de-dones\\\/\",\"url\":\"https:\\\/\\\/www.santjoandalacant.es\\\/ca\\\/campana-per-a-fomentar-la-contractacio-de-dones\\\/\",\"name\":\"CAMPA\u00d1A PER A FOMENTAR LA CONTRACTACI\u00d3 DE DONES - Sant Joan d&#039;Alacant\",\"isPartOf\":{\"@id\":\"https:\\\/\\\/www.santjoandalacant.es\\\/ca\\\/#website\"},\"primaryImageOfPage\":{\"@id\":\"https:\\\/\\\/www.santjoandalacant.es\\\/ca\\\/campana-per-a-fomentar-la-contractacio-de-dones\\\/#primaryimage\"},\"image\":{\"@id\":\"https:\\\/\\\/www.santjoandalacant.es\\\/ca\\\/campana-per-a-fomentar-la-contractacio-de-dones\\\/#primaryimage\"},\"thumbnailUrl\":\"https:\\\/\\\/www.santjoandalacant.es\\\/wp-content\\\/uploads\\\/2017\\\/06\\\/CAMPANA_CONTRATALAS_02.jpg\",\"datePublished\":\"2014-05-09T12:02:28+00:00\",\"breadcrumb\":{\"@id\":\"https:\\\/\\\/www.santjoandalacant.es\\\/ca\\\/campana-per-a-fomentar-la-contractacio-de-dones\\\/#breadcrumb\"},\"inLanguage\":\"va\",\"potentialAction\":[{\"@type\":\"ReadAction\",\"target\":[\"https:\\\/\\\/www.santjoandalacant.es\\\/ca\\\/campana-per-a-fomentar-la-contractacio-de-dones\\\/\"]}]},{\"@type\":\"ImageObject\",\"inLanguage\":\"va\",\"@id\":\"https:\\\/\\\/www.santjoandalacant.es\\\/ca\\\/campana-per-a-fomentar-la-contractacio-de-dones\\\/#primaryimage\",\"url\":\"https:\\\/\\\/www.santjoandalacant.es\\\/wp-content\\\/uploads\\\/2017\\\/06\\\/CAMPANA_CONTRATALAS_02.jpg\",\"contentUrl\":\"https:\\\/\\\/www.santjoandalacant.es\\\/wp-content\\\/uploads\\\/2017\\\/06\\\/CAMPANA_CONTRATALAS_02.jpg\",\"width\":66,\"height\":66},{\"@type\":\"BreadcrumbList\",\"@id\":\"https:\\\/\\\/www.santjoandalacant.es\\\/ca\\\/campana-per-a-fomentar-la-contractacio-de-dones\\\/#breadcrumb\",\"itemListElement\":[{\"@type\":\"ListItem\",\"position\":1,\"name\":\"Inicio\",\"item\":\"https:\\\/\\\/www.santjoandalacant.es\\\/ca\\\/\"},{\"@type\":\"ListItem\",\"position\":2,\"name\":\"CAMPA\u00d1A PER A FOMENTAR LA CONTRACTACI\u00d3 DE DONES\"}]},{\"@type\":\"WebSite\",\"@id\":\"https:\\\/\\\/www.santjoandalacant.es\\\/ca\\\/#website\",\"url\":\"https:\\\/\\\/www.santjoandalacant.es\\\/ca\\\/\",\"name\":\"Sant Joan d'Alacant\",\"description\":\"\",\"publisher\":{\"@id\":\"https:\\\/\\\/www.santjoandalacant.es\\\/ca\\\/#organization\"},\"potentialAction\":[{\"@type\":\"SearchAction\",\"target\":{\"@type\":\"EntryPoint\",\"urlTemplate\":\"https:\\\/\\\/www.santjoandalacant.es\\\/ca\\\/?s={search_term_string}\"},\"query-input\":{\"@type\":\"PropertyValueSpecification\",\"valueRequired\":true,\"valueName\":\"search_term_string\"}}],\"inLanguage\":\"va\"},{\"@type\":\"Organization\",\"@id\":\"https:\\\/\\\/www.santjoandalacant.es\\\/ca\\\/#organization\",\"name\":\"Sant Joan d'Alacant\",\"url\":\"https:\\\/\\\/www.santjoandalacant.es\\\/ca\\\/\",\"logo\":{\"@type\":\"ImageObject\",\"inLanguage\":\"va\",\"@id\":\"https:\\\/\\\/www.santjoandalacant.es\\\/ca\\\/#\\\/schema\\\/logo\\\/image\\\/\",\"url\":\"https:\\\/\\\/www.santjoandalacant.es\\\/wp-content\\\/uploads\\\/2023\\\/08\\\/logoSJ.png\",\"contentUrl\":\"https:\\\/\\\/www.santjoandalacant.es\\\/wp-content\\\/uploads\\\/2023\\\/08\\\/logoSJ.png\",\"width\":198,\"height\":253,\"caption\":\"Sant Joan d'Alacant\"},\"image\":{\"@id\":\"https:\\\/\\\/www.santjoandalacant.es\\\/ca\\\/#\\\/schema\\\/logo\\\/image\\\/\"},\"sameAs\":[\"https:\\\/\\\/www.facebook.com\\\/santjoandalacant\\\/\",\"https:\\\/\\\/www.instagram.com\\\/santjoandalacant\\\/\",\"https:\\\/\\\/www.youtube.com\\\/user\\\/santjoandalacant\"]},{\"@type\":\"Person\",\"@id\":\"https:\\\/\\\/www.santjoandalacant.es\\\/ca\\\/#\\\/schema\\\/person\\\/74b89bc7b26e6edafb76cd69420cd790\",\"name\":\"6tems\",\"image\":{\"@type\":\"ImageObject\",\"inLanguage\":\"va\",\"@id\":\"https:\\\/\\\/secure.gravatar.com\\\/avatar\\\/1c939d9bf86da56568327e5d52b159d089efba17cde140c49884e3fe77ef9c66?s=96&d=mm&r=g\",\"url\":\"https:\\\/\\\/secure.gravatar.com\\\/avatar\\\/1c939d9bf86da56568327e5d52b159d089efba17cde140c49884e3fe77ef9c66?s=96&d=mm&r=g\",\"contentUrl\":\"https:\\\/\\\/secure.gravatar.com\\\/avatar\\\/1c939d9bf86da56568327e5d52b159d089efba17cde140c49884e3fe77ef9c66?s=96&d=mm&r=g\",\"caption\":\"6tems\"},\"sameAs\":[\"https:\\\/\\\/www.santjoandalacant.es\"],\"url\":\"https:\\\/\\\/www.santjoandalacant.es\\\/ca\\\/author\\\/adminasap\\\/\"}]}<\/script>\n<!-- \/ Yoast SEO plugin. -->","yoast_head_json":{"title":"CAMPA\u00d1A PER A FOMENTAR LA CONTRACTACI\u00d3 DE DONES - Sant Joan d&#039;Alacant","robots":{"index":"index","follow":"follow","max-snippet":"max-snippet:-1","max-image-preview":"max-image-preview:large","max-video-preview":"max-video-preview:-1"},"canonical":"https:\/\/www.santjoandalacant.es\/ca\/campana-per-a-fomentar-la-contractacio-de-dones\/","og_locale":"en_US","og_type":"article","og_title":"CAMPA\u00d1A PER A FOMENTAR LA CONTRACTACI\u00d3 DE DONES - Sant Joan d&#039;Alacant","og_description":"De les reunions de la plataforma &quot;Mesa d'Igualtat&quot; naix la campanya &quot;Contr\u00e1talas&quot; que s'engega per a afavorir la contractaci\u00f3 de dones, dirigint-se a les empreses privades amb l'objectiu d'informar-los sobre els avantatges fiscals que s'obtindrien. Un projecte en el qual col\u00b7labora l'\u00e0rea de Dona i Igualtat de l'Ajuntament de Sant Joan d'Alacant, a trav\u00e9s de la difusi\u00f3 i divulgaci\u00f3, com una actuaci\u00f3 d'aquesta regidoria en favor de la igualtat d'oportunitats.","og_url":"https:\/\/www.santjoandalacant.es\/ca\/campana-per-a-fomentar-la-contractacio-de-dones\/","og_site_name":"Sant Joan d&#039;Alacant","article_publisher":"https:\/\/www.facebook.com\/santjoandalacant\/","article_published_time":"2014-05-09T12:02:28+00:00","og_image":[{"width":66,"height":66,"url":"https:\/\/www.santjoandalacant.es\/wp-content\/uploads\/2017\/06\/CAMPANA_CONTRATALAS_02.jpg","type":"image\/jpeg"}],"author":"6tems","twitter_card":"summary_large_image","twitter_misc":{"Written by":"6tems","Est. reading time":"1 minute"},"schema":{"@context":"https:\/\/schema.org","@graph":[{"@type":"Article","@id":"https:\/\/www.santjoandalacant.es\/ca\/campana-per-a-fomentar-la-contractacio-de-dones\/#article","isPartOf":{"@id":"https:\/\/www.santjoandalacant.es\/ca\/campana-per-a-fomentar-la-contractacio-de-dones\/"},"author":{"name":"6tems","@id":"https:\/\/www.santjoandalacant.es\/ca\/#\/schema\/person\/74b89bc7b26e6edafb76cd69420cd790"},"headline":"CAMPA\u00d1A PER A FOMENTAR LA CONTRACTACI\u00d3 DE DONES","datePublished":"2014-05-09T12:02:28+00:00","mainEntityOfPage":{"@id":"https:\/\/www.santjoandalacant.es\/ca\/campana-per-a-fomentar-la-contractacio-de-dones\/"},"wordCount":295,"commentCount":0,"publisher":{"@id":"https:\/\/www.santjoandalacant.es\/ca\/#organization"},"image":{"@id":"https:\/\/www.santjoandalacant.es\/ca\/campana-per-a-fomentar-la-contractacio-de-dones\/#primaryimage"},"thumbnailUrl":"https:\/\/www.santjoandalacant.es\/wp-content\/uploads\/2017\/06\/CAMPANA_CONTRATALAS_02.jpg","articleSection":["Sin categorizar"],"inLanguage":"va","potentialAction":[{"@type":"CommentAction","name":"Comment","target":["https:\/\/www.santjoandalacant.es\/ca\/campana-per-a-fomentar-la-contractacio-de-dones\/#respond"]}]},{"@type":"WebPage","@id":"https:\/\/www.santjoandalacant.es\/ca\/campana-per-a-fomentar-la-contractacio-de-dones\/","url":"https:\/\/www.santjoandalacant.es\/ca\/campana-per-a-fomentar-la-contractacio-de-dones\/","name":"CAMPA\u00d1A PER A FOMENTAR LA CONTRACTACI\u00d3 DE DONES - Sant Joan d&#039;Alacant","isPartOf":{"@id":"https:\/\/www.santjoandalacant.es\/ca\/#website"},"primaryImageOfPage":{"@id":"https:\/\/www.santjoandalacant.es\/ca\/campana-per-a-fomentar-la-contractacio-de-dones\/#primaryimage"},"image":{"@id":"https:\/\/www.santjoandalacant.es\/ca\/campana-per-a-fomentar-la-contractacio-de-dones\/#primaryimage"},"thumbnailUrl":"https:\/\/www.santjoandalacant.es\/wp-content\/uploads\/2017\/06\/CAMPANA_CONTRATALAS_02.jpg","datePublished":"2014-05-09T12:02:28+00:00","breadcrumb":{"@id":"https:\/\/www.santjoandalacant.es\/ca\/campana-per-a-fomentar-la-contractacio-de-dones\/#breadcrumb"},"inLanguage":"va","potentialAction":[{"@type":"ReadAction","target":["https:\/\/www.santjoandalacant.es\/ca\/campana-per-a-fomentar-la-contractacio-de-dones\/"]}]},{"@type":"ImageObject","inLanguage":"va","@id":"https:\/\/www.santjoandalacant.es\/ca\/campana-per-a-fomentar-la-contractacio-de-dones\/#primaryimage","url":"https:\/\/www.santjoandalacant.es\/wp-content\/uploads\/2017\/06\/CAMPANA_CONTRATALAS_02.jpg","contentUrl":"https:\/\/www.santjoandalacant.es\/wp-content\/uploads\/2017\/06\/CAMPANA_CONTRATALAS_02.jpg","width":66,"height":66},{"@type":"BreadcrumbList","@id":"https:\/\/www.santjoandalacant.es\/ca\/campana-per-a-fomentar-la-contractacio-de-dones\/#breadcrumb","itemListElement":[{"@type":"ListItem","position":1,"name":"Inicio","item":"https:\/\/www.santjoandalacant.es\/ca\/"},{"@type":"ListItem","position":2,"name":"CAMPA\u00d1A PER A FOMENTAR LA CONTRACTACI\u00d3 DE DONES"}]},{"@type":"WebSite","@id":"https:\/\/www.santjoandalacant.es\/ca\/#website","url":"https:\/\/www.santjoandalacant.es\/ca\/","name":"Sant Joan d'Alacant","description":"","publisher":{"@id":"https:\/\/www.santjoandalacant.es\/ca\/#organization"},"potentialAction":[{"@type":"SearchAction","target":{"@type":"EntryPoint","urlTemplate":"https:\/\/www.santjoandalacant.es\/ca\/?s={search_term_string}"},"query-input":{"@type":"PropertyValueSpecification","valueRequired":true,"valueName":"search_term_string"}}],"inLanguage":"va"},{"@type":"Organization","@id":"https:\/\/www.santjoandalacant.es\/ca\/#organization","name":"Sant Joan d'Alacant","url":"https:\/\/www.santjoandalacant.es\/ca\/","logo":{"@type":"ImageObject","inLanguage":"va","@id":"https:\/\/www.santjoandalacant.es\/ca\/#\/schema\/logo\/image\/","url":"https:\/\/www.santjoandalacant.es\/wp-content\/uploads\/2023\/08\/logoSJ.png","contentUrl":"https:\/\/www.santjoandalacant.es\/wp-content\/uploads\/2023\/08\/logoSJ.png","width":198,"height":253,"caption":"Sant Joan d'Alacant"},"image":{"@id":"https:\/\/www.santjoandalacant.es\/ca\/#\/schema\/logo\/image\/"},"sameAs":["https:\/\/www.facebook.com\/santjoandalacant\/","https:\/\/www.instagram.com\/santjoandalacant\/","https:\/\/www.youtube.com\/user\/santjoandalacant"]},{"@type":"Person","@id":"https:\/\/www.santjoandalacant.es\/ca\/#\/schema\/person\/74b89bc7b26e6edafb76cd69420cd790","name":"6tems","image":{"@type":"ImageObject","inLanguage":"va","@id":"https:\/\/secure.gravatar.com\/avatar\/1c939d9bf86da56568327e5d52b159d089efba17cde140c49884e3fe77ef9c66?s=96&d=mm&r=g","url":"https:\/\/secure.gravatar.com\/avatar\/1c939d9bf86da56568327e5d52b159d089efba17cde140c49884e3fe77ef9c66?s=96&d=mm&r=g","contentUrl":"https:\/\/secure.gravatar.com\/avatar\/1c939d9bf86da56568327e5d52b159d089efba17cde140c49884e3fe77ef9c66?s=96&d=mm&r=g","caption":"6tems"},"sameAs":["https:\/\/www.santjoandalacant.es"],"url":"https:\/\/www.santjoandalacant.es\/ca\/author\/adminasap\/"}]}},"_links":{"self":[{"href":"https:\/\/www.santjoandalacant.es\/ca\/wp-json\/wp\/v2\/posts\/77610","targetHints":{"allow":["GET"]}}],"collection":[{"href":"https:\/\/www.santjoandalacant.es\/ca\/wp-json\/wp\/v2\/posts"}],"about":[{"href":"https:\/\/www.santjoandalacant.es\/ca\/wp-json\/wp\/v2\/types\/post"}],"author":[{"embeddable":true,"href":"https:\/\/www.santjoandalacant.es\/ca\/wp-json\/wp\/v2\/users\/1"}],"replies":[{"embeddable":true,"href":"https:\/\/www.santjoandalacant.es\/ca\/wp-json\/wp\/v2\/comments?post=77610"}],"version-history":[{"count":0,"href":"https:\/\/www.santjoandalacant.es\/ca\/wp-json\/wp\/v2\/posts\/77610\/revisions"}],"wp:featuredmedia":[{"embeddable":true,"href":"https:\/\/www.santjoandalacant.es\/ca\/wp-json\/wp\/v2\/media\/32685"}],"wp:attachment":[{"href":"https:\/\/www.santjoandalacant.es\/ca\/wp-json\/wp\/v2\/media?parent=77610"}],"wp:term":[{"taxonomy":"category","embeddable":true,"href":"https:\/\/www.santjoandalacant.es\/ca\/wp-json\/wp\/v2\/categories?post=77610"},{"taxonomy":"post_tag","embeddable":true,"href":"https:\/\/www.santjoandalacant.es\/ca\/wp-json\/wp\/v2\/tags?post=77610"},{"taxonomy":"areas","embeddable":true,"href":"https:\/\/www.santjoandalacant.es\/ca\/wp-json\/wp\/v2\/areas?post=77610"}],"curies":[{"name":"wp","href":"https:\/\/api.w.org\/{rel}","templated":true}]}}