{"id":77612,"date":"2014-05-09T11:15:59","date_gmt":"2014-05-09T11:15:59","guid":{"rendered":"https:\/\/santjoan.developersasapglobalsolution.com\/cultura-en-el-cap-de-setmana\/"},"modified":"2014-05-09T11:15:59","modified_gmt":"2014-05-09T11:15:59","slug":"cultura-en-el-cap-de-setmana","status":"publish","type":"post","link":"https:\/\/www.santjoandalacant.es\/ca\/cultura-en-el-cap-de-setmana\/","title":{"rendered":"CULTURA EN EL CAP DE SETMANA"},"content":{"rendered":"<p>\nSant Joan d&#8217;Alacant ofereix Cultura per a tots els p\u00fablics durant el cap de setmana. L&#8217;Orquestra de Pols i Pua celebra aquest dissabte el seu Concert de Primavera, a partir de les 20 hores, en l&#8217;Auditori Antonio Gil de la Casa de Cultura. En l&#8217;esdeveniment, que ser\u00e0 amb entrada lliure, l&#8217;orquestra local comptar\u00e0 amb la participaci\u00f3 de l&#8217;Orquestra de Pols i Pua i el Cor Municipal de Paracuellos del Jarama.\n<\/p>\n<p>\nDurant el mat\u00ed del diumenge els pintors i artesans ocuparan la pla\u00e7a de l&#8217;Esgl\u00e9sia, des de les 10 hores, en una nova edici\u00f3 dels Diumenges d&#8217;Art. Posats de minerals, jocs inflables, tallers de pintura i cuentacuentos faran les del\u00edcies dels m\u00e9s xicotets per a passar un gran dia en fam\u00edlia. Aquesta vegada, a m\u00e9s, amb l&#8217;actuaci\u00f3 del grup de Tambors i Majorettes de Benimagrell.\n<\/p>\n<p>\n<img fetchpriority=\"high\" decoding=\"async\" class=\" size-full wp-image-32696\" src=\"https:\/\/www.santjoandalacant.es\/wp-content\/uploads\/2014\/05\/la_foto.jpg\" width=\"500\" height=\"262\" srcset=\"https:\/\/www.santjoandalacant.es\/wp-content\/uploads\/2014\/05\/la_foto.jpg 500w, https:\/\/www.santjoandalacant.es\/wp-content\/uploads\/2014\/05\/la_foto-300x157.jpg 300w\" sizes=\"(max-width: 500px) 100vw, 500px\" \/><\/p>\n","protected":false},"excerpt":{"rendered":"<p>\nSant Joan d&#8217;Alacant ofereix Cultura per a tots els p\u00fablics durant el cap de setmana. L&#8217;Orquestra de Pols i Pua celebra aquest dissabte el seu Concert de Primavera, a partir de les 20 hores, en l&#8217;Auditori Antonio Gil de la Casa de Cultura. En l&#8217;esdeveniment, que ser\u00e0 amb entrada lliure, l&#8217;orquestra local comptar\u00e0 amb la participaci\u00f3 de l&#8217;Orquestra de Pols i Pua i el Cor Municipal de Paracuellos del Jarama.<\/p>\n","protected":false},"author":1,"featured_media":32699,"comment_status":"open","ping_status":"open","sticky":false,"template":"","format":"standard","meta":{"_acf_changed":false,"rs_blank_template":"","rs_page_bg_color":"","slide_template_v7":"","footnotes":""},"categories":[1],"tags":[],"areas":[1019],"class_list":["post-77612","post","type-post","status-publish","format-standard","has-post-thumbnail","hentry","category-sin-categorizar","areas-cultura-ca"],"acf":[],"yoast_head":"<!-- This site is optimized with the Yoast SEO plugin v28.2 - https:\/\/yoast.com\/product\/yoast-seo-wordpress\/ -->\n<title>CULTURA EN EL CAP DE SETMANA - Sant Joan d&#039;Alacant<\/title>\n<meta name=\"robots\" content=\"index, follow, max-snippet:-1, max-image-preview:large, max-video-preview:-1\" \/>\n<link rel=\"canonical\" href=\"https:\/\/www.santjoandalacant.es\/ca\/cultura-en-el-cap-de-setmana\/\" \/>\n<meta property=\"og:locale\" content=\"en_US\" \/>\n<meta property=\"og:type\" content=\"article\" \/>\n<meta property=\"og:title\" content=\"CULTURA EN EL CAP DE SETMANA - Sant Joan d&#039;Alacant\" \/>\n<meta property=\"og:description\" content=\"Sant Joan d&#039;Alacant ofereix Cultura per a tots els p\u00fablics durant el cap de setmana. L&#039;Orquestra de Pols i Pua celebra aquest dissabte el seu Concert de Primavera, a partir de les 20 hores, en l&#039;Auditori Antonio Gil de la Casa de Cultura. En l&#039;esdeveniment, que ser\u00e0 amb entrada lliure, l&#039;orquestra local comptar\u00e0 amb la participaci\u00f3 de l&#039;Orquestra de Pols i Pua i el Cor Municipal de Paracuellos del Jarama.\" \/>\n<meta property=\"og:url\" content=\"https:\/\/www.santjoandalacant.es\/ca\/cultura-en-el-cap-de-setmana\/\" \/>\n<meta property=\"og:site_name\" content=\"Sant Joan d&#039;Alacant\" \/>\n<meta property=\"article:publisher\" content=\"https:\/\/www.facebook.com\/santjoandalacant\/\" \/>\n<meta property=\"article:published_time\" content=\"2014-05-09T11:15:59+00:00\" \/>\n<meta property=\"og:image\" content=\"https:\/\/www.santjoandalacant.es\/wp-content\/uploads\/2017\/06\/image_10_0.jpg\" \/>\n\t<meta property=\"og:image:width\" content=\"66\" \/>\n\t<meta property=\"og:image:height\" content=\"66\" \/>\n\t<meta property=\"og:image:type\" content=\"image\/jpeg\" \/>\n<meta name=\"author\" content=\"6tems\" \/>\n<meta name=\"twitter:card\" content=\"summary_large_image\" \/>\n<meta name=\"twitter:label1\" content=\"Written by\" \/>\n\t<meta name=\"twitter:data1\" content=\"6tems\" \/>\n\t<meta name=\"twitter:label2\" content=\"Est. reading time\" \/>\n\t<meta name=\"twitter:data2\" content=\"1 minute\" \/>\n<script type=\"application\/ld+json\" class=\"yoast-schema-graph\">{\"@context\":\"https:\\\/\\\/schema.org\",\"@graph\":[{\"@type\":\"Article\",\"@id\":\"https:\\\/\\\/www.santjoandalacant.es\\\/ca\\\/cultura-en-el-cap-de-setmana\\\/#article\",\"isPartOf\":{\"@id\":\"https:\\\/\\\/www.santjoandalacant.es\\\/ca\\\/cultura-en-el-cap-de-setmana\\\/\"},\"author\":{\"name\":\"6tems\",\"@id\":\"https:\\\/\\\/www.santjoandalacant.es\\\/ca\\\/#\\\/schema\\\/person\\\/74b89bc7b26e6edafb76cd69420cd790\"},\"headline\":\"CULTURA EN EL CAP DE SETMANA\",\"datePublished\":\"2014-05-09T11:15:59+00:00\",\"mainEntityOfPage\":{\"@id\":\"https:\\\/\\\/www.santjoandalacant.es\\\/ca\\\/cultura-en-el-cap-de-setmana\\\/\"},\"wordCount\":154,\"commentCount\":0,\"publisher\":{\"@id\":\"https:\\\/\\\/www.santjoandalacant.es\\\/ca\\\/#organization\"},\"image\":{\"@id\":\"https:\\\/\\\/www.santjoandalacant.es\\\/ca\\\/cultura-en-el-cap-de-setmana\\\/#primaryimage\"},\"thumbnailUrl\":\"https:\\\/\\\/www.santjoandalacant.es\\\/wp-content\\\/uploads\\\/2017\\\/06\\\/image_10_0.jpg\",\"articleSection\":[\"Sin categorizar\"],\"inLanguage\":\"va\",\"potentialAction\":[{\"@type\":\"CommentAction\",\"name\":\"Comment\",\"target\":[\"https:\\\/\\\/www.santjoandalacant.es\\\/ca\\\/cultura-en-el-cap-de-setmana\\\/#respond\"]}]},{\"@type\":\"WebPage\",\"@id\":\"https:\\\/\\\/www.santjoandalacant.es\\\/ca\\\/cultura-en-el-cap-de-setmana\\\/\",\"url\":\"https:\\\/\\\/www.santjoandalacant.es\\\/ca\\\/cultura-en-el-cap-de-setmana\\\/\",\"name\":\"CULTURA EN EL CAP DE SETMANA - Sant Joan d&#039;Alacant\",\"isPartOf\":{\"@id\":\"https:\\\/\\\/www.santjoandalacant.es\\\/ca\\\/#website\"},\"primaryImageOfPage\":{\"@id\":\"https:\\\/\\\/www.santjoandalacant.es\\\/ca\\\/cultura-en-el-cap-de-setmana\\\/#primaryimage\"},\"image\":{\"@id\":\"https:\\\/\\\/www.santjoandalacant.es\\\/ca\\\/cultura-en-el-cap-de-setmana\\\/#primaryimage\"},\"thumbnailUrl\":\"https:\\\/\\\/www.santjoandalacant.es\\\/wp-content\\\/uploads\\\/2017\\\/06\\\/image_10_0.jpg\",\"datePublished\":\"2014-05-09T11:15:59+00:00\",\"breadcrumb\":{\"@id\":\"https:\\\/\\\/www.santjoandalacant.es\\\/ca\\\/cultura-en-el-cap-de-setmana\\\/#breadcrumb\"},\"inLanguage\":\"va\",\"potentialAction\":[{\"@type\":\"ReadAction\",\"target\":[\"https:\\\/\\\/www.santjoandalacant.es\\\/ca\\\/cultura-en-el-cap-de-setmana\\\/\"]}]},{\"@type\":\"ImageObject\",\"inLanguage\":\"va\",\"@id\":\"https:\\\/\\\/www.santjoandalacant.es\\\/ca\\\/cultura-en-el-cap-de-setmana\\\/#primaryimage\",\"url\":\"https:\\\/\\\/www.santjoandalacant.es\\\/wp-content\\\/uploads\\\/2017\\\/06\\\/image_10_0.jpg\",\"contentUrl\":\"https:\\\/\\\/www.santjoandalacant.es\\\/wp-content\\\/uploads\\\/2017\\\/06\\\/image_10_0.jpg\",\"width\":66,\"height\":66},{\"@type\":\"BreadcrumbList\",\"@id\":\"https:\\\/\\\/www.santjoandalacant.es\\\/ca\\\/cultura-en-el-cap-de-setmana\\\/#breadcrumb\",\"itemListElement\":[{\"@type\":\"ListItem\",\"position\":1,\"name\":\"Inicio\",\"item\":\"https:\\\/\\\/www.santjoandalacant.es\\\/ca\\\/\"},{\"@type\":\"ListItem\",\"position\":2,\"name\":\"CULTURA EN EL CAP DE SETMANA\"}]},{\"@type\":\"WebSite\",\"@id\":\"https:\\\/\\\/www.santjoandalacant.es\\\/ca\\\/#website\",\"url\":\"https:\\\/\\\/www.santjoandalacant.es\\\/ca\\\/\",\"name\":\"Sant Joan d'Alacant\",\"description\":\"\",\"publisher\":{\"@id\":\"https:\\\/\\\/www.santjoandalacant.es\\\/ca\\\/#organization\"},\"potentialAction\":[{\"@type\":\"SearchAction\",\"target\":{\"@type\":\"EntryPoint\",\"urlTemplate\":\"https:\\\/\\\/www.santjoandalacant.es\\\/ca\\\/?s={search_term_string}\"},\"query-input\":{\"@type\":\"PropertyValueSpecification\",\"valueRequired\":true,\"valueName\":\"search_term_string\"}}],\"inLanguage\":\"va\"},{\"@type\":\"Organization\",\"@id\":\"https:\\\/\\\/www.santjoandalacant.es\\\/ca\\\/#organization\",\"name\":\"Sant Joan d'Alacant\",\"url\":\"https:\\\/\\\/www.santjoandalacant.es\\\/ca\\\/\",\"logo\":{\"@type\":\"ImageObject\",\"inLanguage\":\"va\",\"@id\":\"https:\\\/\\\/www.santjoandalacant.es\\\/ca\\\/#\\\/schema\\\/logo\\\/image\\\/\",\"url\":\"https:\\\/\\\/www.santjoandalacant.es\\\/wp-content\\\/uploads\\\/2023\\\/08\\\/logoSJ.png\",\"contentUrl\":\"https:\\\/\\\/www.santjoandalacant.es\\\/wp-content\\\/uploads\\\/2023\\\/08\\\/logoSJ.png\",\"width\":198,\"height\":253,\"caption\":\"Sant Joan d'Alacant\"},\"image\":{\"@id\":\"https:\\\/\\\/www.santjoandalacant.es\\\/ca\\\/#\\\/schema\\\/logo\\\/image\\\/\"},\"sameAs\":[\"https:\\\/\\\/www.facebook.com\\\/santjoandalacant\\\/\",\"https:\\\/\\\/www.instagram.com\\\/santjoandalacant\\\/\",\"https:\\\/\\\/www.youtube.com\\\/user\\\/santjoandalacant\"]},{\"@type\":\"Person\",\"@id\":\"https:\\\/\\\/www.santjoandalacant.es\\\/ca\\\/#\\\/schema\\\/person\\\/74b89bc7b26e6edafb76cd69420cd790\",\"name\":\"6tems\",\"image\":{\"@type\":\"ImageObject\",\"inLanguage\":\"va\",\"@id\":\"https:\\\/\\\/secure.gravatar.com\\\/avatar\\\/1c939d9bf86da56568327e5d52b159d089efba17cde140c49884e3fe77ef9c66?s=96&d=mm&r=g\",\"url\":\"https:\\\/\\\/secure.gravatar.com\\\/avatar\\\/1c939d9bf86da56568327e5d52b159d089efba17cde140c49884e3fe77ef9c66?s=96&d=mm&r=g\",\"contentUrl\":\"https:\\\/\\\/secure.gravatar.com\\\/avatar\\\/1c939d9bf86da56568327e5d52b159d089efba17cde140c49884e3fe77ef9c66?s=96&d=mm&r=g\",\"caption\":\"6tems\"},\"sameAs\":[\"https:\\\/\\\/www.santjoandalacant.es\"],\"url\":\"https:\\\/\\\/www.santjoandalacant.es\\\/ca\\\/author\\\/adminasap\\\/\"}]}<\/script>\n<!-- \/ Yoast SEO plugin. -->","yoast_head_json":{"title":"CULTURA EN EL CAP DE SETMANA - Sant Joan d&#039;Alacant","robots":{"index":"index","follow":"follow","max-snippet":"max-snippet:-1","max-image-preview":"max-image-preview:large","max-video-preview":"max-video-preview:-1"},"canonical":"https:\/\/www.santjoandalacant.es\/ca\/cultura-en-el-cap-de-setmana\/","og_locale":"en_US","og_type":"article","og_title":"CULTURA EN EL CAP DE SETMANA - Sant Joan d&#039;Alacant","og_description":"Sant Joan d'Alacant ofereix Cultura per a tots els p\u00fablics durant el cap de setmana. L'Orquestra de Pols i Pua celebra aquest dissabte el seu Concert de Primavera, a partir de les 20 hores, en l'Auditori Antonio Gil de la Casa de Cultura. En l'esdeveniment, que ser\u00e0 amb entrada lliure, l'orquestra local comptar\u00e0 amb la participaci\u00f3 de l'Orquestra de Pols i Pua i el Cor Municipal de Paracuellos del Jarama.","og_url":"https:\/\/www.santjoandalacant.es\/ca\/cultura-en-el-cap-de-setmana\/","og_site_name":"Sant Joan d&#039;Alacant","article_publisher":"https:\/\/www.facebook.com\/santjoandalacant\/","article_published_time":"2014-05-09T11:15:59+00:00","og_image":[{"width":66,"height":66,"url":"https:\/\/www.santjoandalacant.es\/wp-content\/uploads\/2017\/06\/image_10_0.jpg","type":"image\/jpeg"}],"author":"6tems","twitter_card":"summary_large_image","twitter_misc":{"Written by":"6tems","Est. reading time":"1 minute"},"schema":{"@context":"https:\/\/schema.org","@graph":[{"@type":"Article","@id":"https:\/\/www.santjoandalacant.es\/ca\/cultura-en-el-cap-de-setmana\/#article","isPartOf":{"@id":"https:\/\/www.santjoandalacant.es\/ca\/cultura-en-el-cap-de-setmana\/"},"author":{"name":"6tems","@id":"https:\/\/www.santjoandalacant.es\/ca\/#\/schema\/person\/74b89bc7b26e6edafb76cd69420cd790"},"headline":"CULTURA EN EL CAP DE SETMANA","datePublished":"2014-05-09T11:15:59+00:00","mainEntityOfPage":{"@id":"https:\/\/www.santjoandalacant.es\/ca\/cultura-en-el-cap-de-setmana\/"},"wordCount":154,"commentCount":0,"publisher":{"@id":"https:\/\/www.santjoandalacant.es\/ca\/#organization"},"image":{"@id":"https:\/\/www.santjoandalacant.es\/ca\/cultura-en-el-cap-de-setmana\/#primaryimage"},"thumbnailUrl":"https:\/\/www.santjoandalacant.es\/wp-content\/uploads\/2017\/06\/image_10_0.jpg","articleSection":["Sin categorizar"],"inLanguage":"va","potentialAction":[{"@type":"CommentAction","name":"Comment","target":["https:\/\/www.santjoandalacant.es\/ca\/cultura-en-el-cap-de-setmana\/#respond"]}]},{"@type":"WebPage","@id":"https:\/\/www.santjoandalacant.es\/ca\/cultura-en-el-cap-de-setmana\/","url":"https:\/\/www.santjoandalacant.es\/ca\/cultura-en-el-cap-de-setmana\/","name":"CULTURA EN EL CAP DE SETMANA - Sant Joan d&#039;Alacant","isPartOf":{"@id":"https:\/\/www.santjoandalacant.es\/ca\/#website"},"primaryImageOfPage":{"@id":"https:\/\/www.santjoandalacant.es\/ca\/cultura-en-el-cap-de-setmana\/#primaryimage"},"image":{"@id":"https:\/\/www.santjoandalacant.es\/ca\/cultura-en-el-cap-de-setmana\/#primaryimage"},"thumbnailUrl":"https:\/\/www.santjoandalacant.es\/wp-content\/uploads\/2017\/06\/image_10_0.jpg","datePublished":"2014-05-09T11:15:59+00:00","breadcrumb":{"@id":"https:\/\/www.santjoandalacant.es\/ca\/cultura-en-el-cap-de-setmana\/#breadcrumb"},"inLanguage":"va","potentialAction":[{"@type":"ReadAction","target":["https:\/\/www.santjoandalacant.es\/ca\/cultura-en-el-cap-de-setmana\/"]}]},{"@type":"ImageObject","inLanguage":"va","@id":"https:\/\/www.santjoandalacant.es\/ca\/cultura-en-el-cap-de-setmana\/#primaryimage","url":"https:\/\/www.santjoandalacant.es\/wp-content\/uploads\/2017\/06\/image_10_0.jpg","contentUrl":"https:\/\/www.santjoandalacant.es\/wp-content\/uploads\/2017\/06\/image_10_0.jpg","width":66,"height":66},{"@type":"BreadcrumbList","@id":"https:\/\/www.santjoandalacant.es\/ca\/cultura-en-el-cap-de-setmana\/#breadcrumb","itemListElement":[{"@type":"ListItem","position":1,"name":"Inicio","item":"https:\/\/www.santjoandalacant.es\/ca\/"},{"@type":"ListItem","position":2,"name":"CULTURA EN EL CAP DE SETMANA"}]},{"@type":"WebSite","@id":"https:\/\/www.santjoandalacant.es\/ca\/#website","url":"https:\/\/www.santjoandalacant.es\/ca\/","name":"Sant Joan d'Alacant","description":"","publisher":{"@id":"https:\/\/www.santjoandalacant.es\/ca\/#organization"},"potentialAction":[{"@type":"SearchAction","target":{"@type":"EntryPoint","urlTemplate":"https:\/\/www.santjoandalacant.es\/ca\/?s={search_term_string}"},"query-input":{"@type":"PropertyValueSpecification","valueRequired":true,"valueName":"search_term_string"}}],"inLanguage":"va"},{"@type":"Organization","@id":"https:\/\/www.santjoandalacant.es\/ca\/#organization","name":"Sant Joan d'Alacant","url":"https:\/\/www.santjoandalacant.es\/ca\/","logo":{"@type":"ImageObject","inLanguage":"va","@id":"https:\/\/www.santjoandalacant.es\/ca\/#\/schema\/logo\/image\/","url":"https:\/\/www.santjoandalacant.es\/wp-content\/uploads\/2023\/08\/logoSJ.png","contentUrl":"https:\/\/www.santjoandalacant.es\/wp-content\/uploads\/2023\/08\/logoSJ.png","width":198,"height":253,"caption":"Sant Joan d'Alacant"},"image":{"@id":"https:\/\/www.santjoandalacant.es\/ca\/#\/schema\/logo\/image\/"},"sameAs":["https:\/\/www.facebook.com\/santjoandalacant\/","https:\/\/www.instagram.com\/santjoandalacant\/","https:\/\/www.youtube.com\/user\/santjoandalacant"]},{"@type":"Person","@id":"https:\/\/www.santjoandalacant.es\/ca\/#\/schema\/person\/74b89bc7b26e6edafb76cd69420cd790","name":"6tems","image":{"@type":"ImageObject","inLanguage":"va","@id":"https:\/\/secure.gravatar.com\/avatar\/1c939d9bf86da56568327e5d52b159d089efba17cde140c49884e3fe77ef9c66?s=96&d=mm&r=g","url":"https:\/\/secure.gravatar.com\/avatar\/1c939d9bf86da56568327e5d52b159d089efba17cde140c49884e3fe77ef9c66?s=96&d=mm&r=g","contentUrl":"https:\/\/secure.gravatar.com\/avatar\/1c939d9bf86da56568327e5d52b159d089efba17cde140c49884e3fe77ef9c66?s=96&d=mm&r=g","caption":"6tems"},"sameAs":["https:\/\/www.santjoandalacant.es"],"url":"https:\/\/www.santjoandalacant.es\/ca\/author\/adminasap\/"}]}},"_links":{"self":[{"href":"https:\/\/www.santjoandalacant.es\/ca\/wp-json\/wp\/v2\/posts\/77612","targetHints":{"allow":["GET"]}}],"collection":[{"href":"https:\/\/www.santjoandalacant.es\/ca\/wp-json\/wp\/v2\/posts"}],"about":[{"href":"https:\/\/www.santjoandalacant.es\/ca\/wp-json\/wp\/v2\/types\/post"}],"author":[{"embeddable":true,"href":"https:\/\/www.santjoandalacant.es\/ca\/wp-json\/wp\/v2\/users\/1"}],"replies":[{"embeddable":true,"href":"https:\/\/www.santjoandalacant.es\/ca\/wp-json\/wp\/v2\/comments?post=77612"}],"version-history":[{"count":0,"href":"https:\/\/www.santjoandalacant.es\/ca\/wp-json\/wp\/v2\/posts\/77612\/revisions"}],"wp:featuredmedia":[{"embeddable":true,"href":"https:\/\/www.santjoandalacant.es\/ca\/wp-json\/wp\/v2\/media\/32699"}],"wp:attachment":[{"href":"https:\/\/www.santjoandalacant.es\/ca\/wp-json\/wp\/v2\/media?parent=77612"}],"wp:term":[{"taxonomy":"category","embeddable":true,"href":"https:\/\/www.santjoandalacant.es\/ca\/wp-json\/wp\/v2\/categories?post=77612"},{"taxonomy":"post_tag","embeddable":true,"href":"https:\/\/www.santjoandalacant.es\/ca\/wp-json\/wp\/v2\/tags?post=77612"},{"taxonomy":"areas","embeddable":true,"href":"https:\/\/www.santjoandalacant.es\/ca\/wp-json\/wp\/v2\/areas?post=77612"}],"curies":[{"name":"wp","href":"https:\/\/api.w.org\/{rel}","templated":true}]}}