{"id":77764,"date":"2014-03-13T13:42:59","date_gmt":"2014-03-13T13:42:59","guid":{"rendered":"https:\/\/santjoan.developersasapglobalsolution.com\/promocio-de-la-igualtat\/"},"modified":"2014-03-13T13:42:59","modified_gmt":"2014-03-13T13:42:59","slug":"promocio-de-la-igualtat","status":"publish","type":"post","link":"https:\/\/www.santjoandalacant.es\/ca\/promocio-de-la-igualtat\/","title":{"rendered":"PROMOCI\u00d3 DE LA IGUALTAT"},"content":{"rendered":"<p class=\"transresult\">\nL&#8217;Ajuntament de Sant Joan d&#8217;Alacant, a trav\u00e9s de la regidoria d&#8217;Igualtat, promou, per quart any consecutiu, un programa municipal destinat a l&#8217;impuls del valor de la igualtat entre homes i dones. En col\u00b7laboraci\u00f3 amb els col\u00b7legis i instituts de la localitat desenvolupa diferents accions formatives i tallers dirigits a l&#8217;alumnat.\n<\/p>\n<p><!-- footer --><\/p>\n<p class=\"transresult\">\nDurant aquest curs 2013-14, han estat 4 els tallers triats, destinats a diferents nivells educatius i impartits de novembre a juny pel soci\u00f2leg i expert en coeducaci\u00f3 Juan Lillo: \u00c8tica de la Cura, Pr\u00ednceps i Princeses, Resoluci\u00f3 de Conflictes i Bons Tractes. En la iniciativa participen els centres d&#8217;Educaci\u00f3 Prim\u00e0ria i els dos Instituts de la localitat i s&#8217;ha actuat en 23 classes, durant un total de 69 hores lectives. \n<\/p>\n<p><!-- footer --><\/p>\n<p class=\"transresult\">\nEn 4\u00ba d&#8217;Educaci\u00f3 Prim\u00e0ria, el taller proposa l&#8217;\u00c8tica de la Cura com a principi de cohesi\u00f3 social, reconeixent el protagonisme hist\u00f2ric de les dones en aquest \u00e0mbit i animant a l&#8217;alumnat a participar m\u00e9s en aquest treball per facilitar la conviv\u00e8ncia. En 6\u00ba de prim\u00e0ria, el taller de Pr\u00ednceps i Princeses permet a l&#8217;alumnat expressar i compartir les seves expectatives sobre el fet amor\u00f3s. \n<\/p>\n<p class=\"transresult\">\nEl taller de Resoluci\u00f3 de conflictes, dirigit a 1\u00ba de l&#8217;ESO, contribueix a la prevenci\u00f3 de l&#8217;assetjament escolar mitjan\u00e7ant el rebuig de la viol\u00e8ncia com a forma comuna i acceptada de relaci\u00f3 entre iguals. En 1\u00ba de batxillerat, el Taller pels Bons Tractes incideix sobre la gelosia, la frustraci\u00f3 i la ira que dificulten la resoluci\u00f3 pac\u00edfica i negociada dels conflictes de conviv\u00e8ncia. \n<\/p>\n<p><!-- footer --><\/p>\n<p class=\"transresult\">\nL&#8217;opini\u00f3 del professorat \u00e9s favorable perqu\u00e8 els tallers contribueixen a l&#8217;educaci\u00f3 d&#8217;un valor i la prevenci\u00f3 d&#8217;un tipus concret de viol\u00e8ncia que exigeix una did\u00e0ctica espec\u00edfica. El programa municipal de coeducaci\u00f3 \u00e9s valorat com una iniciativa i col\u00b7laboraci\u00f3 profitosa entre l&#8217;Administraci\u00f3 Local i la comunitat educativa. \n<\/p>\n<p><!-- footer --><\/p>\n","protected":false},"excerpt":{"rendered":"<p class=\"transresult\">\nL&#8217;Ajuntament de Sant Joan d&#8217;Alacant, a trav\u00e9s de la regidoria d&#8217;Igualtat, promou, per quart any consecutiu, un programa municipal destinat a l&#8217;impuls del valor de la igualtat entre homes i dones. En col\u00b7laboraci\u00f3 amb els col\u00b7legis i instituts de la localitat desenvolupa diferents accions formatives i tallers dirigits a l&#8217;alumnat.<\/p>\n","protected":false},"author":1,"featured_media":33298,"comment_status":"open","ping_status":"open","sticky":false,"template":"","format":"standard","meta":{"_acf_changed":false,"rs_blank_template":"","rs_page_bg_color":"","slide_template_v7":"","footnotes":""},"categories":[1],"tags":[],"areas":[1003],"class_list":["post-77764","post","type-post","status-publish","format-standard","has-post-thumbnail","hentry","category-sin-categorizar","areas-igualdad-ca"],"acf":[],"yoast_head":"<!-- This site is optimized with the Yoast SEO plugin v28.2 - https:\/\/yoast.com\/product\/yoast-seo-wordpress\/ -->\n<title>PROMOCI\u00d3 DE LA IGUALTAT - Sant Joan d&#039;Alacant<\/title>\n<meta name=\"robots\" content=\"index, follow, max-snippet:-1, max-image-preview:large, max-video-preview:-1\" \/>\n<link rel=\"canonical\" href=\"https:\/\/www.santjoandalacant.es\/ca\/promocio-de-la-igualtat\/\" \/>\n<meta property=\"og:locale\" content=\"en_US\" \/>\n<meta property=\"og:type\" content=\"article\" \/>\n<meta property=\"og:title\" content=\"PROMOCI\u00d3 DE LA IGUALTAT - Sant Joan d&#039;Alacant\" \/>\n<meta property=\"og:description\" content=\"L&#039;Ajuntament de Sant Joan d&#039;Alacant, a trav\u00e9s de la regidoria d&#039;Igualtat, promou, per quart any consecutiu, un programa municipal destinat a l&#039;impuls del valor de la igualtat entre homes i dones. En col\u00b7laboraci\u00f3 amb els col\u00b7legis i instituts de la localitat desenvolupa diferents accions formatives i tallers dirigits a l&#039;alumnat.\" \/>\n<meta property=\"og:url\" content=\"https:\/\/www.santjoandalacant.es\/ca\/promocio-de-la-igualtat\/\" \/>\n<meta property=\"og:site_name\" content=\"Sant Joan d&#039;Alacant\" \/>\n<meta property=\"article:publisher\" content=\"https:\/\/www.facebook.com\/santjoandalacant\/\" \/>\n<meta property=\"article:published_time\" content=\"2014-03-13T13:42:59+00:00\" \/>\n<meta property=\"og:image\" content=\"https:\/\/www.santjoandalacant.es\/wp-content\/uploads\/2017\/06\/Taller_Buenos_Tratos_Lloixa_2014.jpg\" \/>\n\t<meta property=\"og:image:width\" content=\"526\" \/>\n\t<meta property=\"og:image:height\" content=\"310\" \/>\n\t<meta property=\"og:image:type\" content=\"image\/jpeg\" \/>\n<meta name=\"author\" content=\"6tems\" \/>\n<meta name=\"twitter:card\" content=\"summary_large_image\" \/>\n<meta name=\"twitter:label1\" content=\"Written by\" \/>\n\t<meta name=\"twitter:data1\" content=\"6tems\" \/>\n\t<meta name=\"twitter:label2\" content=\"Est. reading time\" \/>\n\t<meta name=\"twitter:data2\" content=\"2 minutes\" \/>\n<script type=\"application\/ld+json\" class=\"yoast-schema-graph\">{\"@context\":\"https:\\\/\\\/schema.org\",\"@graph\":[{\"@type\":\"Article\",\"@id\":\"https:\\\/\\\/www.santjoandalacant.es\\\/ca\\\/promocio-de-la-igualtat\\\/#article\",\"isPartOf\":{\"@id\":\"https:\\\/\\\/www.santjoandalacant.es\\\/ca\\\/promocio-de-la-igualtat\\\/\"},\"author\":{\"name\":\"6tems\",\"@id\":\"https:\\\/\\\/www.santjoandalacant.es\\\/ca\\\/#\\\/schema\\\/person\\\/74b89bc7b26e6edafb76cd69420cd790\"},\"headline\":\"PROMOCI\u00d3 DE LA IGUALTAT\",\"datePublished\":\"2014-03-13T13:42:59+00:00\",\"mainEntityOfPage\":{\"@id\":\"https:\\\/\\\/www.santjoandalacant.es\\\/ca\\\/promocio-de-la-igualtat\\\/\"},\"wordCount\":329,\"commentCount\":0,\"publisher\":{\"@id\":\"https:\\\/\\\/www.santjoandalacant.es\\\/ca\\\/#organization\"},\"image\":{\"@id\":\"https:\\\/\\\/www.santjoandalacant.es\\\/ca\\\/promocio-de-la-igualtat\\\/#primaryimage\"},\"thumbnailUrl\":\"https:\\\/\\\/www.santjoandalacant.es\\\/wp-content\\\/uploads\\\/2017\\\/06\\\/Taller_Buenos_Tratos_Lloixa_2014.jpg\",\"articleSection\":[\"Sin categorizar\"],\"inLanguage\":\"va\",\"potentialAction\":[{\"@type\":\"CommentAction\",\"name\":\"Comment\",\"target\":[\"https:\\\/\\\/www.santjoandalacant.es\\\/ca\\\/promocio-de-la-igualtat\\\/#respond\"]}]},{\"@type\":\"WebPage\",\"@id\":\"https:\\\/\\\/www.santjoandalacant.es\\\/ca\\\/promocio-de-la-igualtat\\\/\",\"url\":\"https:\\\/\\\/www.santjoandalacant.es\\\/ca\\\/promocio-de-la-igualtat\\\/\",\"name\":\"PROMOCI\u00d3 DE LA IGUALTAT - Sant Joan d&#039;Alacant\",\"isPartOf\":{\"@id\":\"https:\\\/\\\/www.santjoandalacant.es\\\/ca\\\/#website\"},\"primaryImageOfPage\":{\"@id\":\"https:\\\/\\\/www.santjoandalacant.es\\\/ca\\\/promocio-de-la-igualtat\\\/#primaryimage\"},\"image\":{\"@id\":\"https:\\\/\\\/www.santjoandalacant.es\\\/ca\\\/promocio-de-la-igualtat\\\/#primaryimage\"},\"thumbnailUrl\":\"https:\\\/\\\/www.santjoandalacant.es\\\/wp-content\\\/uploads\\\/2017\\\/06\\\/Taller_Buenos_Tratos_Lloixa_2014.jpg\",\"datePublished\":\"2014-03-13T13:42:59+00:00\",\"breadcrumb\":{\"@id\":\"https:\\\/\\\/www.santjoandalacant.es\\\/ca\\\/promocio-de-la-igualtat\\\/#breadcrumb\"},\"inLanguage\":\"va\",\"potentialAction\":[{\"@type\":\"ReadAction\",\"target\":[\"https:\\\/\\\/www.santjoandalacant.es\\\/ca\\\/promocio-de-la-igualtat\\\/\"]}]},{\"@type\":\"ImageObject\",\"inLanguage\":\"va\",\"@id\":\"https:\\\/\\\/www.santjoandalacant.es\\\/ca\\\/promocio-de-la-igualtat\\\/#primaryimage\",\"url\":\"https:\\\/\\\/www.santjoandalacant.es\\\/wp-content\\\/uploads\\\/2017\\\/06\\\/Taller_Buenos_Tratos_Lloixa_2014.jpg\",\"contentUrl\":\"https:\\\/\\\/www.santjoandalacant.es\\\/wp-content\\\/uploads\\\/2017\\\/06\\\/Taller_Buenos_Tratos_Lloixa_2014.jpg\",\"width\":526,\"height\":310},{\"@type\":\"BreadcrumbList\",\"@id\":\"https:\\\/\\\/www.santjoandalacant.es\\\/ca\\\/promocio-de-la-igualtat\\\/#breadcrumb\",\"itemListElement\":[{\"@type\":\"ListItem\",\"position\":1,\"name\":\"Inicio\",\"item\":\"https:\\\/\\\/www.santjoandalacant.es\\\/ca\\\/\"},{\"@type\":\"ListItem\",\"position\":2,\"name\":\"PROMOCI\u00d3 DE LA IGUALTAT\"}]},{\"@type\":\"WebSite\",\"@id\":\"https:\\\/\\\/www.santjoandalacant.es\\\/ca\\\/#website\",\"url\":\"https:\\\/\\\/www.santjoandalacant.es\\\/ca\\\/\",\"name\":\"Sant Joan d'Alacant\",\"description\":\"\",\"publisher\":{\"@id\":\"https:\\\/\\\/www.santjoandalacant.es\\\/ca\\\/#organization\"},\"potentialAction\":[{\"@type\":\"SearchAction\",\"target\":{\"@type\":\"EntryPoint\",\"urlTemplate\":\"https:\\\/\\\/www.santjoandalacant.es\\\/ca\\\/?s={search_term_string}\"},\"query-input\":{\"@type\":\"PropertyValueSpecification\",\"valueRequired\":true,\"valueName\":\"search_term_string\"}}],\"inLanguage\":\"va\"},{\"@type\":\"Organization\",\"@id\":\"https:\\\/\\\/www.santjoandalacant.es\\\/ca\\\/#organization\",\"name\":\"Sant Joan d'Alacant\",\"url\":\"https:\\\/\\\/www.santjoandalacant.es\\\/ca\\\/\",\"logo\":{\"@type\":\"ImageObject\",\"inLanguage\":\"va\",\"@id\":\"https:\\\/\\\/www.santjoandalacant.es\\\/ca\\\/#\\\/schema\\\/logo\\\/image\\\/\",\"url\":\"https:\\\/\\\/www.santjoandalacant.es\\\/wp-content\\\/uploads\\\/2023\\\/08\\\/logoSJ.png\",\"contentUrl\":\"https:\\\/\\\/www.santjoandalacant.es\\\/wp-content\\\/uploads\\\/2023\\\/08\\\/logoSJ.png\",\"width\":198,\"height\":253,\"caption\":\"Sant Joan d'Alacant\"},\"image\":{\"@id\":\"https:\\\/\\\/www.santjoandalacant.es\\\/ca\\\/#\\\/schema\\\/logo\\\/image\\\/\"},\"sameAs\":[\"https:\\\/\\\/www.facebook.com\\\/santjoandalacant\\\/\",\"https:\\\/\\\/www.instagram.com\\\/santjoandalacant\\\/\",\"https:\\\/\\\/www.youtube.com\\\/user\\\/santjoandalacant\"]},{\"@type\":\"Person\",\"@id\":\"https:\\\/\\\/www.santjoandalacant.es\\\/ca\\\/#\\\/schema\\\/person\\\/74b89bc7b26e6edafb76cd69420cd790\",\"name\":\"6tems\",\"image\":{\"@type\":\"ImageObject\",\"inLanguage\":\"va\",\"@id\":\"https:\\\/\\\/secure.gravatar.com\\\/avatar\\\/1c939d9bf86da56568327e5d52b159d089efba17cde140c49884e3fe77ef9c66?s=96&d=mm&r=g\",\"url\":\"https:\\\/\\\/secure.gravatar.com\\\/avatar\\\/1c939d9bf86da56568327e5d52b159d089efba17cde140c49884e3fe77ef9c66?s=96&d=mm&r=g\",\"contentUrl\":\"https:\\\/\\\/secure.gravatar.com\\\/avatar\\\/1c939d9bf86da56568327e5d52b159d089efba17cde140c49884e3fe77ef9c66?s=96&d=mm&r=g\",\"caption\":\"6tems\"},\"sameAs\":[\"https:\\\/\\\/www.santjoandalacant.es\"],\"url\":\"https:\\\/\\\/www.santjoandalacant.es\\\/ca\\\/author\\\/adminasap\\\/\"}]}<\/script>\n<!-- \/ Yoast SEO plugin. -->","yoast_head_json":{"title":"PROMOCI\u00d3 DE LA IGUALTAT - Sant Joan d&#039;Alacant","robots":{"index":"index","follow":"follow","max-snippet":"max-snippet:-1","max-image-preview":"max-image-preview:large","max-video-preview":"max-video-preview:-1"},"canonical":"https:\/\/www.santjoandalacant.es\/ca\/promocio-de-la-igualtat\/","og_locale":"en_US","og_type":"article","og_title":"PROMOCI\u00d3 DE LA IGUALTAT - Sant Joan d&#039;Alacant","og_description":"L'Ajuntament de Sant Joan d'Alacant, a trav\u00e9s de la regidoria d'Igualtat, promou, per quart any consecutiu, un programa municipal destinat a l'impuls del valor de la igualtat entre homes i dones. En col\u00b7laboraci\u00f3 amb els col\u00b7legis i instituts de la localitat desenvolupa diferents accions formatives i tallers dirigits a l'alumnat.","og_url":"https:\/\/www.santjoandalacant.es\/ca\/promocio-de-la-igualtat\/","og_site_name":"Sant Joan d&#039;Alacant","article_publisher":"https:\/\/www.facebook.com\/santjoandalacant\/","article_published_time":"2014-03-13T13:42:59+00:00","og_image":[{"width":526,"height":310,"url":"https:\/\/www.santjoandalacant.es\/wp-content\/uploads\/2017\/06\/Taller_Buenos_Tratos_Lloixa_2014.jpg","type":"image\/jpeg"}],"author":"6tems","twitter_card":"summary_large_image","twitter_misc":{"Written by":"6tems","Est. reading time":"2 minutes"},"schema":{"@context":"https:\/\/schema.org","@graph":[{"@type":"Article","@id":"https:\/\/www.santjoandalacant.es\/ca\/promocio-de-la-igualtat\/#article","isPartOf":{"@id":"https:\/\/www.santjoandalacant.es\/ca\/promocio-de-la-igualtat\/"},"author":{"name":"6tems","@id":"https:\/\/www.santjoandalacant.es\/ca\/#\/schema\/person\/74b89bc7b26e6edafb76cd69420cd790"},"headline":"PROMOCI\u00d3 DE LA IGUALTAT","datePublished":"2014-03-13T13:42:59+00:00","mainEntityOfPage":{"@id":"https:\/\/www.santjoandalacant.es\/ca\/promocio-de-la-igualtat\/"},"wordCount":329,"commentCount":0,"publisher":{"@id":"https:\/\/www.santjoandalacant.es\/ca\/#organization"},"image":{"@id":"https:\/\/www.santjoandalacant.es\/ca\/promocio-de-la-igualtat\/#primaryimage"},"thumbnailUrl":"https:\/\/www.santjoandalacant.es\/wp-content\/uploads\/2017\/06\/Taller_Buenos_Tratos_Lloixa_2014.jpg","articleSection":["Sin categorizar"],"inLanguage":"va","potentialAction":[{"@type":"CommentAction","name":"Comment","target":["https:\/\/www.santjoandalacant.es\/ca\/promocio-de-la-igualtat\/#respond"]}]},{"@type":"WebPage","@id":"https:\/\/www.santjoandalacant.es\/ca\/promocio-de-la-igualtat\/","url":"https:\/\/www.santjoandalacant.es\/ca\/promocio-de-la-igualtat\/","name":"PROMOCI\u00d3 DE LA IGUALTAT - Sant Joan d&#039;Alacant","isPartOf":{"@id":"https:\/\/www.santjoandalacant.es\/ca\/#website"},"primaryImageOfPage":{"@id":"https:\/\/www.santjoandalacant.es\/ca\/promocio-de-la-igualtat\/#primaryimage"},"image":{"@id":"https:\/\/www.santjoandalacant.es\/ca\/promocio-de-la-igualtat\/#primaryimage"},"thumbnailUrl":"https:\/\/www.santjoandalacant.es\/wp-content\/uploads\/2017\/06\/Taller_Buenos_Tratos_Lloixa_2014.jpg","datePublished":"2014-03-13T13:42:59+00:00","breadcrumb":{"@id":"https:\/\/www.santjoandalacant.es\/ca\/promocio-de-la-igualtat\/#breadcrumb"},"inLanguage":"va","potentialAction":[{"@type":"ReadAction","target":["https:\/\/www.santjoandalacant.es\/ca\/promocio-de-la-igualtat\/"]}]},{"@type":"ImageObject","inLanguage":"va","@id":"https:\/\/www.santjoandalacant.es\/ca\/promocio-de-la-igualtat\/#primaryimage","url":"https:\/\/www.santjoandalacant.es\/wp-content\/uploads\/2017\/06\/Taller_Buenos_Tratos_Lloixa_2014.jpg","contentUrl":"https:\/\/www.santjoandalacant.es\/wp-content\/uploads\/2017\/06\/Taller_Buenos_Tratos_Lloixa_2014.jpg","width":526,"height":310},{"@type":"BreadcrumbList","@id":"https:\/\/www.santjoandalacant.es\/ca\/promocio-de-la-igualtat\/#breadcrumb","itemListElement":[{"@type":"ListItem","position":1,"name":"Inicio","item":"https:\/\/www.santjoandalacant.es\/ca\/"},{"@type":"ListItem","position":2,"name":"PROMOCI\u00d3 DE LA IGUALTAT"}]},{"@type":"WebSite","@id":"https:\/\/www.santjoandalacant.es\/ca\/#website","url":"https:\/\/www.santjoandalacant.es\/ca\/","name":"Sant Joan d'Alacant","description":"","publisher":{"@id":"https:\/\/www.santjoandalacant.es\/ca\/#organization"},"potentialAction":[{"@type":"SearchAction","target":{"@type":"EntryPoint","urlTemplate":"https:\/\/www.santjoandalacant.es\/ca\/?s={search_term_string}"},"query-input":{"@type":"PropertyValueSpecification","valueRequired":true,"valueName":"search_term_string"}}],"inLanguage":"va"},{"@type":"Organization","@id":"https:\/\/www.santjoandalacant.es\/ca\/#organization","name":"Sant Joan d'Alacant","url":"https:\/\/www.santjoandalacant.es\/ca\/","logo":{"@type":"ImageObject","inLanguage":"va","@id":"https:\/\/www.santjoandalacant.es\/ca\/#\/schema\/logo\/image\/","url":"https:\/\/www.santjoandalacant.es\/wp-content\/uploads\/2023\/08\/logoSJ.png","contentUrl":"https:\/\/www.santjoandalacant.es\/wp-content\/uploads\/2023\/08\/logoSJ.png","width":198,"height":253,"caption":"Sant Joan d'Alacant"},"image":{"@id":"https:\/\/www.santjoandalacant.es\/ca\/#\/schema\/logo\/image\/"},"sameAs":["https:\/\/www.facebook.com\/santjoandalacant\/","https:\/\/www.instagram.com\/santjoandalacant\/","https:\/\/www.youtube.com\/user\/santjoandalacant"]},{"@type":"Person","@id":"https:\/\/www.santjoandalacant.es\/ca\/#\/schema\/person\/74b89bc7b26e6edafb76cd69420cd790","name":"6tems","image":{"@type":"ImageObject","inLanguage":"va","@id":"https:\/\/secure.gravatar.com\/avatar\/1c939d9bf86da56568327e5d52b159d089efba17cde140c49884e3fe77ef9c66?s=96&d=mm&r=g","url":"https:\/\/secure.gravatar.com\/avatar\/1c939d9bf86da56568327e5d52b159d089efba17cde140c49884e3fe77ef9c66?s=96&d=mm&r=g","contentUrl":"https:\/\/secure.gravatar.com\/avatar\/1c939d9bf86da56568327e5d52b159d089efba17cde140c49884e3fe77ef9c66?s=96&d=mm&r=g","caption":"6tems"},"sameAs":["https:\/\/www.santjoandalacant.es"],"url":"https:\/\/www.santjoandalacant.es\/ca\/author\/adminasap\/"}]}},"_links":{"self":[{"href":"https:\/\/www.santjoandalacant.es\/ca\/wp-json\/wp\/v2\/posts\/77764","targetHints":{"allow":["GET"]}}],"collection":[{"href":"https:\/\/www.santjoandalacant.es\/ca\/wp-json\/wp\/v2\/posts"}],"about":[{"href":"https:\/\/www.santjoandalacant.es\/ca\/wp-json\/wp\/v2\/types\/post"}],"author":[{"embeddable":true,"href":"https:\/\/www.santjoandalacant.es\/ca\/wp-json\/wp\/v2\/users\/1"}],"replies":[{"embeddable":true,"href":"https:\/\/www.santjoandalacant.es\/ca\/wp-json\/wp\/v2\/comments?post=77764"}],"version-history":[{"count":0,"href":"https:\/\/www.santjoandalacant.es\/ca\/wp-json\/wp\/v2\/posts\/77764\/revisions"}],"wp:featuredmedia":[{"embeddable":true,"href":"https:\/\/www.santjoandalacant.es\/ca\/wp-json\/wp\/v2\/media\/33298"}],"wp:attachment":[{"href":"https:\/\/www.santjoandalacant.es\/ca\/wp-json\/wp\/v2\/media?parent=77764"}],"wp:term":[{"taxonomy":"category","embeddable":true,"href":"https:\/\/www.santjoandalacant.es\/ca\/wp-json\/wp\/v2\/categories?post=77764"},{"taxonomy":"post_tag","embeddable":true,"href":"https:\/\/www.santjoandalacant.es\/ca\/wp-json\/wp\/v2\/tags?post=77764"},{"taxonomy":"areas","embeddable":true,"href":"https:\/\/www.santjoandalacant.es\/ca\/wp-json\/wp\/v2\/areas?post=77764"}],"curies":[{"name":"wp","href":"https:\/\/api.w.org\/{rel}","templated":true}]}}