{"id":77771,"date":"2014-03-07T09:34:27","date_gmt":"2014-03-07T09:34:27","guid":{"rendered":"https:\/\/santjoan.developersasapglobalsolution.com\/candidates-a-reines-i-dames\/"},"modified":"2014-03-07T09:34:27","modified_gmt":"2014-03-07T09:34:27","slug":"candidates-a-reines-i-dames","status":"publish","type":"post","link":"https:\/\/www.santjoandalacant.es\/ca\/candidates-a-reines-i-dames\/","title":{"rendered":"CANDIDATES A REINES I DAMES"},"content":{"rendered":"<p class=\"transresult\">\nSant Joan d&#8217;Alacant ja sap qui seran les tres joves i tres nenes que representaran al municipi durant les properes Festes Majors en honor al Sant\u00edssim Crist de la Pau, en el mes de setembre. I \u00e9s que ahir van ser presentades oficialment a l&#8217;alcalde, Manuel Aracil, i a l&#8217;edil de Festes, Carolina Sala, en el sal\u00f3 de plens de l&#8217;Ajuntament.\n<\/p>\n<p><!-- footer --><\/p>\n<p class=\"transresult\">\nSaray Forn\u00e9s, Azahara Cant\u00f3 i Jessica Juan ocuparan els c\u00e0rrecs adults mentre que, d&#8217;altra banda, els c\u00e0rrecs infantils seran exercits per Immaculada Consci\u00e8ncia, Johana Mart\u00ednez i Yaiza Real. No obstant aix\u00f2, en ambd\u00f3s casos falta con\u00e8ixer qui ser\u00e0 la reina i els qui seran les dames. Un dubte que es buidar\u00e0 el 25 d&#8217;abril durant l&#8217;esperada Gala d&#8217;Elecci\u00f3. \n<\/p>\n<p class=\"transresult\">\nEn l&#8217;acte de presentaci\u00f3, el president de la Comissi\u00f3 de Festes, Francisco Benitez, es va congratular per \u201cla il\u00b7lusi\u00f3 i bellesa que desprenen aquestes sis aspirants, els qui portaran el nom de Sant Joan d&#8217;Alacant per tot el municipi i per tota la prov\u00edncia\u201d. Aix\u00ed mateix, els va transmetre que la comissi\u00f3 i el Consistori ja estan treballant en l&#8217;elaboraci\u00f3 dels vestits que lluiran durant el seu mandat. \n<\/p>\n<p class=\"transresult\">\nEn aquest sentit, la regidora de Festes els va felicitar i va assegurar sentir-se \u201cafortunada per tornar a treballar un any m\u00e9s amb tres joves i tres nenes que desitgen viure la festa d&#8217;a prop i des de la responsabilitat que comporta el c\u00e0rrec que ostentaran\u201d. D&#8217;altra banda, va avan\u00e7ar que el programa per a les properes celebracions tindr\u00e0 diversos esdeveniments destinats especialment al p\u00fablic jove. \n<\/p>\n<p class=\"transresult\">\n<!-- footer --><\/p>\n","protected":false},"excerpt":{"rendered":"<p class=\"transresult\">\nSant Joan d&#8217;Alacant ja sap qui seran les tres joves i tres nenes que representaran al municipi durant les properes Festes Majors en honor al Sant\u00edssim Crist de la Pau, en el mes de setembre. I \u00e9s que ahir van ser presentades oficialment a l&#8217;alcalde, Manuel Aracil, i a l&#8217;edil de Festes, Carolina Sala, en el sal\u00f3 de plens de l&#8217;Ajuntament.<\/p>\n","protected":false},"author":1,"featured_media":33349,"comment_status":"open","ping_status":"open","sticky":false,"template":"","format":"standard","meta":{"_acf_changed":false,"rs_blank_template":"","rs_page_bg_color":"","slide_template_v7":"","footnotes":""},"categories":[1],"tags":[],"areas":[1001],"class_list":["post-77771","post","type-post","status-publish","format-standard","has-post-thumbnail","hentry","category-sin-categorizar","areas-fiestas-ca"],"acf":[],"yoast_head":"<!-- This site is optimized with the Yoast SEO plugin v28.2 - https:\/\/yoast.com\/product\/yoast-seo-wordpress\/ -->\n<title>CANDIDATES A REINES I DAMES - Sant Joan d&#039;Alacant<\/title>\n<meta name=\"robots\" content=\"index, follow, max-snippet:-1, max-image-preview:large, max-video-preview:-1\" \/>\n<link rel=\"canonical\" href=\"https:\/\/www.santjoandalacant.es\/ca\/candidates-a-reines-i-dames\/\" \/>\n<meta property=\"og:locale\" content=\"en_US\" \/>\n<meta property=\"og:type\" content=\"article\" \/>\n<meta property=\"og:title\" content=\"CANDIDATES A REINES I DAMES - Sant Joan d&#039;Alacant\" \/>\n<meta property=\"og:description\" content=\"Sant Joan d&#039;Alacant ja sap qui seran les tres joves i tres nenes que representaran al municipi durant les properes Festes Majors en honor al Sant\u00edssim Crist de la Pau, en el mes de setembre. I \u00e9s que ahir van ser presentades oficialment a l&#039;alcalde, Manuel Aracil, i a l&#039;edil de Festes, Carolina Sala, en el sal\u00f3 de plens de l&#039;Ajuntament.\" \/>\n<meta property=\"og:url\" content=\"https:\/\/www.santjoandalacant.es\/ca\/candidates-a-reines-i-dames\/\" \/>\n<meta property=\"og:site_name\" content=\"Sant Joan d&#039;Alacant\" \/>\n<meta property=\"article:publisher\" content=\"https:\/\/www.facebook.com\/santjoandalacant\/\" \/>\n<meta property=\"article:published_time\" content=\"2014-03-07T09:34:27+00:00\" \/>\n<meta property=\"og:image\" content=\"https:\/\/www.santjoandalacant.es\/wp-content\/uploads\/2017\/06\/NUEVAS_REINAS_Y_DAMAS_DEL_CRISTO.jpg\" \/>\n\t<meta property=\"og:image:width\" content=\"526\" \/>\n\t<meta property=\"og:image:height\" content=\"322\" \/>\n\t<meta property=\"og:image:type\" content=\"image\/jpeg\" \/>\n<meta name=\"author\" content=\"6tems\" \/>\n<meta name=\"twitter:card\" content=\"summary_large_image\" \/>\n<meta name=\"twitter:label1\" content=\"Written by\" \/>\n\t<meta name=\"twitter:data1\" content=\"6tems\" \/>\n\t<meta name=\"twitter:label2\" content=\"Est. reading time\" \/>\n\t<meta name=\"twitter:data2\" content=\"1 minute\" \/>\n<script type=\"application\/ld+json\" class=\"yoast-schema-graph\">{\"@context\":\"https:\\\/\\\/schema.org\",\"@graph\":[{\"@type\":\"Article\",\"@id\":\"https:\\\/\\\/www.santjoandalacant.es\\\/ca\\\/candidates-a-reines-i-dames\\\/#article\",\"isPartOf\":{\"@id\":\"https:\\\/\\\/www.santjoandalacant.es\\\/ca\\\/candidates-a-reines-i-dames\\\/\"},\"author\":{\"name\":\"6tems\",\"@id\":\"https:\\\/\\\/www.santjoandalacant.es\\\/ca\\\/#\\\/schema\\\/person\\\/74b89bc7b26e6edafb76cd69420cd790\"},\"headline\":\"CANDIDATES A REINES I DAMES\",\"datePublished\":\"2014-03-07T09:34:27+00:00\",\"mainEntityOfPage\":{\"@id\":\"https:\\\/\\\/www.santjoandalacant.es\\\/ca\\\/candidates-a-reines-i-dames\\\/\"},\"wordCount\":284,\"commentCount\":0,\"publisher\":{\"@id\":\"https:\\\/\\\/www.santjoandalacant.es\\\/ca\\\/#organization\"},\"image\":{\"@id\":\"https:\\\/\\\/www.santjoandalacant.es\\\/ca\\\/candidates-a-reines-i-dames\\\/#primaryimage\"},\"thumbnailUrl\":\"https:\\\/\\\/www.santjoandalacant.es\\\/wp-content\\\/uploads\\\/2017\\\/06\\\/NUEVAS_REINAS_Y_DAMAS_DEL_CRISTO.jpg\",\"articleSection\":[\"Sin categorizar\"],\"inLanguage\":\"va\",\"potentialAction\":[{\"@type\":\"CommentAction\",\"name\":\"Comment\",\"target\":[\"https:\\\/\\\/www.santjoandalacant.es\\\/ca\\\/candidates-a-reines-i-dames\\\/#respond\"]}]},{\"@type\":\"WebPage\",\"@id\":\"https:\\\/\\\/www.santjoandalacant.es\\\/ca\\\/candidates-a-reines-i-dames\\\/\",\"url\":\"https:\\\/\\\/www.santjoandalacant.es\\\/ca\\\/candidates-a-reines-i-dames\\\/\",\"name\":\"CANDIDATES A REINES I DAMES - Sant Joan d&#039;Alacant\",\"isPartOf\":{\"@id\":\"https:\\\/\\\/www.santjoandalacant.es\\\/ca\\\/#website\"},\"primaryImageOfPage\":{\"@id\":\"https:\\\/\\\/www.santjoandalacant.es\\\/ca\\\/candidates-a-reines-i-dames\\\/#primaryimage\"},\"image\":{\"@id\":\"https:\\\/\\\/www.santjoandalacant.es\\\/ca\\\/candidates-a-reines-i-dames\\\/#primaryimage\"},\"thumbnailUrl\":\"https:\\\/\\\/www.santjoandalacant.es\\\/wp-content\\\/uploads\\\/2017\\\/06\\\/NUEVAS_REINAS_Y_DAMAS_DEL_CRISTO.jpg\",\"datePublished\":\"2014-03-07T09:34:27+00:00\",\"breadcrumb\":{\"@id\":\"https:\\\/\\\/www.santjoandalacant.es\\\/ca\\\/candidates-a-reines-i-dames\\\/#breadcrumb\"},\"inLanguage\":\"va\",\"potentialAction\":[{\"@type\":\"ReadAction\",\"target\":[\"https:\\\/\\\/www.santjoandalacant.es\\\/ca\\\/candidates-a-reines-i-dames\\\/\"]}]},{\"@type\":\"ImageObject\",\"inLanguage\":\"va\",\"@id\":\"https:\\\/\\\/www.santjoandalacant.es\\\/ca\\\/candidates-a-reines-i-dames\\\/#primaryimage\",\"url\":\"https:\\\/\\\/www.santjoandalacant.es\\\/wp-content\\\/uploads\\\/2017\\\/06\\\/NUEVAS_REINAS_Y_DAMAS_DEL_CRISTO.jpg\",\"contentUrl\":\"https:\\\/\\\/www.santjoandalacant.es\\\/wp-content\\\/uploads\\\/2017\\\/06\\\/NUEVAS_REINAS_Y_DAMAS_DEL_CRISTO.jpg\",\"width\":526,\"height\":322},{\"@type\":\"BreadcrumbList\",\"@id\":\"https:\\\/\\\/www.santjoandalacant.es\\\/ca\\\/candidates-a-reines-i-dames\\\/#breadcrumb\",\"itemListElement\":[{\"@type\":\"ListItem\",\"position\":1,\"name\":\"Inicio\",\"item\":\"https:\\\/\\\/www.santjoandalacant.es\\\/ca\\\/\"},{\"@type\":\"ListItem\",\"position\":2,\"name\":\"CANDIDATES A REINES I DAMES\"}]},{\"@type\":\"WebSite\",\"@id\":\"https:\\\/\\\/www.santjoandalacant.es\\\/ca\\\/#website\",\"url\":\"https:\\\/\\\/www.santjoandalacant.es\\\/ca\\\/\",\"name\":\"Sant Joan d'Alacant\",\"description\":\"\",\"publisher\":{\"@id\":\"https:\\\/\\\/www.santjoandalacant.es\\\/ca\\\/#organization\"},\"potentialAction\":[{\"@type\":\"SearchAction\",\"target\":{\"@type\":\"EntryPoint\",\"urlTemplate\":\"https:\\\/\\\/www.santjoandalacant.es\\\/ca\\\/?s={search_term_string}\"},\"query-input\":{\"@type\":\"PropertyValueSpecification\",\"valueRequired\":true,\"valueName\":\"search_term_string\"}}],\"inLanguage\":\"va\"},{\"@type\":\"Organization\",\"@id\":\"https:\\\/\\\/www.santjoandalacant.es\\\/ca\\\/#organization\",\"name\":\"Sant Joan d'Alacant\",\"url\":\"https:\\\/\\\/www.santjoandalacant.es\\\/ca\\\/\",\"logo\":{\"@type\":\"ImageObject\",\"inLanguage\":\"va\",\"@id\":\"https:\\\/\\\/www.santjoandalacant.es\\\/ca\\\/#\\\/schema\\\/logo\\\/image\\\/\",\"url\":\"https:\\\/\\\/www.santjoandalacant.es\\\/wp-content\\\/uploads\\\/2023\\\/08\\\/logoSJ.png\",\"contentUrl\":\"https:\\\/\\\/www.santjoandalacant.es\\\/wp-content\\\/uploads\\\/2023\\\/08\\\/logoSJ.png\",\"width\":198,\"height\":253,\"caption\":\"Sant Joan d'Alacant\"},\"image\":{\"@id\":\"https:\\\/\\\/www.santjoandalacant.es\\\/ca\\\/#\\\/schema\\\/logo\\\/image\\\/\"},\"sameAs\":[\"https:\\\/\\\/www.facebook.com\\\/santjoandalacant\\\/\",\"https:\\\/\\\/www.instagram.com\\\/santjoandalacant\\\/\",\"https:\\\/\\\/www.youtube.com\\\/user\\\/santjoandalacant\"]},{\"@type\":\"Person\",\"@id\":\"https:\\\/\\\/www.santjoandalacant.es\\\/ca\\\/#\\\/schema\\\/person\\\/74b89bc7b26e6edafb76cd69420cd790\",\"name\":\"6tems\",\"image\":{\"@type\":\"ImageObject\",\"inLanguage\":\"va\",\"@id\":\"https:\\\/\\\/secure.gravatar.com\\\/avatar\\\/1c939d9bf86da56568327e5d52b159d089efba17cde140c49884e3fe77ef9c66?s=96&d=mm&r=g\",\"url\":\"https:\\\/\\\/secure.gravatar.com\\\/avatar\\\/1c939d9bf86da56568327e5d52b159d089efba17cde140c49884e3fe77ef9c66?s=96&d=mm&r=g\",\"contentUrl\":\"https:\\\/\\\/secure.gravatar.com\\\/avatar\\\/1c939d9bf86da56568327e5d52b159d089efba17cde140c49884e3fe77ef9c66?s=96&d=mm&r=g\",\"caption\":\"6tems\"},\"sameAs\":[\"https:\\\/\\\/www.santjoandalacant.es\"],\"url\":\"https:\\\/\\\/www.santjoandalacant.es\\\/ca\\\/author\\\/adminasap\\\/\"}]}<\/script>\n<!-- \/ Yoast SEO plugin. -->","yoast_head_json":{"title":"CANDIDATES A REINES I DAMES - Sant Joan d&#039;Alacant","robots":{"index":"index","follow":"follow","max-snippet":"max-snippet:-1","max-image-preview":"max-image-preview:large","max-video-preview":"max-video-preview:-1"},"canonical":"https:\/\/www.santjoandalacant.es\/ca\/candidates-a-reines-i-dames\/","og_locale":"en_US","og_type":"article","og_title":"CANDIDATES A REINES I DAMES - Sant Joan d&#039;Alacant","og_description":"Sant Joan d'Alacant ja sap qui seran les tres joves i tres nenes que representaran al municipi durant les properes Festes Majors en honor al Sant\u00edssim Crist de la Pau, en el mes de setembre. I \u00e9s que ahir van ser presentades oficialment a l'alcalde, Manuel Aracil, i a l'edil de Festes, Carolina Sala, en el sal\u00f3 de plens de l'Ajuntament.","og_url":"https:\/\/www.santjoandalacant.es\/ca\/candidates-a-reines-i-dames\/","og_site_name":"Sant Joan d&#039;Alacant","article_publisher":"https:\/\/www.facebook.com\/santjoandalacant\/","article_published_time":"2014-03-07T09:34:27+00:00","og_image":[{"width":526,"height":322,"url":"https:\/\/www.santjoandalacant.es\/wp-content\/uploads\/2017\/06\/NUEVAS_REINAS_Y_DAMAS_DEL_CRISTO.jpg","type":"image\/jpeg"}],"author":"6tems","twitter_card":"summary_large_image","twitter_misc":{"Written by":"6tems","Est. reading time":"1 minute"},"schema":{"@context":"https:\/\/schema.org","@graph":[{"@type":"Article","@id":"https:\/\/www.santjoandalacant.es\/ca\/candidates-a-reines-i-dames\/#article","isPartOf":{"@id":"https:\/\/www.santjoandalacant.es\/ca\/candidates-a-reines-i-dames\/"},"author":{"name":"6tems","@id":"https:\/\/www.santjoandalacant.es\/ca\/#\/schema\/person\/74b89bc7b26e6edafb76cd69420cd790"},"headline":"CANDIDATES A REINES I DAMES","datePublished":"2014-03-07T09:34:27+00:00","mainEntityOfPage":{"@id":"https:\/\/www.santjoandalacant.es\/ca\/candidates-a-reines-i-dames\/"},"wordCount":284,"commentCount":0,"publisher":{"@id":"https:\/\/www.santjoandalacant.es\/ca\/#organization"},"image":{"@id":"https:\/\/www.santjoandalacant.es\/ca\/candidates-a-reines-i-dames\/#primaryimage"},"thumbnailUrl":"https:\/\/www.santjoandalacant.es\/wp-content\/uploads\/2017\/06\/NUEVAS_REINAS_Y_DAMAS_DEL_CRISTO.jpg","articleSection":["Sin categorizar"],"inLanguage":"va","potentialAction":[{"@type":"CommentAction","name":"Comment","target":["https:\/\/www.santjoandalacant.es\/ca\/candidates-a-reines-i-dames\/#respond"]}]},{"@type":"WebPage","@id":"https:\/\/www.santjoandalacant.es\/ca\/candidates-a-reines-i-dames\/","url":"https:\/\/www.santjoandalacant.es\/ca\/candidates-a-reines-i-dames\/","name":"CANDIDATES A REINES I DAMES - Sant Joan d&#039;Alacant","isPartOf":{"@id":"https:\/\/www.santjoandalacant.es\/ca\/#website"},"primaryImageOfPage":{"@id":"https:\/\/www.santjoandalacant.es\/ca\/candidates-a-reines-i-dames\/#primaryimage"},"image":{"@id":"https:\/\/www.santjoandalacant.es\/ca\/candidates-a-reines-i-dames\/#primaryimage"},"thumbnailUrl":"https:\/\/www.santjoandalacant.es\/wp-content\/uploads\/2017\/06\/NUEVAS_REINAS_Y_DAMAS_DEL_CRISTO.jpg","datePublished":"2014-03-07T09:34:27+00:00","breadcrumb":{"@id":"https:\/\/www.santjoandalacant.es\/ca\/candidates-a-reines-i-dames\/#breadcrumb"},"inLanguage":"va","potentialAction":[{"@type":"ReadAction","target":["https:\/\/www.santjoandalacant.es\/ca\/candidates-a-reines-i-dames\/"]}]},{"@type":"ImageObject","inLanguage":"va","@id":"https:\/\/www.santjoandalacant.es\/ca\/candidates-a-reines-i-dames\/#primaryimage","url":"https:\/\/www.santjoandalacant.es\/wp-content\/uploads\/2017\/06\/NUEVAS_REINAS_Y_DAMAS_DEL_CRISTO.jpg","contentUrl":"https:\/\/www.santjoandalacant.es\/wp-content\/uploads\/2017\/06\/NUEVAS_REINAS_Y_DAMAS_DEL_CRISTO.jpg","width":526,"height":322},{"@type":"BreadcrumbList","@id":"https:\/\/www.santjoandalacant.es\/ca\/candidates-a-reines-i-dames\/#breadcrumb","itemListElement":[{"@type":"ListItem","position":1,"name":"Inicio","item":"https:\/\/www.santjoandalacant.es\/ca\/"},{"@type":"ListItem","position":2,"name":"CANDIDATES A REINES I DAMES"}]},{"@type":"WebSite","@id":"https:\/\/www.santjoandalacant.es\/ca\/#website","url":"https:\/\/www.santjoandalacant.es\/ca\/","name":"Sant Joan d'Alacant","description":"","publisher":{"@id":"https:\/\/www.santjoandalacant.es\/ca\/#organization"},"potentialAction":[{"@type":"SearchAction","target":{"@type":"EntryPoint","urlTemplate":"https:\/\/www.santjoandalacant.es\/ca\/?s={search_term_string}"},"query-input":{"@type":"PropertyValueSpecification","valueRequired":true,"valueName":"search_term_string"}}],"inLanguage":"va"},{"@type":"Organization","@id":"https:\/\/www.santjoandalacant.es\/ca\/#organization","name":"Sant Joan d'Alacant","url":"https:\/\/www.santjoandalacant.es\/ca\/","logo":{"@type":"ImageObject","inLanguage":"va","@id":"https:\/\/www.santjoandalacant.es\/ca\/#\/schema\/logo\/image\/","url":"https:\/\/www.santjoandalacant.es\/wp-content\/uploads\/2023\/08\/logoSJ.png","contentUrl":"https:\/\/www.santjoandalacant.es\/wp-content\/uploads\/2023\/08\/logoSJ.png","width":198,"height":253,"caption":"Sant Joan d'Alacant"},"image":{"@id":"https:\/\/www.santjoandalacant.es\/ca\/#\/schema\/logo\/image\/"},"sameAs":["https:\/\/www.facebook.com\/santjoandalacant\/","https:\/\/www.instagram.com\/santjoandalacant\/","https:\/\/www.youtube.com\/user\/santjoandalacant"]},{"@type":"Person","@id":"https:\/\/www.santjoandalacant.es\/ca\/#\/schema\/person\/74b89bc7b26e6edafb76cd69420cd790","name":"6tems","image":{"@type":"ImageObject","inLanguage":"va","@id":"https:\/\/secure.gravatar.com\/avatar\/1c939d9bf86da56568327e5d52b159d089efba17cde140c49884e3fe77ef9c66?s=96&d=mm&r=g","url":"https:\/\/secure.gravatar.com\/avatar\/1c939d9bf86da56568327e5d52b159d089efba17cde140c49884e3fe77ef9c66?s=96&d=mm&r=g","contentUrl":"https:\/\/secure.gravatar.com\/avatar\/1c939d9bf86da56568327e5d52b159d089efba17cde140c49884e3fe77ef9c66?s=96&d=mm&r=g","caption":"6tems"},"sameAs":["https:\/\/www.santjoandalacant.es"],"url":"https:\/\/www.santjoandalacant.es\/ca\/author\/adminasap\/"}]}},"_links":{"self":[{"href":"https:\/\/www.santjoandalacant.es\/ca\/wp-json\/wp\/v2\/posts\/77771","targetHints":{"allow":["GET"]}}],"collection":[{"href":"https:\/\/www.santjoandalacant.es\/ca\/wp-json\/wp\/v2\/posts"}],"about":[{"href":"https:\/\/www.santjoandalacant.es\/ca\/wp-json\/wp\/v2\/types\/post"}],"author":[{"embeddable":true,"href":"https:\/\/www.santjoandalacant.es\/ca\/wp-json\/wp\/v2\/users\/1"}],"replies":[{"embeddable":true,"href":"https:\/\/www.santjoandalacant.es\/ca\/wp-json\/wp\/v2\/comments?post=77771"}],"version-history":[{"count":0,"href":"https:\/\/www.santjoandalacant.es\/ca\/wp-json\/wp\/v2\/posts\/77771\/revisions"}],"wp:featuredmedia":[{"embeddable":true,"href":"https:\/\/www.santjoandalacant.es\/ca\/wp-json\/wp\/v2\/media\/33349"}],"wp:attachment":[{"href":"https:\/\/www.santjoandalacant.es\/ca\/wp-json\/wp\/v2\/media?parent=77771"}],"wp:term":[{"taxonomy":"category","embeddable":true,"href":"https:\/\/www.santjoandalacant.es\/ca\/wp-json\/wp\/v2\/categories?post=77771"},{"taxonomy":"post_tag","embeddable":true,"href":"https:\/\/www.santjoandalacant.es\/ca\/wp-json\/wp\/v2\/tags?post=77771"},{"taxonomy":"areas","embeddable":true,"href":"https:\/\/www.santjoandalacant.es\/ca\/wp-json\/wp\/v2\/areas?post=77771"}],"curies":[{"name":"wp","href":"https:\/\/api.w.org\/{rel}","templated":true}]}}