{"id":77778,"date":"2014-03-05T07:12:16","date_gmt":"2014-03-05T07:12:16","guid":{"rendered":"https:\/\/santjoan.developersasapglobalsolution.com\/dia-dandalusia\/"},"modified":"2014-03-05T07:12:16","modified_gmt":"2014-03-05T07:12:16","slug":"dia-dandalusia","status":"publish","type":"post","link":"https:\/\/www.santjoandalacant.es\/ca\/dia-dandalusia\/","title":{"rendered":"DIA D&#8217;ANDALUSIA"},"content":{"rendered":"<p class=\"transresult\">\nLa Casa d&#8217;Andalusia \u201cRafael Alberti\u201d de Sant Joan d&#8217;Alacant va celebrar el cap de setmana passat la VI edici\u00f3 de la seva Setmana Cultural per commemorar el dia oficial d&#8217;aquesta comunitat aut\u00f2noma. Els actes comen\u00e7aven aix\u00ed divendres passat, 28 de febrer, amb la inauguraci\u00f3 del programa a la seu de la pr\u00f2pia entitat. Un esdeveniment al que va assistir la corporaci\u00f3 municipal aix\u00ed com les reines i dames de les Festes del Crist de la Pau, les belleses i dames de la Foguera Plaza Maisonnave, les romeras de Fabraquer i altres representants festeres.\n<\/p>\n<p class=\"transresult\">\nEn pres\u00e8ncia d&#8217;aquestes autoritats es va presentar al soci de l&#8217;any i a continuaci\u00f3 es va servir un c\u00f2ctel de benvinguda. Ja el dissabte va tenir lloc una jornada de portes obertes en el local de la Casa d&#8217;Andalusia, al carrer del Mercat, on es van celebrar actuacions de grups de ball i castanyoles, a m\u00e9s d&#8217;un sopar amb actuaci\u00f3 en directe. El diumenge es va dur a terme un romiatge des de la Casa d&#8217;Andalusia fins a la Parr\u00f2quia Sant Joan Baptista, on es va celebrar una missa rociera amb una actuaci\u00f3 del cor de la pr\u00f2pia associaci\u00f3. \n<\/p>\n<p class=\"transresult\">\n<!-- footer --><br \/>\n<img fetchpriority=\"high\" decoding=\"async\" class=\" size-full wp-image-33376\" src=\"https:\/\/www.santjoandalacant.es\/wp-content\/uploads\/2014\/03\/DSC_0799_1.jpg\" width=\"500\" height=\"196\" srcset=\"https:\/\/www.santjoandalacant.es\/wp-content\/uploads\/2014\/03\/DSC_0799_1.jpg 500w, https:\/\/www.santjoandalacant.es\/wp-content\/uploads\/2014\/03\/DSC_0799_1-300x118.jpg 300w\" sizes=\"(max-width: 500px) 100vw, 500px\" \/><\/p>\n","protected":false},"excerpt":{"rendered":"<p class=\"transresult\">\nLa Casa d&#8217;Andalusia \u201cRafael Alberti\u201d de Sant Joan d&#8217;Alacant va celebrar el cap de setmana passat la VI edici\u00f3 de la seva Setmana Cultural per commemorar el dia oficial d&#8217;aquesta comunitat aut\u00f2noma. Els actes comen\u00e7aven aix\u00ed divendres passat, 28 de febrer, amb la inauguraci\u00f3 del programa a la seu de la pr\u00f2pia entitat. Un esdeveniment al que va assistir la corporaci\u00f3 municipal aix\u00ed com les reines i dames de les Festes del Crist de la Pau, les belleses i dames de la Foguera Plaza Maisonnave, les romeras de Fabraquer i altres representants festeres.<\/p>\n","protected":false},"author":1,"featured_media":33374,"comment_status":"open","ping_status":"open","sticky":false,"template":"","format":"standard","meta":{"_acf_changed":false,"rs_blank_template":"","rs_page_bg_color":"","slide_template_v7":"","footnotes":""},"categories":[1],"tags":[],"areas":[1001],"class_list":["post-77778","post","type-post","status-publish","format-standard","has-post-thumbnail","hentry","category-sin-categorizar","areas-fiestas-ca"],"acf":[],"yoast_head":"<!-- This site is optimized with the Yoast SEO plugin v28.2 - https:\/\/yoast.com\/product\/yoast-seo-wordpress\/ -->\n<title>DIA D&#039;ANDALUSIA - Sant Joan d&#039;Alacant<\/title>\n<meta name=\"robots\" content=\"index, follow, max-snippet:-1, max-image-preview:large, max-video-preview:-1\" \/>\n<link rel=\"canonical\" href=\"https:\/\/www.santjoandalacant.es\/ca\/dia-dandalusia\/\" \/>\n<meta property=\"og:locale\" content=\"en_US\" \/>\n<meta property=\"og:type\" content=\"article\" \/>\n<meta property=\"og:title\" content=\"DIA D&#039;ANDALUSIA - Sant Joan d&#039;Alacant\" \/>\n<meta property=\"og:description\" content=\"La Casa d&#039;Andalusia \u201cRafael Alberti\u201d de Sant Joan d&#039;Alacant va celebrar el cap de setmana passat la VI edici\u00f3 de la seva Setmana Cultural per commemorar el dia oficial d&#039;aquesta comunitat aut\u00f2noma. Els actes comen\u00e7aven aix\u00ed divendres passat, 28 de febrer, amb la inauguraci\u00f3 del programa a la seu de la pr\u00f2pia entitat. Un esdeveniment al que va assistir la corporaci\u00f3 municipal aix\u00ed com les reines i dames de les Festes del Crist de la Pau, les belleses i dames de la Foguera Plaza Maisonnave, les romeras de Fabraquer i altres representants festeres.\" \/>\n<meta property=\"og:url\" content=\"https:\/\/www.santjoandalacant.es\/ca\/dia-dandalusia\/\" \/>\n<meta property=\"og:site_name\" content=\"Sant Joan d&#039;Alacant\" \/>\n<meta property=\"article:publisher\" content=\"https:\/\/www.facebook.com\/santjoandalacant\/\" \/>\n<meta property=\"article:published_time\" content=\"2014-03-05T07:12:16+00:00\" \/>\n<meta property=\"og:image\" content=\"https:\/\/www.santjoandalacant.es\/wp-content\/uploads\/2017\/06\/SEMANA_CULTURAL_CASA_DE_ANDALUCIA_01.jpg\" \/>\n\t<meta property=\"og:image:width\" content=\"526\" \/>\n\t<meta property=\"og:image:height\" content=\"349\" \/>\n\t<meta property=\"og:image:type\" content=\"image\/jpeg\" \/>\n<meta name=\"author\" content=\"6tems\" \/>\n<meta name=\"twitter:card\" content=\"summary_large_image\" \/>\n<meta name=\"twitter:label1\" content=\"Written by\" \/>\n\t<meta name=\"twitter:data1\" content=\"6tems\" \/>\n\t<meta name=\"twitter:label2\" content=\"Est. reading time\" \/>\n\t<meta name=\"twitter:data2\" content=\"1 minute\" \/>\n<script type=\"application\/ld+json\" class=\"yoast-schema-graph\">{\"@context\":\"https:\\\/\\\/schema.org\",\"@graph\":[{\"@type\":\"Article\",\"@id\":\"https:\\\/\\\/www.santjoandalacant.es\\\/ca\\\/dia-dandalusia\\\/#article\",\"isPartOf\":{\"@id\":\"https:\\\/\\\/www.santjoandalacant.es\\\/ca\\\/dia-dandalusia\\\/\"},\"author\":{\"name\":\"6tems\",\"@id\":\"https:\\\/\\\/www.santjoandalacant.es\\\/ca\\\/#\\\/schema\\\/person\\\/74b89bc7b26e6edafb76cd69420cd790\"},\"headline\":\"DIA D&#8217;ANDALUSIA\",\"datePublished\":\"2014-03-05T07:12:16+00:00\",\"mainEntityOfPage\":{\"@id\":\"https:\\\/\\\/www.santjoandalacant.es\\\/ca\\\/dia-dandalusia\\\/\"},\"wordCount\":210,\"commentCount\":0,\"publisher\":{\"@id\":\"https:\\\/\\\/www.santjoandalacant.es\\\/ca\\\/#organization\"},\"image\":{\"@id\":\"https:\\\/\\\/www.santjoandalacant.es\\\/ca\\\/dia-dandalusia\\\/#primaryimage\"},\"thumbnailUrl\":\"https:\\\/\\\/www.santjoandalacant.es\\\/wp-content\\\/uploads\\\/2017\\\/06\\\/SEMANA_CULTURAL_CASA_DE_ANDALUCIA_01.jpg\",\"articleSection\":[\"Sin categorizar\"],\"inLanguage\":\"va\",\"potentialAction\":[{\"@type\":\"CommentAction\",\"name\":\"Comment\",\"target\":[\"https:\\\/\\\/www.santjoandalacant.es\\\/ca\\\/dia-dandalusia\\\/#respond\"]}]},{\"@type\":\"WebPage\",\"@id\":\"https:\\\/\\\/www.santjoandalacant.es\\\/ca\\\/dia-dandalusia\\\/\",\"url\":\"https:\\\/\\\/www.santjoandalacant.es\\\/ca\\\/dia-dandalusia\\\/\",\"name\":\"DIA D'ANDALUSIA - Sant Joan d&#039;Alacant\",\"isPartOf\":{\"@id\":\"https:\\\/\\\/www.santjoandalacant.es\\\/ca\\\/#website\"},\"primaryImageOfPage\":{\"@id\":\"https:\\\/\\\/www.santjoandalacant.es\\\/ca\\\/dia-dandalusia\\\/#primaryimage\"},\"image\":{\"@id\":\"https:\\\/\\\/www.santjoandalacant.es\\\/ca\\\/dia-dandalusia\\\/#primaryimage\"},\"thumbnailUrl\":\"https:\\\/\\\/www.santjoandalacant.es\\\/wp-content\\\/uploads\\\/2017\\\/06\\\/SEMANA_CULTURAL_CASA_DE_ANDALUCIA_01.jpg\",\"datePublished\":\"2014-03-05T07:12:16+00:00\",\"breadcrumb\":{\"@id\":\"https:\\\/\\\/www.santjoandalacant.es\\\/ca\\\/dia-dandalusia\\\/#breadcrumb\"},\"inLanguage\":\"va\",\"potentialAction\":[{\"@type\":\"ReadAction\",\"target\":[\"https:\\\/\\\/www.santjoandalacant.es\\\/ca\\\/dia-dandalusia\\\/\"]}]},{\"@type\":\"ImageObject\",\"inLanguage\":\"va\",\"@id\":\"https:\\\/\\\/www.santjoandalacant.es\\\/ca\\\/dia-dandalusia\\\/#primaryimage\",\"url\":\"https:\\\/\\\/www.santjoandalacant.es\\\/wp-content\\\/uploads\\\/2017\\\/06\\\/SEMANA_CULTURAL_CASA_DE_ANDALUCIA_01.jpg\",\"contentUrl\":\"https:\\\/\\\/www.santjoandalacant.es\\\/wp-content\\\/uploads\\\/2017\\\/06\\\/SEMANA_CULTURAL_CASA_DE_ANDALUCIA_01.jpg\",\"width\":526,\"height\":349},{\"@type\":\"BreadcrumbList\",\"@id\":\"https:\\\/\\\/www.santjoandalacant.es\\\/ca\\\/dia-dandalusia\\\/#breadcrumb\",\"itemListElement\":[{\"@type\":\"ListItem\",\"position\":1,\"name\":\"Inicio\",\"item\":\"https:\\\/\\\/www.santjoandalacant.es\\\/ca\\\/\"},{\"@type\":\"ListItem\",\"position\":2,\"name\":\"DIA D&#8217;ANDALUSIA\"}]},{\"@type\":\"WebSite\",\"@id\":\"https:\\\/\\\/www.santjoandalacant.es\\\/ca\\\/#website\",\"url\":\"https:\\\/\\\/www.santjoandalacant.es\\\/ca\\\/\",\"name\":\"Sant Joan d'Alacant\",\"description\":\"\",\"publisher\":{\"@id\":\"https:\\\/\\\/www.santjoandalacant.es\\\/ca\\\/#organization\"},\"potentialAction\":[{\"@type\":\"SearchAction\",\"target\":{\"@type\":\"EntryPoint\",\"urlTemplate\":\"https:\\\/\\\/www.santjoandalacant.es\\\/ca\\\/?s={search_term_string}\"},\"query-input\":{\"@type\":\"PropertyValueSpecification\",\"valueRequired\":true,\"valueName\":\"search_term_string\"}}],\"inLanguage\":\"va\"},{\"@type\":\"Organization\",\"@id\":\"https:\\\/\\\/www.santjoandalacant.es\\\/ca\\\/#organization\",\"name\":\"Sant Joan d'Alacant\",\"url\":\"https:\\\/\\\/www.santjoandalacant.es\\\/ca\\\/\",\"logo\":{\"@type\":\"ImageObject\",\"inLanguage\":\"va\",\"@id\":\"https:\\\/\\\/www.santjoandalacant.es\\\/ca\\\/#\\\/schema\\\/logo\\\/image\\\/\",\"url\":\"https:\\\/\\\/www.santjoandalacant.es\\\/wp-content\\\/uploads\\\/2023\\\/08\\\/logoSJ.png\",\"contentUrl\":\"https:\\\/\\\/www.santjoandalacant.es\\\/wp-content\\\/uploads\\\/2023\\\/08\\\/logoSJ.png\",\"width\":198,\"height\":253,\"caption\":\"Sant Joan d'Alacant\"},\"image\":{\"@id\":\"https:\\\/\\\/www.santjoandalacant.es\\\/ca\\\/#\\\/schema\\\/logo\\\/image\\\/\"},\"sameAs\":[\"https:\\\/\\\/www.facebook.com\\\/santjoandalacant\\\/\",\"https:\\\/\\\/www.instagram.com\\\/santjoandalacant\\\/\",\"https:\\\/\\\/www.youtube.com\\\/user\\\/santjoandalacant\"]},{\"@type\":\"Person\",\"@id\":\"https:\\\/\\\/www.santjoandalacant.es\\\/ca\\\/#\\\/schema\\\/person\\\/74b89bc7b26e6edafb76cd69420cd790\",\"name\":\"6tems\",\"image\":{\"@type\":\"ImageObject\",\"inLanguage\":\"va\",\"@id\":\"https:\\\/\\\/secure.gravatar.com\\\/avatar\\\/1c939d9bf86da56568327e5d52b159d089efba17cde140c49884e3fe77ef9c66?s=96&d=mm&r=g\",\"url\":\"https:\\\/\\\/secure.gravatar.com\\\/avatar\\\/1c939d9bf86da56568327e5d52b159d089efba17cde140c49884e3fe77ef9c66?s=96&d=mm&r=g\",\"contentUrl\":\"https:\\\/\\\/secure.gravatar.com\\\/avatar\\\/1c939d9bf86da56568327e5d52b159d089efba17cde140c49884e3fe77ef9c66?s=96&d=mm&r=g\",\"caption\":\"6tems\"},\"sameAs\":[\"https:\\\/\\\/www.santjoandalacant.es\"],\"url\":\"https:\\\/\\\/www.santjoandalacant.es\\\/ca\\\/author\\\/adminasap\\\/\"}]}<\/script>\n<!-- \/ Yoast SEO plugin. -->","yoast_head_json":{"title":"DIA D'ANDALUSIA - Sant Joan d&#039;Alacant","robots":{"index":"index","follow":"follow","max-snippet":"max-snippet:-1","max-image-preview":"max-image-preview:large","max-video-preview":"max-video-preview:-1"},"canonical":"https:\/\/www.santjoandalacant.es\/ca\/dia-dandalusia\/","og_locale":"en_US","og_type":"article","og_title":"DIA D'ANDALUSIA - Sant Joan d&#039;Alacant","og_description":"La Casa d'Andalusia \u201cRafael Alberti\u201d de Sant Joan d'Alacant va celebrar el cap de setmana passat la VI edici\u00f3 de la seva Setmana Cultural per commemorar el dia oficial d'aquesta comunitat aut\u00f2noma. Els actes comen\u00e7aven aix\u00ed divendres passat, 28 de febrer, amb la inauguraci\u00f3 del programa a la seu de la pr\u00f2pia entitat. Un esdeveniment al que va assistir la corporaci\u00f3 municipal aix\u00ed com les reines i dames de les Festes del Crist de la Pau, les belleses i dames de la Foguera Plaza Maisonnave, les romeras de Fabraquer i altres representants festeres.","og_url":"https:\/\/www.santjoandalacant.es\/ca\/dia-dandalusia\/","og_site_name":"Sant Joan d&#039;Alacant","article_publisher":"https:\/\/www.facebook.com\/santjoandalacant\/","article_published_time":"2014-03-05T07:12:16+00:00","og_image":[{"width":526,"height":349,"url":"https:\/\/www.santjoandalacant.es\/wp-content\/uploads\/2017\/06\/SEMANA_CULTURAL_CASA_DE_ANDALUCIA_01.jpg","type":"image\/jpeg"}],"author":"6tems","twitter_card":"summary_large_image","twitter_misc":{"Written by":"6tems","Est. reading time":"1 minute"},"schema":{"@context":"https:\/\/schema.org","@graph":[{"@type":"Article","@id":"https:\/\/www.santjoandalacant.es\/ca\/dia-dandalusia\/#article","isPartOf":{"@id":"https:\/\/www.santjoandalacant.es\/ca\/dia-dandalusia\/"},"author":{"name":"6tems","@id":"https:\/\/www.santjoandalacant.es\/ca\/#\/schema\/person\/74b89bc7b26e6edafb76cd69420cd790"},"headline":"DIA D&#8217;ANDALUSIA","datePublished":"2014-03-05T07:12:16+00:00","mainEntityOfPage":{"@id":"https:\/\/www.santjoandalacant.es\/ca\/dia-dandalusia\/"},"wordCount":210,"commentCount":0,"publisher":{"@id":"https:\/\/www.santjoandalacant.es\/ca\/#organization"},"image":{"@id":"https:\/\/www.santjoandalacant.es\/ca\/dia-dandalusia\/#primaryimage"},"thumbnailUrl":"https:\/\/www.santjoandalacant.es\/wp-content\/uploads\/2017\/06\/SEMANA_CULTURAL_CASA_DE_ANDALUCIA_01.jpg","articleSection":["Sin categorizar"],"inLanguage":"va","potentialAction":[{"@type":"CommentAction","name":"Comment","target":["https:\/\/www.santjoandalacant.es\/ca\/dia-dandalusia\/#respond"]}]},{"@type":"WebPage","@id":"https:\/\/www.santjoandalacant.es\/ca\/dia-dandalusia\/","url":"https:\/\/www.santjoandalacant.es\/ca\/dia-dandalusia\/","name":"DIA D'ANDALUSIA - Sant Joan d&#039;Alacant","isPartOf":{"@id":"https:\/\/www.santjoandalacant.es\/ca\/#website"},"primaryImageOfPage":{"@id":"https:\/\/www.santjoandalacant.es\/ca\/dia-dandalusia\/#primaryimage"},"image":{"@id":"https:\/\/www.santjoandalacant.es\/ca\/dia-dandalusia\/#primaryimage"},"thumbnailUrl":"https:\/\/www.santjoandalacant.es\/wp-content\/uploads\/2017\/06\/SEMANA_CULTURAL_CASA_DE_ANDALUCIA_01.jpg","datePublished":"2014-03-05T07:12:16+00:00","breadcrumb":{"@id":"https:\/\/www.santjoandalacant.es\/ca\/dia-dandalusia\/#breadcrumb"},"inLanguage":"va","potentialAction":[{"@type":"ReadAction","target":["https:\/\/www.santjoandalacant.es\/ca\/dia-dandalusia\/"]}]},{"@type":"ImageObject","inLanguage":"va","@id":"https:\/\/www.santjoandalacant.es\/ca\/dia-dandalusia\/#primaryimage","url":"https:\/\/www.santjoandalacant.es\/wp-content\/uploads\/2017\/06\/SEMANA_CULTURAL_CASA_DE_ANDALUCIA_01.jpg","contentUrl":"https:\/\/www.santjoandalacant.es\/wp-content\/uploads\/2017\/06\/SEMANA_CULTURAL_CASA_DE_ANDALUCIA_01.jpg","width":526,"height":349},{"@type":"BreadcrumbList","@id":"https:\/\/www.santjoandalacant.es\/ca\/dia-dandalusia\/#breadcrumb","itemListElement":[{"@type":"ListItem","position":1,"name":"Inicio","item":"https:\/\/www.santjoandalacant.es\/ca\/"},{"@type":"ListItem","position":2,"name":"DIA D&#8217;ANDALUSIA"}]},{"@type":"WebSite","@id":"https:\/\/www.santjoandalacant.es\/ca\/#website","url":"https:\/\/www.santjoandalacant.es\/ca\/","name":"Sant Joan d'Alacant","description":"","publisher":{"@id":"https:\/\/www.santjoandalacant.es\/ca\/#organization"},"potentialAction":[{"@type":"SearchAction","target":{"@type":"EntryPoint","urlTemplate":"https:\/\/www.santjoandalacant.es\/ca\/?s={search_term_string}"},"query-input":{"@type":"PropertyValueSpecification","valueRequired":true,"valueName":"search_term_string"}}],"inLanguage":"va"},{"@type":"Organization","@id":"https:\/\/www.santjoandalacant.es\/ca\/#organization","name":"Sant Joan d'Alacant","url":"https:\/\/www.santjoandalacant.es\/ca\/","logo":{"@type":"ImageObject","inLanguage":"va","@id":"https:\/\/www.santjoandalacant.es\/ca\/#\/schema\/logo\/image\/","url":"https:\/\/www.santjoandalacant.es\/wp-content\/uploads\/2023\/08\/logoSJ.png","contentUrl":"https:\/\/www.santjoandalacant.es\/wp-content\/uploads\/2023\/08\/logoSJ.png","width":198,"height":253,"caption":"Sant Joan d'Alacant"},"image":{"@id":"https:\/\/www.santjoandalacant.es\/ca\/#\/schema\/logo\/image\/"},"sameAs":["https:\/\/www.facebook.com\/santjoandalacant\/","https:\/\/www.instagram.com\/santjoandalacant\/","https:\/\/www.youtube.com\/user\/santjoandalacant"]},{"@type":"Person","@id":"https:\/\/www.santjoandalacant.es\/ca\/#\/schema\/person\/74b89bc7b26e6edafb76cd69420cd790","name":"6tems","image":{"@type":"ImageObject","inLanguage":"va","@id":"https:\/\/secure.gravatar.com\/avatar\/1c939d9bf86da56568327e5d52b159d089efba17cde140c49884e3fe77ef9c66?s=96&d=mm&r=g","url":"https:\/\/secure.gravatar.com\/avatar\/1c939d9bf86da56568327e5d52b159d089efba17cde140c49884e3fe77ef9c66?s=96&d=mm&r=g","contentUrl":"https:\/\/secure.gravatar.com\/avatar\/1c939d9bf86da56568327e5d52b159d089efba17cde140c49884e3fe77ef9c66?s=96&d=mm&r=g","caption":"6tems"},"sameAs":["https:\/\/www.santjoandalacant.es"],"url":"https:\/\/www.santjoandalacant.es\/ca\/author\/adminasap\/"}]}},"_links":{"self":[{"href":"https:\/\/www.santjoandalacant.es\/ca\/wp-json\/wp\/v2\/posts\/77778","targetHints":{"allow":["GET"]}}],"collection":[{"href":"https:\/\/www.santjoandalacant.es\/ca\/wp-json\/wp\/v2\/posts"}],"about":[{"href":"https:\/\/www.santjoandalacant.es\/ca\/wp-json\/wp\/v2\/types\/post"}],"author":[{"embeddable":true,"href":"https:\/\/www.santjoandalacant.es\/ca\/wp-json\/wp\/v2\/users\/1"}],"replies":[{"embeddable":true,"href":"https:\/\/www.santjoandalacant.es\/ca\/wp-json\/wp\/v2\/comments?post=77778"}],"version-history":[{"count":0,"href":"https:\/\/www.santjoandalacant.es\/ca\/wp-json\/wp\/v2\/posts\/77778\/revisions"}],"wp:featuredmedia":[{"embeddable":true,"href":"https:\/\/www.santjoandalacant.es\/ca\/wp-json\/wp\/v2\/media\/33374"}],"wp:attachment":[{"href":"https:\/\/www.santjoandalacant.es\/ca\/wp-json\/wp\/v2\/media?parent=77778"}],"wp:term":[{"taxonomy":"category","embeddable":true,"href":"https:\/\/www.santjoandalacant.es\/ca\/wp-json\/wp\/v2\/categories?post=77778"},{"taxonomy":"post_tag","embeddable":true,"href":"https:\/\/www.santjoandalacant.es\/ca\/wp-json\/wp\/v2\/tags?post=77778"},{"taxonomy":"areas","embeddable":true,"href":"https:\/\/www.santjoandalacant.es\/ca\/wp-json\/wp\/v2\/areas?post=77778"}],"curies":[{"name":"wp","href":"https:\/\/api.w.org\/{rel}","templated":true}]}}