{"id":77781,"date":"2014-03-03T11:07:21","date_gmt":"2014-03-03T11:07:21","guid":{"rendered":"https:\/\/santjoan.developersasapglobalsolution.com\/multitudinaria-festa-de-carnestoltes\/"},"modified":"2014-03-03T11:07:21","modified_gmt":"2014-03-03T11:07:21","slug":"multitudinaria-festa-de-carnestoltes","status":"publish","type":"post","link":"https:\/\/www.santjoandalacant.es\/ca\/multitudinaria-festa-de-carnestoltes\/","title":{"rendered":"MULTITUDIN\u00c0RIA FESTA DE CARNESTOLTES"},"content":{"rendered":"<p class=\"transresult\">\nDes de les 17:30 hores es congregaven milers d&#8217;assistents en l&#8217;avinguda Jaime I per gaudir de la festa infantil. M\u00e9s de 3.000 persones, entre petits i majors, abillats amb les disfresses m\u00e9s originals. A partir de les 23:30 hores comen\u00e7ava la celebraci\u00f3 dels adults. Uns actes que van comptar amb la participaci\u00f3 de la Junta de Penyes de les Festes del Crist aix\u00ed com la resta de comissions festeres del municipi. <\/p>\n<p><img fetchpriority=\"high\" decoding=\"async\" class=\" size-full wp-image-33387\" src=\"https:\/\/www.santjoandalacant.es\/wp-content\/uploads\/2014\/03\/CARNAVAL_02.jpg\" width=\"500\" height=\"332\" srcset=\"https:\/\/www.santjoandalacant.es\/wp-content\/uploads\/2014\/03\/CARNAVAL_02.jpg 500w, https:\/\/www.santjoandalacant.es\/wp-content\/uploads\/2014\/03\/CARNAVAL_02-300x199.jpg 300w\" sizes=\"(max-width: 500px) 100vw, 500px\" \/>\n<\/p>\n<p class=\"transresult\">\n<img decoding=\"async\" class=\" size-full wp-image-33389\" src=\"https:\/\/www.santjoandalacant.es\/wp-content\/uploads\/2014\/03\/CARNAVAL_03.jpg\" width=\"500\" height=\"156\" srcset=\"https:\/\/www.santjoandalacant.es\/wp-content\/uploads\/2014\/03\/CARNAVAL_03.jpg 500w, https:\/\/www.santjoandalacant.es\/wp-content\/uploads\/2014\/03\/CARNAVAL_03-300x94.jpg 300w\" sizes=\"(max-width: 500px) 100vw, 500px\" \/><\/p>\n","protected":false},"excerpt":{"rendered":"<p class=\"transresult\">\nDes de les 17:30 hores es congregaven milers d&#8217;assistents en l&#8217;avinguda Jaime I per gaudir de la festa infantil. M\u00e9s de 3.000 persones, entre petits i majors, abillats amb les disfresses m\u00e9s originals. A partir de les 23:30 hores comen\u00e7ava la celebraci\u00f3 dels adults. Uns actes que van comptar amb la participaci\u00f3 de la Junta de Penyes de les Festes del Crist aix\u00ed com la resta de comissions festeres del municipi. <\/p>\n<p><img fetchpriority=\"high\" decoding=\"async\" class=\" size-full wp-image-33387\" src=\"https:\/\/www.santjoandalacant.es\/wp-content\/uploads\/2014\/03\/CARNAVAL_02.jpg\" width=\"500\" height=\"332\" srcset=\"https:\/\/www.santjoandalacant.es\/wp-content\/uploads\/2014\/03\/CARNAVAL_02.jpg 500w, https:\/\/www.santjoandalacant.es\/wp-content\/uploads\/2014\/03\/CARNAVAL_02-300x199.jpg 300w\" sizes=\"(max-width: 500px) 100vw, 500px\" \/><\/p>\n","protected":false},"author":1,"featured_media":33385,"comment_status":"open","ping_status":"open","sticky":false,"template":"","format":"standard","meta":{"_acf_changed":false,"rs_blank_template":"","rs_page_bg_color":"","slide_template_v7":"","footnotes":""},"categories":[1],"tags":[],"areas":[1001],"class_list":["post-77781","post","type-post","status-publish","format-standard","has-post-thumbnail","hentry","category-sin-categorizar","areas-fiestas-ca"],"acf":[],"yoast_head":"<!-- This site is optimized with the Yoast SEO plugin v28.2 - https:\/\/yoast.com\/product\/yoast-seo-wordpress\/ -->\n<title>MULTITUDIN\u00c0RIA FESTA DE CARNESTOLTES - Sant Joan d&#039;Alacant<\/title>\n<meta name=\"robots\" content=\"index, follow, max-snippet:-1, max-image-preview:large, max-video-preview:-1\" \/>\n<link rel=\"canonical\" href=\"https:\/\/www.santjoandalacant.es\/ca\/multitudinaria-festa-de-carnestoltes\/\" \/>\n<meta property=\"og:locale\" content=\"en_US\" \/>\n<meta property=\"og:type\" content=\"article\" \/>\n<meta property=\"og:title\" content=\"MULTITUDIN\u00c0RIA FESTA DE CARNESTOLTES - Sant Joan d&#039;Alacant\" \/>\n<meta property=\"og:description\" content=\"Des de les 17:30 hores es congregaven milers d&#039;assistents en l&#039;avinguda Jaime I per gaudir de la festa infantil. M\u00e9s de 3.000 persones, entre petits i majors, abillats amb les disfresses m\u00e9s originals. A partir de les 23:30 hores comen\u00e7ava la celebraci\u00f3 dels adults. Uns actes que van comptar amb la participaci\u00f3 de la Junta de Penyes de les Festes del Crist aix\u00ed com la resta de comissions festeres del municipi.\" \/>\n<meta property=\"og:url\" content=\"https:\/\/www.santjoandalacant.es\/ca\/multitudinaria-festa-de-carnestoltes\/\" \/>\n<meta property=\"og:site_name\" content=\"Sant Joan d&#039;Alacant\" \/>\n<meta property=\"article:publisher\" content=\"https:\/\/www.facebook.com\/santjoandalacant\/\" \/>\n<meta property=\"article:published_time\" content=\"2014-03-03T11:07:21+00:00\" \/>\n<meta property=\"og:image\" content=\"https:\/\/www.santjoandalacant.es\/wp-content\/uploads\/2017\/06\/CARNAVAL_01_0.jpg\" \/>\n\t<meta property=\"og:image:width\" content=\"526\" \/>\n\t<meta property=\"og:image:height\" content=\"359\" \/>\n\t<meta property=\"og:image:type\" content=\"image\/jpeg\" \/>\n<meta name=\"author\" content=\"6tems\" \/>\n<meta name=\"twitter:card\" content=\"summary_large_image\" \/>\n<meta name=\"twitter:label1\" content=\"Written by\" \/>\n\t<meta name=\"twitter:data1\" content=\"6tems\" \/>\n<script type=\"application\/ld+json\" class=\"yoast-schema-graph\">{\"@context\":\"https:\\\/\\\/schema.org\",\"@graph\":[{\"@type\":\"Article\",\"@id\":\"https:\\\/\\\/www.santjoandalacant.es\\\/ca\\\/multitudinaria-festa-de-carnestoltes\\\/#article\",\"isPartOf\":{\"@id\":\"https:\\\/\\\/www.santjoandalacant.es\\\/ca\\\/multitudinaria-festa-de-carnestoltes\\\/\"},\"author\":{\"name\":\"6tems\",\"@id\":\"https:\\\/\\\/www.santjoandalacant.es\\\/ca\\\/#\\\/schema\\\/person\\\/74b89bc7b26e6edafb76cd69420cd790\"},\"headline\":\"MULTITUDIN\u00c0RIA FESTA DE CARNESTOLTES\",\"datePublished\":\"2014-03-03T11:07:21+00:00\",\"mainEntityOfPage\":{\"@id\":\"https:\\\/\\\/www.santjoandalacant.es\\\/ca\\\/multitudinaria-festa-de-carnestoltes\\\/\"},\"wordCount\":78,\"commentCount\":0,\"publisher\":{\"@id\":\"https:\\\/\\\/www.santjoandalacant.es\\\/ca\\\/#organization\"},\"image\":{\"@id\":\"https:\\\/\\\/www.santjoandalacant.es\\\/ca\\\/multitudinaria-festa-de-carnestoltes\\\/#primaryimage\"},\"thumbnailUrl\":\"https:\\\/\\\/www.santjoandalacant.es\\\/wp-content\\\/uploads\\\/2017\\\/06\\\/CARNAVAL_01_0.jpg\",\"articleSection\":[\"Sin categorizar\"],\"inLanguage\":\"va\",\"potentialAction\":[{\"@type\":\"CommentAction\",\"name\":\"Comment\",\"target\":[\"https:\\\/\\\/www.santjoandalacant.es\\\/ca\\\/multitudinaria-festa-de-carnestoltes\\\/#respond\"]}]},{\"@type\":\"WebPage\",\"@id\":\"https:\\\/\\\/www.santjoandalacant.es\\\/ca\\\/multitudinaria-festa-de-carnestoltes\\\/\",\"url\":\"https:\\\/\\\/www.santjoandalacant.es\\\/ca\\\/multitudinaria-festa-de-carnestoltes\\\/\",\"name\":\"MULTITUDIN\u00c0RIA FESTA DE CARNESTOLTES - Sant Joan d&#039;Alacant\",\"isPartOf\":{\"@id\":\"https:\\\/\\\/www.santjoandalacant.es\\\/ca\\\/#website\"},\"primaryImageOfPage\":{\"@id\":\"https:\\\/\\\/www.santjoandalacant.es\\\/ca\\\/multitudinaria-festa-de-carnestoltes\\\/#primaryimage\"},\"image\":{\"@id\":\"https:\\\/\\\/www.santjoandalacant.es\\\/ca\\\/multitudinaria-festa-de-carnestoltes\\\/#primaryimage\"},\"thumbnailUrl\":\"https:\\\/\\\/www.santjoandalacant.es\\\/wp-content\\\/uploads\\\/2017\\\/06\\\/CARNAVAL_01_0.jpg\",\"datePublished\":\"2014-03-03T11:07:21+00:00\",\"breadcrumb\":{\"@id\":\"https:\\\/\\\/www.santjoandalacant.es\\\/ca\\\/multitudinaria-festa-de-carnestoltes\\\/#breadcrumb\"},\"inLanguage\":\"va\",\"potentialAction\":[{\"@type\":\"ReadAction\",\"target\":[\"https:\\\/\\\/www.santjoandalacant.es\\\/ca\\\/multitudinaria-festa-de-carnestoltes\\\/\"]}]},{\"@type\":\"ImageObject\",\"inLanguage\":\"va\",\"@id\":\"https:\\\/\\\/www.santjoandalacant.es\\\/ca\\\/multitudinaria-festa-de-carnestoltes\\\/#primaryimage\",\"url\":\"https:\\\/\\\/www.santjoandalacant.es\\\/wp-content\\\/uploads\\\/2017\\\/06\\\/CARNAVAL_01_0.jpg\",\"contentUrl\":\"https:\\\/\\\/www.santjoandalacant.es\\\/wp-content\\\/uploads\\\/2017\\\/06\\\/CARNAVAL_01_0.jpg\",\"width\":526,\"height\":359},{\"@type\":\"BreadcrumbList\",\"@id\":\"https:\\\/\\\/www.santjoandalacant.es\\\/ca\\\/multitudinaria-festa-de-carnestoltes\\\/#breadcrumb\",\"itemListElement\":[{\"@type\":\"ListItem\",\"position\":1,\"name\":\"Inicio\",\"item\":\"https:\\\/\\\/www.santjoandalacant.es\\\/ca\\\/\"},{\"@type\":\"ListItem\",\"position\":2,\"name\":\"MULTITUDIN\u00c0RIA FESTA DE CARNESTOLTES\"}]},{\"@type\":\"WebSite\",\"@id\":\"https:\\\/\\\/www.santjoandalacant.es\\\/ca\\\/#website\",\"url\":\"https:\\\/\\\/www.santjoandalacant.es\\\/ca\\\/\",\"name\":\"Sant Joan d'Alacant\",\"description\":\"\",\"publisher\":{\"@id\":\"https:\\\/\\\/www.santjoandalacant.es\\\/ca\\\/#organization\"},\"potentialAction\":[{\"@type\":\"SearchAction\",\"target\":{\"@type\":\"EntryPoint\",\"urlTemplate\":\"https:\\\/\\\/www.santjoandalacant.es\\\/ca\\\/?s={search_term_string}\"},\"query-input\":{\"@type\":\"PropertyValueSpecification\",\"valueRequired\":true,\"valueName\":\"search_term_string\"}}],\"inLanguage\":\"va\"},{\"@type\":\"Organization\",\"@id\":\"https:\\\/\\\/www.santjoandalacant.es\\\/ca\\\/#organization\",\"name\":\"Sant Joan d'Alacant\",\"url\":\"https:\\\/\\\/www.santjoandalacant.es\\\/ca\\\/\",\"logo\":{\"@type\":\"ImageObject\",\"inLanguage\":\"va\",\"@id\":\"https:\\\/\\\/www.santjoandalacant.es\\\/ca\\\/#\\\/schema\\\/logo\\\/image\\\/\",\"url\":\"https:\\\/\\\/www.santjoandalacant.es\\\/wp-content\\\/uploads\\\/2023\\\/08\\\/logoSJ.png\",\"contentUrl\":\"https:\\\/\\\/www.santjoandalacant.es\\\/wp-content\\\/uploads\\\/2023\\\/08\\\/logoSJ.png\",\"width\":198,\"height\":253,\"caption\":\"Sant Joan d'Alacant\"},\"image\":{\"@id\":\"https:\\\/\\\/www.santjoandalacant.es\\\/ca\\\/#\\\/schema\\\/logo\\\/image\\\/\"},\"sameAs\":[\"https:\\\/\\\/www.facebook.com\\\/santjoandalacant\\\/\",\"https:\\\/\\\/www.instagram.com\\\/santjoandalacant\\\/\",\"https:\\\/\\\/www.youtube.com\\\/user\\\/santjoandalacant\"]},{\"@type\":\"Person\",\"@id\":\"https:\\\/\\\/www.santjoandalacant.es\\\/ca\\\/#\\\/schema\\\/person\\\/74b89bc7b26e6edafb76cd69420cd790\",\"name\":\"6tems\",\"image\":{\"@type\":\"ImageObject\",\"inLanguage\":\"va\",\"@id\":\"https:\\\/\\\/secure.gravatar.com\\\/avatar\\\/1c939d9bf86da56568327e5d52b159d089efba17cde140c49884e3fe77ef9c66?s=96&d=mm&r=g\",\"url\":\"https:\\\/\\\/secure.gravatar.com\\\/avatar\\\/1c939d9bf86da56568327e5d52b159d089efba17cde140c49884e3fe77ef9c66?s=96&d=mm&r=g\",\"contentUrl\":\"https:\\\/\\\/secure.gravatar.com\\\/avatar\\\/1c939d9bf86da56568327e5d52b159d089efba17cde140c49884e3fe77ef9c66?s=96&d=mm&r=g\",\"caption\":\"6tems\"},\"sameAs\":[\"https:\\\/\\\/www.santjoandalacant.es\"],\"url\":\"https:\\\/\\\/www.santjoandalacant.es\\\/ca\\\/author\\\/adminasap\\\/\"}]}<\/script>\n<!-- \/ Yoast SEO plugin. -->","yoast_head_json":{"title":"MULTITUDIN\u00c0RIA FESTA DE CARNESTOLTES - Sant Joan d&#039;Alacant","robots":{"index":"index","follow":"follow","max-snippet":"max-snippet:-1","max-image-preview":"max-image-preview:large","max-video-preview":"max-video-preview:-1"},"canonical":"https:\/\/www.santjoandalacant.es\/ca\/multitudinaria-festa-de-carnestoltes\/","og_locale":"en_US","og_type":"article","og_title":"MULTITUDIN\u00c0RIA FESTA DE CARNESTOLTES - Sant Joan d&#039;Alacant","og_description":"Des de les 17:30 hores es congregaven milers d'assistents en l'avinguda Jaime I per gaudir de la festa infantil. M\u00e9s de 3.000 persones, entre petits i majors, abillats amb les disfresses m\u00e9s originals. A partir de les 23:30 hores comen\u00e7ava la celebraci\u00f3 dels adults. Uns actes que van comptar amb la participaci\u00f3 de la Junta de Penyes de les Festes del Crist aix\u00ed com la resta de comissions festeres del municipi.","og_url":"https:\/\/www.santjoandalacant.es\/ca\/multitudinaria-festa-de-carnestoltes\/","og_site_name":"Sant Joan d&#039;Alacant","article_publisher":"https:\/\/www.facebook.com\/santjoandalacant\/","article_published_time":"2014-03-03T11:07:21+00:00","og_image":[{"width":526,"height":359,"url":"https:\/\/www.santjoandalacant.es\/wp-content\/uploads\/2017\/06\/CARNAVAL_01_0.jpg","type":"image\/jpeg"}],"author":"6tems","twitter_card":"summary_large_image","twitter_misc":{"Written by":"6tems"},"schema":{"@context":"https:\/\/schema.org","@graph":[{"@type":"Article","@id":"https:\/\/www.santjoandalacant.es\/ca\/multitudinaria-festa-de-carnestoltes\/#article","isPartOf":{"@id":"https:\/\/www.santjoandalacant.es\/ca\/multitudinaria-festa-de-carnestoltes\/"},"author":{"name":"6tems","@id":"https:\/\/www.santjoandalacant.es\/ca\/#\/schema\/person\/74b89bc7b26e6edafb76cd69420cd790"},"headline":"MULTITUDIN\u00c0RIA FESTA DE CARNESTOLTES","datePublished":"2014-03-03T11:07:21+00:00","mainEntityOfPage":{"@id":"https:\/\/www.santjoandalacant.es\/ca\/multitudinaria-festa-de-carnestoltes\/"},"wordCount":78,"commentCount":0,"publisher":{"@id":"https:\/\/www.santjoandalacant.es\/ca\/#organization"},"image":{"@id":"https:\/\/www.santjoandalacant.es\/ca\/multitudinaria-festa-de-carnestoltes\/#primaryimage"},"thumbnailUrl":"https:\/\/www.santjoandalacant.es\/wp-content\/uploads\/2017\/06\/CARNAVAL_01_0.jpg","articleSection":["Sin categorizar"],"inLanguage":"va","potentialAction":[{"@type":"CommentAction","name":"Comment","target":["https:\/\/www.santjoandalacant.es\/ca\/multitudinaria-festa-de-carnestoltes\/#respond"]}]},{"@type":"WebPage","@id":"https:\/\/www.santjoandalacant.es\/ca\/multitudinaria-festa-de-carnestoltes\/","url":"https:\/\/www.santjoandalacant.es\/ca\/multitudinaria-festa-de-carnestoltes\/","name":"MULTITUDIN\u00c0RIA FESTA DE CARNESTOLTES - Sant Joan d&#039;Alacant","isPartOf":{"@id":"https:\/\/www.santjoandalacant.es\/ca\/#website"},"primaryImageOfPage":{"@id":"https:\/\/www.santjoandalacant.es\/ca\/multitudinaria-festa-de-carnestoltes\/#primaryimage"},"image":{"@id":"https:\/\/www.santjoandalacant.es\/ca\/multitudinaria-festa-de-carnestoltes\/#primaryimage"},"thumbnailUrl":"https:\/\/www.santjoandalacant.es\/wp-content\/uploads\/2017\/06\/CARNAVAL_01_0.jpg","datePublished":"2014-03-03T11:07:21+00:00","breadcrumb":{"@id":"https:\/\/www.santjoandalacant.es\/ca\/multitudinaria-festa-de-carnestoltes\/#breadcrumb"},"inLanguage":"va","potentialAction":[{"@type":"ReadAction","target":["https:\/\/www.santjoandalacant.es\/ca\/multitudinaria-festa-de-carnestoltes\/"]}]},{"@type":"ImageObject","inLanguage":"va","@id":"https:\/\/www.santjoandalacant.es\/ca\/multitudinaria-festa-de-carnestoltes\/#primaryimage","url":"https:\/\/www.santjoandalacant.es\/wp-content\/uploads\/2017\/06\/CARNAVAL_01_0.jpg","contentUrl":"https:\/\/www.santjoandalacant.es\/wp-content\/uploads\/2017\/06\/CARNAVAL_01_0.jpg","width":526,"height":359},{"@type":"BreadcrumbList","@id":"https:\/\/www.santjoandalacant.es\/ca\/multitudinaria-festa-de-carnestoltes\/#breadcrumb","itemListElement":[{"@type":"ListItem","position":1,"name":"Inicio","item":"https:\/\/www.santjoandalacant.es\/ca\/"},{"@type":"ListItem","position":2,"name":"MULTITUDIN\u00c0RIA FESTA DE CARNESTOLTES"}]},{"@type":"WebSite","@id":"https:\/\/www.santjoandalacant.es\/ca\/#website","url":"https:\/\/www.santjoandalacant.es\/ca\/","name":"Sant Joan d'Alacant","description":"","publisher":{"@id":"https:\/\/www.santjoandalacant.es\/ca\/#organization"},"potentialAction":[{"@type":"SearchAction","target":{"@type":"EntryPoint","urlTemplate":"https:\/\/www.santjoandalacant.es\/ca\/?s={search_term_string}"},"query-input":{"@type":"PropertyValueSpecification","valueRequired":true,"valueName":"search_term_string"}}],"inLanguage":"va"},{"@type":"Organization","@id":"https:\/\/www.santjoandalacant.es\/ca\/#organization","name":"Sant Joan d'Alacant","url":"https:\/\/www.santjoandalacant.es\/ca\/","logo":{"@type":"ImageObject","inLanguage":"va","@id":"https:\/\/www.santjoandalacant.es\/ca\/#\/schema\/logo\/image\/","url":"https:\/\/www.santjoandalacant.es\/wp-content\/uploads\/2023\/08\/logoSJ.png","contentUrl":"https:\/\/www.santjoandalacant.es\/wp-content\/uploads\/2023\/08\/logoSJ.png","width":198,"height":253,"caption":"Sant Joan d'Alacant"},"image":{"@id":"https:\/\/www.santjoandalacant.es\/ca\/#\/schema\/logo\/image\/"},"sameAs":["https:\/\/www.facebook.com\/santjoandalacant\/","https:\/\/www.instagram.com\/santjoandalacant\/","https:\/\/www.youtube.com\/user\/santjoandalacant"]},{"@type":"Person","@id":"https:\/\/www.santjoandalacant.es\/ca\/#\/schema\/person\/74b89bc7b26e6edafb76cd69420cd790","name":"6tems","image":{"@type":"ImageObject","inLanguage":"va","@id":"https:\/\/secure.gravatar.com\/avatar\/1c939d9bf86da56568327e5d52b159d089efba17cde140c49884e3fe77ef9c66?s=96&d=mm&r=g","url":"https:\/\/secure.gravatar.com\/avatar\/1c939d9bf86da56568327e5d52b159d089efba17cde140c49884e3fe77ef9c66?s=96&d=mm&r=g","contentUrl":"https:\/\/secure.gravatar.com\/avatar\/1c939d9bf86da56568327e5d52b159d089efba17cde140c49884e3fe77ef9c66?s=96&d=mm&r=g","caption":"6tems"},"sameAs":["https:\/\/www.santjoandalacant.es"],"url":"https:\/\/www.santjoandalacant.es\/ca\/author\/adminasap\/"}]}},"_links":{"self":[{"href":"https:\/\/www.santjoandalacant.es\/ca\/wp-json\/wp\/v2\/posts\/77781","targetHints":{"allow":["GET"]}}],"collection":[{"href":"https:\/\/www.santjoandalacant.es\/ca\/wp-json\/wp\/v2\/posts"}],"about":[{"href":"https:\/\/www.santjoandalacant.es\/ca\/wp-json\/wp\/v2\/types\/post"}],"author":[{"embeddable":true,"href":"https:\/\/www.santjoandalacant.es\/ca\/wp-json\/wp\/v2\/users\/1"}],"replies":[{"embeddable":true,"href":"https:\/\/www.santjoandalacant.es\/ca\/wp-json\/wp\/v2\/comments?post=77781"}],"version-history":[{"count":0,"href":"https:\/\/www.santjoandalacant.es\/ca\/wp-json\/wp\/v2\/posts\/77781\/revisions"}],"wp:featuredmedia":[{"embeddable":true,"href":"https:\/\/www.santjoandalacant.es\/ca\/wp-json\/wp\/v2\/media\/33385"}],"wp:attachment":[{"href":"https:\/\/www.santjoandalacant.es\/ca\/wp-json\/wp\/v2\/media?parent=77781"}],"wp:term":[{"taxonomy":"category","embeddable":true,"href":"https:\/\/www.santjoandalacant.es\/ca\/wp-json\/wp\/v2\/categories?post=77781"},{"taxonomy":"post_tag","embeddable":true,"href":"https:\/\/www.santjoandalacant.es\/ca\/wp-json\/wp\/v2\/tags?post=77781"},{"taxonomy":"areas","embeddable":true,"href":"https:\/\/www.santjoandalacant.es\/ca\/wp-json\/wp\/v2\/areas?post=77781"}],"curies":[{"name":"wp","href":"https:\/\/api.w.org\/{rel}","templated":true}]}}