{"id":77788,"date":"2014-02-28T11:45:30","date_gmt":"2014-02-28T11:45:30","guid":{"rendered":"https:\/\/santjoan.developersasapglobalsolution.com\/carrera-de-la-dona\/"},"modified":"2014-02-28T11:45:30","modified_gmt":"2014-02-28T11:45:30","slug":"carrera-de-la-dona","status":"publish","type":"post","link":"https:\/\/www.santjoandalacant.es\/ca\/carrera-de-la-dona\/","title":{"rendered":"CARRERA DE LA DONA"},"content":{"rendered":"<p class=\"transresult\">\nLa regidoria de Dona i Igualtat va presentar aquest mat\u00ed, en roda de premsa, el calendari d&#8217;esdeveniments que ha programat per a la commemoraci\u00f3 del Dia Internacional de la Dona en el qual s&#8217;inclou una Carrera Popular diumenge que ve, 2 de mar\u00e7, aix\u00ed com una Gran Gala que se celebrar\u00e0 el dissabte 8 de mar\u00e7.\n<\/p>\n<p><!-- footer --><\/p>\n<p class=\"transresult\">\nL&#8217;edil de l&#8217;\u00e0rea, Carmen Navarro, va comunicar els detalls d&#8217;aquest programa d&#8217;actes, acompanyada en aquesta presentaci\u00f3 per l&#8217;edil d&#8217;Esports, V\u00edctor Garc\u00eda Berenguer, aix\u00ed com Jos\u00e9 Brotons, organitzador de la qual ser\u00e0 la primera Carrera de la Dona. \n<\/p>\n<p class=\"transresult\">\nLa marat\u00f3 tindr\u00e0 la sortida a la pla\u00e7a L&#8217;Ordana, a partir de les 10 hores del diumenge, comptant amb un recorregut de 5 quil\u00f2metres que les regidories de Seguretat Ciutadana, Tr\u00e0fic i Transports han preparat per a l&#8217;ocasi\u00f3. L&#8217;objectiu \u00e9s que no s&#8217;afecti a l&#8217;itinerari normal de l&#8217;autob\u00fas i que l&#8217;avinguda La Rambla no sofreixi corts de tr\u00e0fic. Aix\u00ed ho va assegurar l&#8217;edil Arantxa Maldonado. \n<\/p>\n<p class=\"transresult\">\nEn la presentaci\u00f3 tamb\u00e9 va participar el regidor d&#8217;Atenci\u00f3 Urbana, David Aracil, qui va assegurar que el municipi ja est\u00e0 llest per a l&#8217;esdeveniment. &quot;L&#8217;entorn de la marat\u00f3 ha estat revisat en la seva neteja i jardineria perqu\u00e8 llueixi brillant davant la multitudin\u00e0ria assist\u00e8ncia prevista&quot;, va afegir. <\/p>\n<p><img fetchpriority=\"high\" decoding=\"async\" class=\" size-full wp-image-77786\" src=\"https:\/\/www.santjoandalacant.es\/wp-content\/uploads\/2014\/02\/carrera_de_la_mujer_2014.jpg\" width=\"500\" height=\"185\" srcset=\"https:\/\/www.santjoandalacant.es\/wp-content\/uploads\/2014\/02\/carrera_de_la_mujer_2014.jpg 500w, https:\/\/www.santjoandalacant.es\/wp-content\/uploads\/2014\/02\/carrera_de_la_mujer_2014-300x111.jpg 300w\" sizes=\"(max-width: 500px) 100vw, 500px\" \/>\n<\/p>\n<p class=\"transresult\" align=\"center\">\nPROGRAMA DE LA &quot;SETMANA DE LA DONA&quot;\n<\/p>\n<p class=\"transresult\">\n<br \/>\nDiumenge, 2 mar\u00e7: <\/p>\n<p>Carrera Popular de la Dona <br \/>\nPla\u00e7a de l&#8217;Ordana: 11 hores <\/p>\n<p>Dimarts, 4 mar\u00e7: <\/p>\n<p>Confer\u00e8ncia \u201cSer dona al Sud. La realitat de la Dona en Paute (Equador)\u201d. <br \/>\nCasa de Cultura: 19:45 hores. <\/p>\n<p>Dijous, 6 mar\u00e7: <\/p>\n<p>Xerra Projecte Europeu GRUNDVITG <br \/>\nCasa de Cultura: 19:45 hores. <\/p>\n<p>Dissabte, 8 mar\u00e7: <\/p>\n<p>Gala de la Dona &quot;Dia Internacional de la Dona&quot;. <br \/>\nCasa de Cultura: 20 hores. <\/p>\n<p>Dimarts, 11 mar\u00e7: <\/p>\n<p>Taller \u201cSer dona al Sud. La realitat de la Dona en Paute (Equador)\u201d. <br \/>\nCol\u00b7legi Carmelites: de 9 a 10 hores i de 10 a 11 hores<\/p>\n","protected":false},"excerpt":{"rendered":"<p class=\"transresult\">\nLa regidoria de Dona i Igualtat va presentar aquest mat\u00ed, en roda de premsa, el calendari d&#8217;esdeveniments que ha programat per a la commemoraci\u00f3 del Dia Internacional de la Dona en el qual s&#8217;inclou una Carrera Popular diumenge que ve, 2 de mar\u00e7, aix\u00ed com una Gran Gala que se celebrar\u00e0 el dissabte 8 de mar\u00e7.<\/p>\n","protected":false},"author":1,"featured_media":33413,"comment_status":"open","ping_status":"open","sticky":false,"template":"","format":"standard","meta":{"_acf_changed":false,"rs_blank_template":"","rs_page_bg_color":"","slide_template_v7":"","footnotes":""},"categories":[1],"tags":[],"areas":[998],"class_list":["post-77788","post","type-post","status-publish","format-standard","has-post-thumbnail","hentry","category-sin-categorizar","areas-deportes-ca"],"acf":[],"yoast_head":"<!-- This site is optimized with the Yoast SEO plugin v28.2 - https:\/\/yoast.com\/product\/yoast-seo-wordpress\/ -->\n<title>CARRERA DE LA DONA - Sant Joan d&#039;Alacant<\/title>\n<meta name=\"robots\" content=\"index, follow, max-snippet:-1, max-image-preview:large, max-video-preview:-1\" \/>\n<link rel=\"canonical\" href=\"https:\/\/www.santjoandalacant.es\/ca\/carrera-de-la-dona\/\" \/>\n<meta property=\"og:locale\" content=\"en_US\" \/>\n<meta property=\"og:type\" content=\"article\" \/>\n<meta property=\"og:title\" content=\"CARRERA DE LA DONA - Sant Joan d&#039;Alacant\" \/>\n<meta property=\"og:description\" content=\"La regidoria de Dona i Igualtat va presentar aquest mat\u00ed, en roda de premsa, el calendari d&#039;esdeveniments que ha programat per a la commemoraci\u00f3 del Dia Internacional de la Dona en el qual s&#039;inclou una Carrera Popular diumenge que ve, 2 de mar\u00e7, aix\u00ed com una Gran Gala que se celebrar\u00e0 el dissabte 8 de mar\u00e7.\" \/>\n<meta property=\"og:url\" content=\"https:\/\/www.santjoandalacant.es\/ca\/carrera-de-la-dona\/\" \/>\n<meta property=\"og:site_name\" content=\"Sant Joan d&#039;Alacant\" \/>\n<meta property=\"article:publisher\" content=\"https:\/\/www.facebook.com\/santjoandalacant\/\" \/>\n<meta property=\"article:published_time\" content=\"2014-02-28T11:45:30+00:00\" \/>\n<meta property=\"og:image\" content=\"https:\/\/www.santjoandalacant.es\/wp-content\/uploads\/2017\/06\/CARTEL_CARRERA_D_ELA_MUJER_2014_1.jpg\" \/>\n\t<meta property=\"og:image:width\" content=\"66\" \/>\n\t<meta property=\"og:image:height\" content=\"66\" \/>\n\t<meta property=\"og:image:type\" content=\"image\/jpeg\" \/>\n<meta name=\"author\" content=\"6tems\" \/>\n<meta name=\"twitter:card\" content=\"summary_large_image\" \/>\n<meta name=\"twitter:label1\" content=\"Written by\" \/>\n\t<meta name=\"twitter:data1\" content=\"6tems\" \/>\n\t<meta name=\"twitter:label2\" content=\"Est. reading time\" \/>\n\t<meta name=\"twitter:data2\" content=\"2 minutes\" \/>\n<script type=\"application\/ld+json\" class=\"yoast-schema-graph\">{\"@context\":\"https:\\\/\\\/schema.org\",\"@graph\":[{\"@type\":\"Article\",\"@id\":\"https:\\\/\\\/www.santjoandalacant.es\\\/ca\\\/carrera-de-la-dona\\\/#article\",\"isPartOf\":{\"@id\":\"https:\\\/\\\/www.santjoandalacant.es\\\/ca\\\/carrera-de-la-dona\\\/\"},\"author\":{\"name\":\"6tems\",\"@id\":\"https:\\\/\\\/www.santjoandalacant.es\\\/ca\\\/#\\\/schema\\\/person\\\/74b89bc7b26e6edafb76cd69420cd790\"},\"headline\":\"CARRERA DE LA DONA\",\"datePublished\":\"2014-02-28T11:45:30+00:00\",\"mainEntityOfPage\":{\"@id\":\"https:\\\/\\\/www.santjoandalacant.es\\\/ca\\\/carrera-de-la-dona\\\/\"},\"wordCount\":329,\"commentCount\":0,\"publisher\":{\"@id\":\"https:\\\/\\\/www.santjoandalacant.es\\\/ca\\\/#organization\"},\"image\":{\"@id\":\"https:\\\/\\\/www.santjoandalacant.es\\\/ca\\\/carrera-de-la-dona\\\/#primaryimage\"},\"thumbnailUrl\":\"https:\\\/\\\/www.santjoandalacant.es\\\/wp-content\\\/uploads\\\/2017\\\/06\\\/CARTEL_CARRERA_D_ELA_MUJER_2014_1.jpg\",\"articleSection\":[\"Sin categorizar\"],\"inLanguage\":\"va\",\"potentialAction\":[{\"@type\":\"CommentAction\",\"name\":\"Comment\",\"target\":[\"https:\\\/\\\/www.santjoandalacant.es\\\/ca\\\/carrera-de-la-dona\\\/#respond\"]}]},{\"@type\":\"WebPage\",\"@id\":\"https:\\\/\\\/www.santjoandalacant.es\\\/ca\\\/carrera-de-la-dona\\\/\",\"url\":\"https:\\\/\\\/www.santjoandalacant.es\\\/ca\\\/carrera-de-la-dona\\\/\",\"name\":\"CARRERA DE LA DONA - Sant Joan d&#039;Alacant\",\"isPartOf\":{\"@id\":\"https:\\\/\\\/www.santjoandalacant.es\\\/ca\\\/#website\"},\"primaryImageOfPage\":{\"@id\":\"https:\\\/\\\/www.santjoandalacant.es\\\/ca\\\/carrera-de-la-dona\\\/#primaryimage\"},\"image\":{\"@id\":\"https:\\\/\\\/www.santjoandalacant.es\\\/ca\\\/carrera-de-la-dona\\\/#primaryimage\"},\"thumbnailUrl\":\"https:\\\/\\\/www.santjoandalacant.es\\\/wp-content\\\/uploads\\\/2017\\\/06\\\/CARTEL_CARRERA_D_ELA_MUJER_2014_1.jpg\",\"datePublished\":\"2014-02-28T11:45:30+00:00\",\"breadcrumb\":{\"@id\":\"https:\\\/\\\/www.santjoandalacant.es\\\/ca\\\/carrera-de-la-dona\\\/#breadcrumb\"},\"inLanguage\":\"va\",\"potentialAction\":[{\"@type\":\"ReadAction\",\"target\":[\"https:\\\/\\\/www.santjoandalacant.es\\\/ca\\\/carrera-de-la-dona\\\/\"]}]},{\"@type\":\"ImageObject\",\"inLanguage\":\"va\",\"@id\":\"https:\\\/\\\/www.santjoandalacant.es\\\/ca\\\/carrera-de-la-dona\\\/#primaryimage\",\"url\":\"https:\\\/\\\/www.santjoandalacant.es\\\/wp-content\\\/uploads\\\/2017\\\/06\\\/CARTEL_CARRERA_D_ELA_MUJER_2014_1.jpg\",\"contentUrl\":\"https:\\\/\\\/www.santjoandalacant.es\\\/wp-content\\\/uploads\\\/2017\\\/06\\\/CARTEL_CARRERA_D_ELA_MUJER_2014_1.jpg\",\"width\":66,\"height\":66},{\"@type\":\"BreadcrumbList\",\"@id\":\"https:\\\/\\\/www.santjoandalacant.es\\\/ca\\\/carrera-de-la-dona\\\/#breadcrumb\",\"itemListElement\":[{\"@type\":\"ListItem\",\"position\":1,\"name\":\"Inicio\",\"item\":\"https:\\\/\\\/www.santjoandalacant.es\\\/ca\\\/\"},{\"@type\":\"ListItem\",\"position\":2,\"name\":\"CARRERA DE LA DONA\"}]},{\"@type\":\"WebSite\",\"@id\":\"https:\\\/\\\/www.santjoandalacant.es\\\/ca\\\/#website\",\"url\":\"https:\\\/\\\/www.santjoandalacant.es\\\/ca\\\/\",\"name\":\"Sant Joan d'Alacant\",\"description\":\"\",\"publisher\":{\"@id\":\"https:\\\/\\\/www.santjoandalacant.es\\\/ca\\\/#organization\"},\"potentialAction\":[{\"@type\":\"SearchAction\",\"target\":{\"@type\":\"EntryPoint\",\"urlTemplate\":\"https:\\\/\\\/www.santjoandalacant.es\\\/ca\\\/?s={search_term_string}\"},\"query-input\":{\"@type\":\"PropertyValueSpecification\",\"valueRequired\":true,\"valueName\":\"search_term_string\"}}],\"inLanguage\":\"va\"},{\"@type\":\"Organization\",\"@id\":\"https:\\\/\\\/www.santjoandalacant.es\\\/ca\\\/#organization\",\"name\":\"Sant Joan d'Alacant\",\"url\":\"https:\\\/\\\/www.santjoandalacant.es\\\/ca\\\/\",\"logo\":{\"@type\":\"ImageObject\",\"inLanguage\":\"va\",\"@id\":\"https:\\\/\\\/www.santjoandalacant.es\\\/ca\\\/#\\\/schema\\\/logo\\\/image\\\/\",\"url\":\"https:\\\/\\\/www.santjoandalacant.es\\\/wp-content\\\/uploads\\\/2023\\\/08\\\/logoSJ.png\",\"contentUrl\":\"https:\\\/\\\/www.santjoandalacant.es\\\/wp-content\\\/uploads\\\/2023\\\/08\\\/logoSJ.png\",\"width\":198,\"height\":253,\"caption\":\"Sant Joan d'Alacant\"},\"image\":{\"@id\":\"https:\\\/\\\/www.santjoandalacant.es\\\/ca\\\/#\\\/schema\\\/logo\\\/image\\\/\"},\"sameAs\":[\"https:\\\/\\\/www.facebook.com\\\/santjoandalacant\\\/\",\"https:\\\/\\\/www.instagram.com\\\/santjoandalacant\\\/\",\"https:\\\/\\\/www.youtube.com\\\/user\\\/santjoandalacant\"]},{\"@type\":\"Person\",\"@id\":\"https:\\\/\\\/www.santjoandalacant.es\\\/ca\\\/#\\\/schema\\\/person\\\/74b89bc7b26e6edafb76cd69420cd790\",\"name\":\"6tems\",\"image\":{\"@type\":\"ImageObject\",\"inLanguage\":\"va\",\"@id\":\"https:\\\/\\\/secure.gravatar.com\\\/avatar\\\/1c939d9bf86da56568327e5d52b159d089efba17cde140c49884e3fe77ef9c66?s=96&d=mm&r=g\",\"url\":\"https:\\\/\\\/secure.gravatar.com\\\/avatar\\\/1c939d9bf86da56568327e5d52b159d089efba17cde140c49884e3fe77ef9c66?s=96&d=mm&r=g\",\"contentUrl\":\"https:\\\/\\\/secure.gravatar.com\\\/avatar\\\/1c939d9bf86da56568327e5d52b159d089efba17cde140c49884e3fe77ef9c66?s=96&d=mm&r=g\",\"caption\":\"6tems\"},\"sameAs\":[\"https:\\\/\\\/www.santjoandalacant.es\"],\"url\":\"https:\\\/\\\/www.santjoandalacant.es\\\/ca\\\/author\\\/adminasap\\\/\"}]}<\/script>\n<!-- \/ Yoast SEO plugin. -->","yoast_head_json":{"title":"CARRERA DE LA DONA - Sant Joan d&#039;Alacant","robots":{"index":"index","follow":"follow","max-snippet":"max-snippet:-1","max-image-preview":"max-image-preview:large","max-video-preview":"max-video-preview:-1"},"canonical":"https:\/\/www.santjoandalacant.es\/ca\/carrera-de-la-dona\/","og_locale":"en_US","og_type":"article","og_title":"CARRERA DE LA DONA - Sant Joan d&#039;Alacant","og_description":"La regidoria de Dona i Igualtat va presentar aquest mat\u00ed, en roda de premsa, el calendari d'esdeveniments que ha programat per a la commemoraci\u00f3 del Dia Internacional de la Dona en el qual s'inclou una Carrera Popular diumenge que ve, 2 de mar\u00e7, aix\u00ed com una Gran Gala que se celebrar\u00e0 el dissabte 8 de mar\u00e7.","og_url":"https:\/\/www.santjoandalacant.es\/ca\/carrera-de-la-dona\/","og_site_name":"Sant Joan d&#039;Alacant","article_publisher":"https:\/\/www.facebook.com\/santjoandalacant\/","article_published_time":"2014-02-28T11:45:30+00:00","og_image":[{"width":66,"height":66,"url":"https:\/\/www.santjoandalacant.es\/wp-content\/uploads\/2017\/06\/CARTEL_CARRERA_D_ELA_MUJER_2014_1.jpg","type":"image\/jpeg"}],"author":"6tems","twitter_card":"summary_large_image","twitter_misc":{"Written by":"6tems","Est. reading time":"2 minutes"},"schema":{"@context":"https:\/\/schema.org","@graph":[{"@type":"Article","@id":"https:\/\/www.santjoandalacant.es\/ca\/carrera-de-la-dona\/#article","isPartOf":{"@id":"https:\/\/www.santjoandalacant.es\/ca\/carrera-de-la-dona\/"},"author":{"name":"6tems","@id":"https:\/\/www.santjoandalacant.es\/ca\/#\/schema\/person\/74b89bc7b26e6edafb76cd69420cd790"},"headline":"CARRERA DE LA DONA","datePublished":"2014-02-28T11:45:30+00:00","mainEntityOfPage":{"@id":"https:\/\/www.santjoandalacant.es\/ca\/carrera-de-la-dona\/"},"wordCount":329,"commentCount":0,"publisher":{"@id":"https:\/\/www.santjoandalacant.es\/ca\/#organization"},"image":{"@id":"https:\/\/www.santjoandalacant.es\/ca\/carrera-de-la-dona\/#primaryimage"},"thumbnailUrl":"https:\/\/www.santjoandalacant.es\/wp-content\/uploads\/2017\/06\/CARTEL_CARRERA_D_ELA_MUJER_2014_1.jpg","articleSection":["Sin categorizar"],"inLanguage":"va","potentialAction":[{"@type":"CommentAction","name":"Comment","target":["https:\/\/www.santjoandalacant.es\/ca\/carrera-de-la-dona\/#respond"]}]},{"@type":"WebPage","@id":"https:\/\/www.santjoandalacant.es\/ca\/carrera-de-la-dona\/","url":"https:\/\/www.santjoandalacant.es\/ca\/carrera-de-la-dona\/","name":"CARRERA DE LA DONA - Sant Joan d&#039;Alacant","isPartOf":{"@id":"https:\/\/www.santjoandalacant.es\/ca\/#website"},"primaryImageOfPage":{"@id":"https:\/\/www.santjoandalacant.es\/ca\/carrera-de-la-dona\/#primaryimage"},"image":{"@id":"https:\/\/www.santjoandalacant.es\/ca\/carrera-de-la-dona\/#primaryimage"},"thumbnailUrl":"https:\/\/www.santjoandalacant.es\/wp-content\/uploads\/2017\/06\/CARTEL_CARRERA_D_ELA_MUJER_2014_1.jpg","datePublished":"2014-02-28T11:45:30+00:00","breadcrumb":{"@id":"https:\/\/www.santjoandalacant.es\/ca\/carrera-de-la-dona\/#breadcrumb"},"inLanguage":"va","potentialAction":[{"@type":"ReadAction","target":["https:\/\/www.santjoandalacant.es\/ca\/carrera-de-la-dona\/"]}]},{"@type":"ImageObject","inLanguage":"va","@id":"https:\/\/www.santjoandalacant.es\/ca\/carrera-de-la-dona\/#primaryimage","url":"https:\/\/www.santjoandalacant.es\/wp-content\/uploads\/2017\/06\/CARTEL_CARRERA_D_ELA_MUJER_2014_1.jpg","contentUrl":"https:\/\/www.santjoandalacant.es\/wp-content\/uploads\/2017\/06\/CARTEL_CARRERA_D_ELA_MUJER_2014_1.jpg","width":66,"height":66},{"@type":"BreadcrumbList","@id":"https:\/\/www.santjoandalacant.es\/ca\/carrera-de-la-dona\/#breadcrumb","itemListElement":[{"@type":"ListItem","position":1,"name":"Inicio","item":"https:\/\/www.santjoandalacant.es\/ca\/"},{"@type":"ListItem","position":2,"name":"CARRERA DE LA DONA"}]},{"@type":"WebSite","@id":"https:\/\/www.santjoandalacant.es\/ca\/#website","url":"https:\/\/www.santjoandalacant.es\/ca\/","name":"Sant Joan d'Alacant","description":"","publisher":{"@id":"https:\/\/www.santjoandalacant.es\/ca\/#organization"},"potentialAction":[{"@type":"SearchAction","target":{"@type":"EntryPoint","urlTemplate":"https:\/\/www.santjoandalacant.es\/ca\/?s={search_term_string}"},"query-input":{"@type":"PropertyValueSpecification","valueRequired":true,"valueName":"search_term_string"}}],"inLanguage":"va"},{"@type":"Organization","@id":"https:\/\/www.santjoandalacant.es\/ca\/#organization","name":"Sant Joan d'Alacant","url":"https:\/\/www.santjoandalacant.es\/ca\/","logo":{"@type":"ImageObject","inLanguage":"va","@id":"https:\/\/www.santjoandalacant.es\/ca\/#\/schema\/logo\/image\/","url":"https:\/\/www.santjoandalacant.es\/wp-content\/uploads\/2023\/08\/logoSJ.png","contentUrl":"https:\/\/www.santjoandalacant.es\/wp-content\/uploads\/2023\/08\/logoSJ.png","width":198,"height":253,"caption":"Sant Joan d'Alacant"},"image":{"@id":"https:\/\/www.santjoandalacant.es\/ca\/#\/schema\/logo\/image\/"},"sameAs":["https:\/\/www.facebook.com\/santjoandalacant\/","https:\/\/www.instagram.com\/santjoandalacant\/","https:\/\/www.youtube.com\/user\/santjoandalacant"]},{"@type":"Person","@id":"https:\/\/www.santjoandalacant.es\/ca\/#\/schema\/person\/74b89bc7b26e6edafb76cd69420cd790","name":"6tems","image":{"@type":"ImageObject","inLanguage":"va","@id":"https:\/\/secure.gravatar.com\/avatar\/1c939d9bf86da56568327e5d52b159d089efba17cde140c49884e3fe77ef9c66?s=96&d=mm&r=g","url":"https:\/\/secure.gravatar.com\/avatar\/1c939d9bf86da56568327e5d52b159d089efba17cde140c49884e3fe77ef9c66?s=96&d=mm&r=g","contentUrl":"https:\/\/secure.gravatar.com\/avatar\/1c939d9bf86da56568327e5d52b159d089efba17cde140c49884e3fe77ef9c66?s=96&d=mm&r=g","caption":"6tems"},"sameAs":["https:\/\/www.santjoandalacant.es"],"url":"https:\/\/www.santjoandalacant.es\/ca\/author\/adminasap\/"}]}},"_links":{"self":[{"href":"https:\/\/www.santjoandalacant.es\/ca\/wp-json\/wp\/v2\/posts\/77788","targetHints":{"allow":["GET"]}}],"collection":[{"href":"https:\/\/www.santjoandalacant.es\/ca\/wp-json\/wp\/v2\/posts"}],"about":[{"href":"https:\/\/www.santjoandalacant.es\/ca\/wp-json\/wp\/v2\/types\/post"}],"author":[{"embeddable":true,"href":"https:\/\/www.santjoandalacant.es\/ca\/wp-json\/wp\/v2\/users\/1"}],"replies":[{"embeddable":true,"href":"https:\/\/www.santjoandalacant.es\/ca\/wp-json\/wp\/v2\/comments?post=77788"}],"version-history":[{"count":0,"href":"https:\/\/www.santjoandalacant.es\/ca\/wp-json\/wp\/v2\/posts\/77788\/revisions"}],"wp:featuredmedia":[{"embeddable":true,"href":"https:\/\/www.santjoandalacant.es\/ca\/wp-json\/wp\/v2\/media\/33413"}],"wp:attachment":[{"href":"https:\/\/www.santjoandalacant.es\/ca\/wp-json\/wp\/v2\/media?parent=77788"}],"wp:term":[{"taxonomy":"category","embeddable":true,"href":"https:\/\/www.santjoandalacant.es\/ca\/wp-json\/wp\/v2\/categories?post=77788"},{"taxonomy":"post_tag","embeddable":true,"href":"https:\/\/www.santjoandalacant.es\/ca\/wp-json\/wp\/v2\/tags?post=77788"},{"taxonomy":"areas","embeddable":true,"href":"https:\/\/www.santjoandalacant.es\/ca\/wp-json\/wp\/v2\/areas?post=77788"}],"curies":[{"name":"wp","href":"https:\/\/api.w.org\/{rel}","templated":true}]}}