{"id":77789,"date":"2014-02-28T11:31:21","date_gmt":"2014-02-28T11:31:21","guid":{"rendered":"https:\/\/santjoan.developersasapglobalsolution.com\/animacio-a-la-lectura\/"},"modified":"2014-02-28T11:31:21","modified_gmt":"2014-02-28T11:31:21","slug":"animacio-a-la-lectura","status":"publish","type":"post","link":"https:\/\/www.santjoandalacant.es\/ca\/animacio-a-la-lectura\/","title":{"rendered":"ANIMACI\u00d3 A LA LECTURA"},"content":{"rendered":"<p class=\"transresult\">\nAnimaci\u00f3 a la lectura durant el mes de mar\u00e7. Despr\u00e9s de la magn\u00edfica experi\u00e8ncia obtinguda pel CEIP Rajoletes l&#8217;any passat, aquesta activitat s&#8217;est\u00e9n a la resta de centres donant lloc a les primeres Jornades d&#8217;Animaci\u00f3 a la Lectura de Sant Joan d&#8217;Alacant, presentades recentment per l&#8217;edil d&#8217;Educaci\u00f3 i Cultura, Javier Yebes, acompanyat per professors dels col\u00b7legis Rajoletes, El Romero, Carmelites i Crist de la Pau.\n<\/p>\n<p><!-- footer --><\/p>\n<p class=\"transresult\">\nEn la iniciativa participen tots els membres de la comunitat educativa i en ella s&#8217;oferiran sessions de contes, aix\u00ed com trobades amb autors i xerrades formatives per als adults. Diferents narradors acudiran als centres per explicar les seves hist\u00f2ries. D&#8217;aquesta manera, els dies 4 i 5 de mar\u00e7 es comptar\u00e0 amb Alberto Sebasti\u00e1n, mentre que Pep Dur\u00e1n ho far\u00e0 els dies 11, 12 i 13 de mar\u00e7 qui, a m\u00e9s el dia 12 oferir\u00e0 una xerrada per a adults, a les 19:45 en la Biblioteca Municipal, titulada &quot;Els Contes i la vida&quot;. <br \/>\n<!-- footer -->\n<\/p>\n<p class=\"transresult\">\nFelix Albo estar\u00e0 a Sant Joan els dies 13 i 14, oferint una confer\u00e8ncia per als adults el dia 13, a les 19:45 en la Biblioteca, sota el t\u00edtol &quot;Explicar a casa&quot;. Finalment, P\u00e0mpol Teatre oferir\u00e0 el seu espectacle de marionetes els dies 17 i 18 de mar\u00e7.\n<\/p>\n<p class=\"transresult\">\nEl projecte se sumeixi a les innombrables iniciatives de la regidories d&#8217;Educaci\u00f3 i Cultura per fomentar la lectura entre petits i majors. Entre unes altres, el primer diumenge de cada mes es duen a terme els \u201cDiumenges d&#8217;Art\u201d, on es pret\u00e9n treure els contes al carrer, al costat d&#8217;altres disciplines art\u00edstiques, pintura, manualitats etc\u00e8tera. Les \u201cCates Liter\u00e0ries\u201d s\u00f3n una altra de les activitats que es duen a terme en la qual es posa en contacte a lectors i escriptors en un entorn agradable.\n<\/p>\n<p class=\"transresult\">\nPer la seva banda, la Biblioteca Municipal de Sant Joan d&#8217;Alacant va voler donar a con\u00e8ixer les diferents iniciatives que est\u00e0 realitzant tamb\u00e9 per a l&#8217;animaci\u00f3 lectora dels m\u00e9s petits. D&#8217;aquesta forma, es van oferir les dades de les noves edicions de programes com \u201cL&#8217;Hora del Conte\u201d o els recentment creats \u201cQu\u00e8 Saps?\u201d i \u201cLABoratori\u201d. <\/p>\n<p>Amb 10 anys de recorregut \u201cL&#8217;Hora del Conte\u201d \u00e9s un espai en el qual els nens i nenes despertin la seva imaginaci\u00f3 i fantasia, promovent d&#8217;una forma divertida l&#8217;acostament del nen al llibre i a la lectura. El programa entronca amb la tradici\u00f3 oral, amb els contes de l&#8217;avi al voltant del foc, amb les llegendes de tots els temps, etc\u00e8tera. Es tracta, doncs, de la primera trobada amb la paraula, el germen del que despr\u00e9s sorgiran els bons lectors. <\/p>\n<p>El \u201cLABoratori\u201d \u00e9s un espai per compartir experi\u00e8ncies, mitjan\u00e7ant instal\u00b7lacions que puguin acollir tallers, mostres i col\u00b7laboracions. Un lloc lliure que es va transformant a poc a poc enquadrat en el fet de compartir experi\u00e8ncies. De la mateixa manera que l&#8217;activitat anomenada Qu\u00e8 saps? en la qual la gent pot proposar temes sobre els quals li agradaria oferir-se ensenyar-ho per donar a con\u00e8ixer les seves experi\u00e8ncies.\n<\/p>\n<p class=\"transresult\">\nEl programa ha incl\u00f2s recentment confer\u00e8ncies sobre com millorar la productivitat d&#8217;un negoci amb el \u201cM\u00e8tode Toyota\u201d, a c\u00e0rrec de Jorge Muria, o la xerra \u201cDiners, riquesa i deute\u201d amb Pablo Torregrosa. La propera activitat que es portar\u00e0 acabo tractar\u00e0 sobre les eines de joc per atreure i retenir clients, de la m\u00e0 de Jorge Muria, el 21 de mar\u00e7. \n<\/p>\n<p><!-- footer --><\/p>\n<p class=\"transresult\" align=\"center\">\nPROGRAMA DE &quot;L&#8217;HORA DEL CONTE&quot; \n<\/p>\n<p class=\"transresult\">\n&nbsp;\n<\/p>\n<p class=\"transresult\">\nDivendres, 7 de febrer: Emma L\u00f3pez <br \/>\nDivendres, 7 de mar\u00e7: Inma Ru\u00edz. <br \/>\nDivendres, 11 d&#8217;abril: Alberto Celdr\u00e1n. <br \/>\nDivendres, 17 d&#8217;octubre: Blai Senabre. <br \/>\nDivendres, 21 de novembre: Virginia Bugia.\n<\/p>\n<p class=\"transresult\">\n<!-- footer --><\/p>\n","protected":false},"excerpt":{"rendered":"<p class=\"transresult\">\nAnimaci\u00f3 a la lectura durant el mes de mar\u00e7. Despr\u00e9s de la magn\u00edfica experi\u00e8ncia obtinguda pel CEIP Rajoletes l&#8217;any passat, aquesta activitat s&#8217;est\u00e9n a la resta de centres donant lloc a les primeres Jornades d&#8217;Animaci\u00f3 a la Lectura de Sant Joan d&#8217;Alacant, presentades recentment per l&#8217;edil d&#8217;Educaci\u00f3 i Cultura, Javier Yebes, acompanyat per professors dels col\u00b7legis Rajoletes, El Romero, Carmelites i Crist de la Pau.<\/p>\n","protected":false},"author":1,"featured_media":33417,"comment_status":"open","ping_status":"open","sticky":false,"template":"","format":"standard","meta":{"_acf_changed":false,"rs_blank_template":"","rs_page_bg_color":"","slide_template_v7":"","footnotes":""},"categories":[1],"tags":[],"areas":[1000],"class_list":["post-77789","post","type-post","status-publish","format-standard","has-post-thumbnail","hentry","category-sin-categorizar","areas-educacion-ca"],"acf":[],"yoast_head":"<!-- This site is optimized with the Yoast SEO plugin v28.2 - https:\/\/yoast.com\/product\/yoast-seo-wordpress\/ -->\n<title>ANIMACI\u00d3 A LA LECTURA - Sant Joan d&#039;Alacant<\/title>\n<meta name=\"robots\" content=\"index, follow, max-snippet:-1, max-image-preview:large, max-video-preview:-1\" \/>\n<link rel=\"canonical\" href=\"https:\/\/www.santjoandalacant.es\/ca\/animacio-a-la-lectura\/\" \/>\n<meta property=\"og:locale\" content=\"en_US\" \/>\n<meta property=\"og:type\" content=\"article\" \/>\n<meta property=\"og:title\" content=\"ANIMACI\u00d3 A LA LECTURA - Sant Joan d&#039;Alacant\" \/>\n<meta property=\"og:description\" content=\"Animaci\u00f3 a la lectura durant el mes de mar\u00e7. Despr\u00e9s de la magn\u00edfica experi\u00e8ncia obtinguda pel CEIP Rajoletes l&#039;any passat, aquesta activitat s&#039;est\u00e9n a la resta de centres donant lloc a les primeres Jornades d&#039;Animaci\u00f3 a la Lectura de Sant Joan d&#039;Alacant, presentades recentment per l&#039;edil d&#039;Educaci\u00f3 i Cultura, Javier Yebes, acompanyat per professors dels col\u00b7legis Rajoletes, El Romero, Carmelites i Crist de la Pau.\" \/>\n<meta property=\"og:url\" content=\"https:\/\/www.santjoandalacant.es\/ca\/animacio-a-la-lectura\/\" \/>\n<meta property=\"og:site_name\" content=\"Sant Joan d&#039;Alacant\" \/>\n<meta property=\"article:publisher\" content=\"https:\/\/www.facebook.com\/santjoandalacant\/\" \/>\n<meta property=\"article:published_time\" content=\"2014-02-28T11:31:21+00:00\" \/>\n<meta property=\"og:image\" content=\"https:\/\/www.santjoandalacant.es\/wp-content\/uploads\/2017\/06\/RP_ANIMACION_LECTORA.jpg\" \/>\n\t<meta property=\"og:image:width\" content=\"526\" \/>\n\t<meta property=\"og:image:height\" content=\"305\" \/>\n\t<meta property=\"og:image:type\" content=\"image\/jpeg\" \/>\n<meta name=\"author\" content=\"6tems\" \/>\n<meta name=\"twitter:card\" content=\"summary_large_image\" \/>\n<meta name=\"twitter:label1\" content=\"Written by\" \/>\n\t<meta name=\"twitter:data1\" content=\"6tems\" \/>\n\t<meta name=\"twitter:label2\" content=\"Est. reading time\" \/>\n\t<meta name=\"twitter:data2\" content=\"3 minutes\" \/>\n<script type=\"application\/ld+json\" class=\"yoast-schema-graph\">{\"@context\":\"https:\\\/\\\/schema.org\",\"@graph\":[{\"@type\":\"Article\",\"@id\":\"https:\\\/\\\/www.santjoandalacant.es\\\/ca\\\/animacio-a-la-lectura\\\/#article\",\"isPartOf\":{\"@id\":\"https:\\\/\\\/www.santjoandalacant.es\\\/ca\\\/animacio-a-la-lectura\\\/\"},\"author\":{\"name\":\"6tems\",\"@id\":\"https:\\\/\\\/www.santjoandalacant.es\\\/ca\\\/#\\\/schema\\\/person\\\/74b89bc7b26e6edafb76cd69420cd790\"},\"headline\":\"ANIMACI\u00d3 A LA LECTURA\",\"datePublished\":\"2014-02-28T11:31:21+00:00\",\"mainEntityOfPage\":{\"@id\":\"https:\\\/\\\/www.santjoandalacant.es\\\/ca\\\/animacio-a-la-lectura\\\/\"},\"wordCount\":632,\"commentCount\":0,\"publisher\":{\"@id\":\"https:\\\/\\\/www.santjoandalacant.es\\\/ca\\\/#organization\"},\"image\":{\"@id\":\"https:\\\/\\\/www.santjoandalacant.es\\\/ca\\\/animacio-a-la-lectura\\\/#primaryimage\"},\"thumbnailUrl\":\"https:\\\/\\\/www.santjoandalacant.es\\\/wp-content\\\/uploads\\\/2017\\\/06\\\/RP_ANIMACION_LECTORA.jpg\",\"articleSection\":[\"Sin categorizar\"],\"inLanguage\":\"va\",\"potentialAction\":[{\"@type\":\"CommentAction\",\"name\":\"Comment\",\"target\":[\"https:\\\/\\\/www.santjoandalacant.es\\\/ca\\\/animacio-a-la-lectura\\\/#respond\"]}]},{\"@type\":\"WebPage\",\"@id\":\"https:\\\/\\\/www.santjoandalacant.es\\\/ca\\\/animacio-a-la-lectura\\\/\",\"url\":\"https:\\\/\\\/www.santjoandalacant.es\\\/ca\\\/animacio-a-la-lectura\\\/\",\"name\":\"ANIMACI\u00d3 A LA LECTURA - Sant Joan d&#039;Alacant\",\"isPartOf\":{\"@id\":\"https:\\\/\\\/www.santjoandalacant.es\\\/ca\\\/#website\"},\"primaryImageOfPage\":{\"@id\":\"https:\\\/\\\/www.santjoandalacant.es\\\/ca\\\/animacio-a-la-lectura\\\/#primaryimage\"},\"image\":{\"@id\":\"https:\\\/\\\/www.santjoandalacant.es\\\/ca\\\/animacio-a-la-lectura\\\/#primaryimage\"},\"thumbnailUrl\":\"https:\\\/\\\/www.santjoandalacant.es\\\/wp-content\\\/uploads\\\/2017\\\/06\\\/RP_ANIMACION_LECTORA.jpg\",\"datePublished\":\"2014-02-28T11:31:21+00:00\",\"breadcrumb\":{\"@id\":\"https:\\\/\\\/www.santjoandalacant.es\\\/ca\\\/animacio-a-la-lectura\\\/#breadcrumb\"},\"inLanguage\":\"va\",\"potentialAction\":[{\"@type\":\"ReadAction\",\"target\":[\"https:\\\/\\\/www.santjoandalacant.es\\\/ca\\\/animacio-a-la-lectura\\\/\"]}]},{\"@type\":\"ImageObject\",\"inLanguage\":\"va\",\"@id\":\"https:\\\/\\\/www.santjoandalacant.es\\\/ca\\\/animacio-a-la-lectura\\\/#primaryimage\",\"url\":\"https:\\\/\\\/www.santjoandalacant.es\\\/wp-content\\\/uploads\\\/2017\\\/06\\\/RP_ANIMACION_LECTORA.jpg\",\"contentUrl\":\"https:\\\/\\\/www.santjoandalacant.es\\\/wp-content\\\/uploads\\\/2017\\\/06\\\/RP_ANIMACION_LECTORA.jpg\",\"width\":526,\"height\":305},{\"@type\":\"BreadcrumbList\",\"@id\":\"https:\\\/\\\/www.santjoandalacant.es\\\/ca\\\/animacio-a-la-lectura\\\/#breadcrumb\",\"itemListElement\":[{\"@type\":\"ListItem\",\"position\":1,\"name\":\"Inicio\",\"item\":\"https:\\\/\\\/www.santjoandalacant.es\\\/ca\\\/\"},{\"@type\":\"ListItem\",\"position\":2,\"name\":\"ANIMACI\u00d3 A LA LECTURA\"}]},{\"@type\":\"WebSite\",\"@id\":\"https:\\\/\\\/www.santjoandalacant.es\\\/ca\\\/#website\",\"url\":\"https:\\\/\\\/www.santjoandalacant.es\\\/ca\\\/\",\"name\":\"Sant Joan d'Alacant\",\"description\":\"\",\"publisher\":{\"@id\":\"https:\\\/\\\/www.santjoandalacant.es\\\/ca\\\/#organization\"},\"potentialAction\":[{\"@type\":\"SearchAction\",\"target\":{\"@type\":\"EntryPoint\",\"urlTemplate\":\"https:\\\/\\\/www.santjoandalacant.es\\\/ca\\\/?s={search_term_string}\"},\"query-input\":{\"@type\":\"PropertyValueSpecification\",\"valueRequired\":true,\"valueName\":\"search_term_string\"}}],\"inLanguage\":\"va\"},{\"@type\":\"Organization\",\"@id\":\"https:\\\/\\\/www.santjoandalacant.es\\\/ca\\\/#organization\",\"name\":\"Sant Joan d'Alacant\",\"url\":\"https:\\\/\\\/www.santjoandalacant.es\\\/ca\\\/\",\"logo\":{\"@type\":\"ImageObject\",\"inLanguage\":\"va\",\"@id\":\"https:\\\/\\\/www.santjoandalacant.es\\\/ca\\\/#\\\/schema\\\/logo\\\/image\\\/\",\"url\":\"https:\\\/\\\/www.santjoandalacant.es\\\/wp-content\\\/uploads\\\/2023\\\/08\\\/logoSJ.png\",\"contentUrl\":\"https:\\\/\\\/www.santjoandalacant.es\\\/wp-content\\\/uploads\\\/2023\\\/08\\\/logoSJ.png\",\"width\":198,\"height\":253,\"caption\":\"Sant Joan d'Alacant\"},\"image\":{\"@id\":\"https:\\\/\\\/www.santjoandalacant.es\\\/ca\\\/#\\\/schema\\\/logo\\\/image\\\/\"},\"sameAs\":[\"https:\\\/\\\/www.facebook.com\\\/santjoandalacant\\\/\",\"https:\\\/\\\/www.instagram.com\\\/santjoandalacant\\\/\",\"https:\\\/\\\/www.youtube.com\\\/user\\\/santjoandalacant\"]},{\"@type\":\"Person\",\"@id\":\"https:\\\/\\\/www.santjoandalacant.es\\\/ca\\\/#\\\/schema\\\/person\\\/74b89bc7b26e6edafb76cd69420cd790\",\"name\":\"6tems\",\"image\":{\"@type\":\"ImageObject\",\"inLanguage\":\"va\",\"@id\":\"https:\\\/\\\/secure.gravatar.com\\\/avatar\\\/1c939d9bf86da56568327e5d52b159d089efba17cde140c49884e3fe77ef9c66?s=96&d=mm&r=g\",\"url\":\"https:\\\/\\\/secure.gravatar.com\\\/avatar\\\/1c939d9bf86da56568327e5d52b159d089efba17cde140c49884e3fe77ef9c66?s=96&d=mm&r=g\",\"contentUrl\":\"https:\\\/\\\/secure.gravatar.com\\\/avatar\\\/1c939d9bf86da56568327e5d52b159d089efba17cde140c49884e3fe77ef9c66?s=96&d=mm&r=g\",\"caption\":\"6tems\"},\"sameAs\":[\"https:\\\/\\\/www.santjoandalacant.es\"],\"url\":\"https:\\\/\\\/www.santjoandalacant.es\\\/ca\\\/author\\\/adminasap\\\/\"}]}<\/script>\n<!-- \/ Yoast SEO plugin. -->","yoast_head_json":{"title":"ANIMACI\u00d3 A LA LECTURA - Sant Joan d&#039;Alacant","robots":{"index":"index","follow":"follow","max-snippet":"max-snippet:-1","max-image-preview":"max-image-preview:large","max-video-preview":"max-video-preview:-1"},"canonical":"https:\/\/www.santjoandalacant.es\/ca\/animacio-a-la-lectura\/","og_locale":"en_US","og_type":"article","og_title":"ANIMACI\u00d3 A LA LECTURA - Sant Joan d&#039;Alacant","og_description":"Animaci\u00f3 a la lectura durant el mes de mar\u00e7. Despr\u00e9s de la magn\u00edfica experi\u00e8ncia obtinguda pel CEIP Rajoletes l'any passat, aquesta activitat s'est\u00e9n a la resta de centres donant lloc a les primeres Jornades d'Animaci\u00f3 a la Lectura de Sant Joan d'Alacant, presentades recentment per l'edil d'Educaci\u00f3 i Cultura, Javier Yebes, acompanyat per professors dels col\u00b7legis Rajoletes, El Romero, Carmelites i Crist de la Pau.","og_url":"https:\/\/www.santjoandalacant.es\/ca\/animacio-a-la-lectura\/","og_site_name":"Sant Joan d&#039;Alacant","article_publisher":"https:\/\/www.facebook.com\/santjoandalacant\/","article_published_time":"2014-02-28T11:31:21+00:00","og_image":[{"width":526,"height":305,"url":"https:\/\/www.santjoandalacant.es\/wp-content\/uploads\/2017\/06\/RP_ANIMACION_LECTORA.jpg","type":"image\/jpeg"}],"author":"6tems","twitter_card":"summary_large_image","twitter_misc":{"Written by":"6tems","Est. reading time":"3 minutes"},"schema":{"@context":"https:\/\/schema.org","@graph":[{"@type":"Article","@id":"https:\/\/www.santjoandalacant.es\/ca\/animacio-a-la-lectura\/#article","isPartOf":{"@id":"https:\/\/www.santjoandalacant.es\/ca\/animacio-a-la-lectura\/"},"author":{"name":"6tems","@id":"https:\/\/www.santjoandalacant.es\/ca\/#\/schema\/person\/74b89bc7b26e6edafb76cd69420cd790"},"headline":"ANIMACI\u00d3 A LA LECTURA","datePublished":"2014-02-28T11:31:21+00:00","mainEntityOfPage":{"@id":"https:\/\/www.santjoandalacant.es\/ca\/animacio-a-la-lectura\/"},"wordCount":632,"commentCount":0,"publisher":{"@id":"https:\/\/www.santjoandalacant.es\/ca\/#organization"},"image":{"@id":"https:\/\/www.santjoandalacant.es\/ca\/animacio-a-la-lectura\/#primaryimage"},"thumbnailUrl":"https:\/\/www.santjoandalacant.es\/wp-content\/uploads\/2017\/06\/RP_ANIMACION_LECTORA.jpg","articleSection":["Sin categorizar"],"inLanguage":"va","potentialAction":[{"@type":"CommentAction","name":"Comment","target":["https:\/\/www.santjoandalacant.es\/ca\/animacio-a-la-lectura\/#respond"]}]},{"@type":"WebPage","@id":"https:\/\/www.santjoandalacant.es\/ca\/animacio-a-la-lectura\/","url":"https:\/\/www.santjoandalacant.es\/ca\/animacio-a-la-lectura\/","name":"ANIMACI\u00d3 A LA LECTURA - Sant Joan d&#039;Alacant","isPartOf":{"@id":"https:\/\/www.santjoandalacant.es\/ca\/#website"},"primaryImageOfPage":{"@id":"https:\/\/www.santjoandalacant.es\/ca\/animacio-a-la-lectura\/#primaryimage"},"image":{"@id":"https:\/\/www.santjoandalacant.es\/ca\/animacio-a-la-lectura\/#primaryimage"},"thumbnailUrl":"https:\/\/www.santjoandalacant.es\/wp-content\/uploads\/2017\/06\/RP_ANIMACION_LECTORA.jpg","datePublished":"2014-02-28T11:31:21+00:00","breadcrumb":{"@id":"https:\/\/www.santjoandalacant.es\/ca\/animacio-a-la-lectura\/#breadcrumb"},"inLanguage":"va","potentialAction":[{"@type":"ReadAction","target":["https:\/\/www.santjoandalacant.es\/ca\/animacio-a-la-lectura\/"]}]},{"@type":"ImageObject","inLanguage":"va","@id":"https:\/\/www.santjoandalacant.es\/ca\/animacio-a-la-lectura\/#primaryimage","url":"https:\/\/www.santjoandalacant.es\/wp-content\/uploads\/2017\/06\/RP_ANIMACION_LECTORA.jpg","contentUrl":"https:\/\/www.santjoandalacant.es\/wp-content\/uploads\/2017\/06\/RP_ANIMACION_LECTORA.jpg","width":526,"height":305},{"@type":"BreadcrumbList","@id":"https:\/\/www.santjoandalacant.es\/ca\/animacio-a-la-lectura\/#breadcrumb","itemListElement":[{"@type":"ListItem","position":1,"name":"Inicio","item":"https:\/\/www.santjoandalacant.es\/ca\/"},{"@type":"ListItem","position":2,"name":"ANIMACI\u00d3 A LA LECTURA"}]},{"@type":"WebSite","@id":"https:\/\/www.santjoandalacant.es\/ca\/#website","url":"https:\/\/www.santjoandalacant.es\/ca\/","name":"Sant Joan d'Alacant","description":"","publisher":{"@id":"https:\/\/www.santjoandalacant.es\/ca\/#organization"},"potentialAction":[{"@type":"SearchAction","target":{"@type":"EntryPoint","urlTemplate":"https:\/\/www.santjoandalacant.es\/ca\/?s={search_term_string}"},"query-input":{"@type":"PropertyValueSpecification","valueRequired":true,"valueName":"search_term_string"}}],"inLanguage":"va"},{"@type":"Organization","@id":"https:\/\/www.santjoandalacant.es\/ca\/#organization","name":"Sant Joan d'Alacant","url":"https:\/\/www.santjoandalacant.es\/ca\/","logo":{"@type":"ImageObject","inLanguage":"va","@id":"https:\/\/www.santjoandalacant.es\/ca\/#\/schema\/logo\/image\/","url":"https:\/\/www.santjoandalacant.es\/wp-content\/uploads\/2023\/08\/logoSJ.png","contentUrl":"https:\/\/www.santjoandalacant.es\/wp-content\/uploads\/2023\/08\/logoSJ.png","width":198,"height":253,"caption":"Sant Joan d'Alacant"},"image":{"@id":"https:\/\/www.santjoandalacant.es\/ca\/#\/schema\/logo\/image\/"},"sameAs":["https:\/\/www.facebook.com\/santjoandalacant\/","https:\/\/www.instagram.com\/santjoandalacant\/","https:\/\/www.youtube.com\/user\/santjoandalacant"]},{"@type":"Person","@id":"https:\/\/www.santjoandalacant.es\/ca\/#\/schema\/person\/74b89bc7b26e6edafb76cd69420cd790","name":"6tems","image":{"@type":"ImageObject","inLanguage":"va","@id":"https:\/\/secure.gravatar.com\/avatar\/1c939d9bf86da56568327e5d52b159d089efba17cde140c49884e3fe77ef9c66?s=96&d=mm&r=g","url":"https:\/\/secure.gravatar.com\/avatar\/1c939d9bf86da56568327e5d52b159d089efba17cde140c49884e3fe77ef9c66?s=96&d=mm&r=g","contentUrl":"https:\/\/secure.gravatar.com\/avatar\/1c939d9bf86da56568327e5d52b159d089efba17cde140c49884e3fe77ef9c66?s=96&d=mm&r=g","caption":"6tems"},"sameAs":["https:\/\/www.santjoandalacant.es"],"url":"https:\/\/www.santjoandalacant.es\/ca\/author\/adminasap\/"}]}},"_links":{"self":[{"href":"https:\/\/www.santjoandalacant.es\/ca\/wp-json\/wp\/v2\/posts\/77789","targetHints":{"allow":["GET"]}}],"collection":[{"href":"https:\/\/www.santjoandalacant.es\/ca\/wp-json\/wp\/v2\/posts"}],"about":[{"href":"https:\/\/www.santjoandalacant.es\/ca\/wp-json\/wp\/v2\/types\/post"}],"author":[{"embeddable":true,"href":"https:\/\/www.santjoandalacant.es\/ca\/wp-json\/wp\/v2\/users\/1"}],"replies":[{"embeddable":true,"href":"https:\/\/www.santjoandalacant.es\/ca\/wp-json\/wp\/v2\/comments?post=77789"}],"version-history":[{"count":0,"href":"https:\/\/www.santjoandalacant.es\/ca\/wp-json\/wp\/v2\/posts\/77789\/revisions"}],"wp:featuredmedia":[{"embeddable":true,"href":"https:\/\/www.santjoandalacant.es\/ca\/wp-json\/wp\/v2\/media\/33417"}],"wp:attachment":[{"href":"https:\/\/www.santjoandalacant.es\/ca\/wp-json\/wp\/v2\/media?parent=77789"}],"wp:term":[{"taxonomy":"category","embeddable":true,"href":"https:\/\/www.santjoandalacant.es\/ca\/wp-json\/wp\/v2\/categories?post=77789"},{"taxonomy":"post_tag","embeddable":true,"href":"https:\/\/www.santjoandalacant.es\/ca\/wp-json\/wp\/v2\/tags?post=77789"},{"taxonomy":"areas","embeddable":true,"href":"https:\/\/www.santjoandalacant.es\/ca\/wp-json\/wp\/v2\/areas?post=77789"}],"curies":[{"name":"wp","href":"https:\/\/api.w.org\/{rel}","templated":true}]}}