{"id":80192,"date":"2017-07-05T11:29:44","date_gmt":"2017-07-05T11:29:44","guid":{"rendered":"https:\/\/santjoan.developersasapglobalsolution.com\/sant-joan-per-la-diversitat\/"},"modified":"2017-07-05T11:29:44","modified_gmt":"2017-07-05T11:29:44","slug":"sant-joan-per-la-diversitat","status":"publish","type":"post","link":"https:\/\/www.santjoandalacant.es\/ca\/sant-joan-per-la-diversitat\/","title":{"rendered":"Sant Joan per la diversitat"},"content":{"rendered":"<p style=\"text-align: justify\">Les Regidories d&#8217;Igualtat i Cultura de l&#8217;Ajuntament de Sant Joan han celebrat el Dia Internacional de l&#8217;Orgull LGTBI amb la finalitat de visibilitzar la diversitat sexual, familiar i de g\u00e8nere, i defensar la dignitat del col\u00b7lectiu de lesbianes, gais, transexuales, bisexuales i intersexuales.<\/p>\n<p style=\"text-align: justify\">Durant una setmana, el consistori ha comptat amb una pancarta amb el lema &#8220;Sant Joan per la diversitat&#8221; al costat de dues banderes LGTBI per a mostrar simb\u00f2licament el rebuig davant qualsevol tipus de discriminaci\u00f3 per orientaci\u00f3 o identitat sexual. Tamb\u00e9 s&#8217;ha procedit al pintat de bancs amb els colors de les banderes LGTBI i Trans per reivindicar el respecte a la diversitat. Una declaraci\u00f3 visual contra l&#8217;odi i a favor de la dignitat, la toler\u00e0ncia i la llibertat.<\/p>\n<p style=\"text-align: justify\">Les activitats van comen\u00e7ar el dimecres amb la concentraci\u00f3 institucional pel dia Internacional de l&#8217;Orgull LGTBI, on la corporaci\u00f3 municipal i les ve\u00efnes i ve\u00efns de Sant Joan denunciaven la discriminaci\u00f3 que hui en dia es pateix per lgtbifobia, aix\u00ed com commemorar els fets ocorreguts a Stonewall que any rere any recorda que la lluita no ha acabat i que queda molt per fer en mat\u00e8ria d&#8217;Igualtat.<\/p>\n<p style=\"text-align: justify\">Una de les caracter\u00edstiques m\u00e9s destacables de la programaci\u00f3 en commemoraci\u00f3 a l&#8217;Orgull 2017 ha sigut oferir una s\u00e8rie d&#8217;activitats dirigides per a tots els p\u00fablics i totes les edats, on la cultura i la conscienciaci\u00f3 social s&#8217;han combinat per a visibilitzar la diversitat.<\/p>\n<p style=\"text-align: justify\">El hall de la Casa de Cultura ha albergat l&#8217;exposici\u00f3 de el &#8220;Amor \u00e9s com&#8230;&#8221;, composta per frases d&#8217;estudiants que reflectien la seua visi\u00f3 sobre la concepci\u00f3 de l&#8217;amor, i en la qual qualsevol podia participar aportant la seua pr\u00f2pia visi\u00f3 des d&#8217;una perspectiva diversa i oberta.<\/p>\n<p style=\"text-align: justify\">Aix\u00ed mateix, la sala de confer\u00e8ncies va projectar el primer cap\u00edtol de &#8220;When we rise&#8221; una miniserie que reflecteix el moviment d&#8217;alliberament homosexual als EUA als anys setanta. Despr\u00e9s del visionat, es van tractar i van debatre els fets m\u00e9s destacables que apareixien en ella. La Biblioteca Municipal, per la seua banda, va donar la benvinguda al contacontes de la m\u00e0 de Trokotro, on els m\u00e9s xicotets van gaudir de contes per la igualtat.<\/p>\n<p>&nbsp;<\/p>\n<p style=\"text-align: justify\">Finalment, la pla\u00e7a de l&#8217;Ajuntament es va omplir de color dissabte al mat\u00ed amb el taller de carioques, els balls de dansa urbana i, sobretot, amb la m\u00fasica d&#8217;In\u00e9s Saavedra, qui va posar el toc sensible i art\u00edstic a la celebraci\u00f3 malgrat la pluja. A m\u00e9s, la jornada va venir acompanyada del bodypainting de Noelia Espin\u00f3s, delectant-nos amb un maquillatge corporal ple de creativitat i estil posant molt de glamur a l&#8217;acte. L&#8217;espectacular batucada a c\u00e0rrec de &#8220;La ciutad de los Colores&#8221; va posar punt final amb una marxa per la diversitat que va rec\u00f3rrer el centre de Sant Joan amb molt de ritme.<\/p>\n","protected":false},"excerpt":{"rendered":"<p style=\"text-align: justify\">\nLes Regidories d&#8217;Igualtat i Cultura de l&#8217;Ajuntament de Sant Joan han celebrat el Dia Internacional de l&#8217;Orgull LGTBI amb la finalitat de visibilitzar la diversitat sexual, familiar i de g\u00e8nere, i defensar la dignitat del col\u00b7lectiu de lesbianes, gais, transexuales, bisexuales i intersexuales.<\/p>\n","protected":false},"author":1,"featured_media":42536,"comment_status":"open","ping_status":"open","sticky":false,"template":"","format":"standard","meta":{"_acf_changed":false,"rs_blank_template":"","rs_page_bg_color":"","slide_template_v7":"","footnotes":""},"categories":[1],"tags":[],"areas":[1003],"class_list":["post-80192","post","type-post","status-publish","format-standard","has-post-thumbnail","hentry","category-sin-categorizar","areas-igualdad-ca"],"acf":[],"yoast_head":"<!-- This site is optimized with the Yoast SEO plugin v28.2 - https:\/\/yoast.com\/product\/yoast-seo-wordpress\/ -->\n<title>Sant Joan per la diversitat - Sant Joan d&#039;Alacant<\/title>\n<meta name=\"robots\" content=\"index, follow, max-snippet:-1, max-image-preview:large, max-video-preview:-1\" \/>\n<link rel=\"canonical\" href=\"https:\/\/www.santjoandalacant.es\/ca\/sant-joan-per-la-diversitat\/\" \/>\n<meta property=\"og:locale\" content=\"en_US\" \/>\n<meta property=\"og:type\" content=\"article\" \/>\n<meta property=\"og:title\" content=\"Sant Joan per la diversitat - Sant Joan d&#039;Alacant\" \/>\n<meta property=\"og:description\" content=\"Les Regidories d&#039;Igualtat i Cultura de l&#039;Ajuntament de Sant Joan han celebrat el Dia Internacional de l&#039;Orgull LGTBI amb la finalitat de visibilitzar la diversitat sexual, familiar i de g\u00e8nere, i defensar la dignitat del col\u00b7lectiu de lesbianes, gais, transexuales, bisexuales i intersexuales.\" \/>\n<meta property=\"og:url\" content=\"https:\/\/www.santjoandalacant.es\/ca\/sant-joan-per-la-diversitat\/\" \/>\n<meta property=\"og:site_name\" content=\"Sant Joan d&#039;Alacant\" \/>\n<meta property=\"article:publisher\" content=\"https:\/\/www.facebook.com\/santjoandalacant\/\" \/>\n<meta property=\"article:published_time\" content=\"2017-07-05T11:29:44+00:00\" \/>\n<meta property=\"og:image\" content=\"https:\/\/www.santjoandalacant.es\/wp-content\/uploads\/2017\/07\/MG_5319.JPG\" \/>\n\t<meta property=\"og:image:width\" content=\"1280\" \/>\n\t<meta property=\"og:image:height\" content=\"853\" \/>\n\t<meta property=\"og:image:type\" content=\"image\/jpeg\" \/>\n<meta name=\"author\" content=\"6tems\" \/>\n<meta name=\"twitter:card\" content=\"summary_large_image\" \/>\n<meta name=\"twitter:label1\" content=\"Written by\" \/>\n\t<meta name=\"twitter:data1\" content=\"6tems\" \/>\n\t<meta name=\"twitter:label2\" content=\"Est. reading time\" \/>\n\t<meta name=\"twitter:data2\" content=\"2 minutes\" \/>\n<script type=\"application\/ld+json\" class=\"yoast-schema-graph\">{\"@context\":\"https:\\\/\\\/schema.org\",\"@graph\":[{\"@type\":\"Article\",\"@id\":\"https:\\\/\\\/www.santjoandalacant.es\\\/ca\\\/sant-joan-per-la-diversitat\\\/#article\",\"isPartOf\":{\"@id\":\"https:\\\/\\\/www.santjoandalacant.es\\\/ca\\\/sant-joan-per-la-diversitat\\\/\"},\"author\":{\"name\":\"6tems\",\"@id\":\"https:\\\/\\\/www.santjoandalacant.es\\\/ca\\\/#\\\/schema\\\/person\\\/74b89bc7b26e6edafb76cd69420cd790\"},\"headline\":\"Sant Joan per la diversitat\",\"datePublished\":\"2017-07-05T11:29:44+00:00\",\"mainEntityOfPage\":{\"@id\":\"https:\\\/\\\/www.santjoandalacant.es\\\/ca\\\/sant-joan-per-la-diversitat\\\/\"},\"wordCount\":508,\"commentCount\":0,\"publisher\":{\"@id\":\"https:\\\/\\\/www.santjoandalacant.es\\\/ca\\\/#organization\"},\"image\":{\"@id\":\"https:\\\/\\\/www.santjoandalacant.es\\\/ca\\\/sant-joan-per-la-diversitat\\\/#primaryimage\"},\"thumbnailUrl\":\"https:\\\/\\\/www.santjoandalacant.es\\\/wp-content\\\/uploads\\\/2017\\\/07\\\/MG_5319.JPG\",\"articleSection\":[\"Sin categorizar\"],\"inLanguage\":\"va\",\"potentialAction\":[{\"@type\":\"CommentAction\",\"name\":\"Comment\",\"target\":[\"https:\\\/\\\/www.santjoandalacant.es\\\/ca\\\/sant-joan-per-la-diversitat\\\/#respond\"]}]},{\"@type\":\"WebPage\",\"@id\":\"https:\\\/\\\/www.santjoandalacant.es\\\/ca\\\/sant-joan-per-la-diversitat\\\/\",\"url\":\"https:\\\/\\\/www.santjoandalacant.es\\\/ca\\\/sant-joan-per-la-diversitat\\\/\",\"name\":\"Sant Joan per la diversitat - Sant Joan d&#039;Alacant\",\"isPartOf\":{\"@id\":\"https:\\\/\\\/www.santjoandalacant.es\\\/ca\\\/#website\"},\"primaryImageOfPage\":{\"@id\":\"https:\\\/\\\/www.santjoandalacant.es\\\/ca\\\/sant-joan-per-la-diversitat\\\/#primaryimage\"},\"image\":{\"@id\":\"https:\\\/\\\/www.santjoandalacant.es\\\/ca\\\/sant-joan-per-la-diversitat\\\/#primaryimage\"},\"thumbnailUrl\":\"https:\\\/\\\/www.santjoandalacant.es\\\/wp-content\\\/uploads\\\/2017\\\/07\\\/MG_5319.JPG\",\"datePublished\":\"2017-07-05T11:29:44+00:00\",\"breadcrumb\":{\"@id\":\"https:\\\/\\\/www.santjoandalacant.es\\\/ca\\\/sant-joan-per-la-diversitat\\\/#breadcrumb\"},\"inLanguage\":\"va\",\"potentialAction\":[{\"@type\":\"ReadAction\",\"target\":[\"https:\\\/\\\/www.santjoandalacant.es\\\/ca\\\/sant-joan-per-la-diversitat\\\/\"]}]},{\"@type\":\"ImageObject\",\"inLanguage\":\"va\",\"@id\":\"https:\\\/\\\/www.santjoandalacant.es\\\/ca\\\/sant-joan-per-la-diversitat\\\/#primaryimage\",\"url\":\"https:\\\/\\\/www.santjoandalacant.es\\\/wp-content\\\/uploads\\\/2017\\\/07\\\/MG_5319.JPG\",\"contentUrl\":\"https:\\\/\\\/www.santjoandalacant.es\\\/wp-content\\\/uploads\\\/2017\\\/07\\\/MG_5319.JPG\",\"width\":1280,\"height\":853},{\"@type\":\"BreadcrumbList\",\"@id\":\"https:\\\/\\\/www.santjoandalacant.es\\\/ca\\\/sant-joan-per-la-diversitat\\\/#breadcrumb\",\"itemListElement\":[{\"@type\":\"ListItem\",\"position\":1,\"name\":\"Inicio\",\"item\":\"https:\\\/\\\/www.santjoandalacant.es\\\/ca\\\/\"},{\"@type\":\"ListItem\",\"position\":2,\"name\":\"Sant Joan per la diversitat\"}]},{\"@type\":\"WebSite\",\"@id\":\"https:\\\/\\\/www.santjoandalacant.es\\\/ca\\\/#website\",\"url\":\"https:\\\/\\\/www.santjoandalacant.es\\\/ca\\\/\",\"name\":\"Sant Joan d'Alacant\",\"description\":\"\",\"publisher\":{\"@id\":\"https:\\\/\\\/www.santjoandalacant.es\\\/ca\\\/#organization\"},\"potentialAction\":[{\"@type\":\"SearchAction\",\"target\":{\"@type\":\"EntryPoint\",\"urlTemplate\":\"https:\\\/\\\/www.santjoandalacant.es\\\/ca\\\/?s={search_term_string}\"},\"query-input\":{\"@type\":\"PropertyValueSpecification\",\"valueRequired\":true,\"valueName\":\"search_term_string\"}}],\"inLanguage\":\"va\"},{\"@type\":\"Organization\",\"@id\":\"https:\\\/\\\/www.santjoandalacant.es\\\/ca\\\/#organization\",\"name\":\"Sant Joan d'Alacant\",\"url\":\"https:\\\/\\\/www.santjoandalacant.es\\\/ca\\\/\",\"logo\":{\"@type\":\"ImageObject\",\"inLanguage\":\"va\",\"@id\":\"https:\\\/\\\/www.santjoandalacant.es\\\/ca\\\/#\\\/schema\\\/logo\\\/image\\\/\",\"url\":\"https:\\\/\\\/www.santjoandalacant.es\\\/wp-content\\\/uploads\\\/2023\\\/08\\\/logoSJ.png\",\"contentUrl\":\"https:\\\/\\\/www.santjoandalacant.es\\\/wp-content\\\/uploads\\\/2023\\\/08\\\/logoSJ.png\",\"width\":198,\"height\":253,\"caption\":\"Sant Joan d'Alacant\"},\"image\":{\"@id\":\"https:\\\/\\\/www.santjoandalacant.es\\\/ca\\\/#\\\/schema\\\/logo\\\/image\\\/\"},\"sameAs\":[\"https:\\\/\\\/www.facebook.com\\\/santjoandalacant\\\/\",\"https:\\\/\\\/www.instagram.com\\\/santjoandalacant\\\/\",\"https:\\\/\\\/www.youtube.com\\\/user\\\/santjoandalacant\"]},{\"@type\":\"Person\",\"@id\":\"https:\\\/\\\/www.santjoandalacant.es\\\/ca\\\/#\\\/schema\\\/person\\\/74b89bc7b26e6edafb76cd69420cd790\",\"name\":\"6tems\",\"image\":{\"@type\":\"ImageObject\",\"inLanguage\":\"va\",\"@id\":\"https:\\\/\\\/secure.gravatar.com\\\/avatar\\\/1c939d9bf86da56568327e5d52b159d089efba17cde140c49884e3fe77ef9c66?s=96&d=mm&r=g\",\"url\":\"https:\\\/\\\/secure.gravatar.com\\\/avatar\\\/1c939d9bf86da56568327e5d52b159d089efba17cde140c49884e3fe77ef9c66?s=96&d=mm&r=g\",\"contentUrl\":\"https:\\\/\\\/secure.gravatar.com\\\/avatar\\\/1c939d9bf86da56568327e5d52b159d089efba17cde140c49884e3fe77ef9c66?s=96&d=mm&r=g\",\"caption\":\"6tems\"},\"sameAs\":[\"https:\\\/\\\/www.santjoandalacant.es\"],\"url\":\"https:\\\/\\\/www.santjoandalacant.es\\\/ca\\\/author\\\/adminasap\\\/\"}]}<\/script>\n<!-- \/ Yoast SEO plugin. -->","yoast_head_json":{"title":"Sant Joan per la diversitat - Sant Joan d&#039;Alacant","robots":{"index":"index","follow":"follow","max-snippet":"max-snippet:-1","max-image-preview":"max-image-preview:large","max-video-preview":"max-video-preview:-1"},"canonical":"https:\/\/www.santjoandalacant.es\/ca\/sant-joan-per-la-diversitat\/","og_locale":"en_US","og_type":"article","og_title":"Sant Joan per la diversitat - Sant Joan d&#039;Alacant","og_description":"Les Regidories d'Igualtat i Cultura de l'Ajuntament de Sant Joan han celebrat el Dia Internacional de l'Orgull LGTBI amb la finalitat de visibilitzar la diversitat sexual, familiar i de g\u00e8nere, i defensar la dignitat del col\u00b7lectiu de lesbianes, gais, transexuales, bisexuales i intersexuales.","og_url":"https:\/\/www.santjoandalacant.es\/ca\/sant-joan-per-la-diversitat\/","og_site_name":"Sant Joan d&#039;Alacant","article_publisher":"https:\/\/www.facebook.com\/santjoandalacant\/","article_published_time":"2017-07-05T11:29:44+00:00","og_image":[{"width":1280,"height":853,"url":"https:\/\/www.santjoandalacant.es\/wp-content\/uploads\/2017\/07\/MG_5319.JPG","type":"image\/jpeg"}],"author":"6tems","twitter_card":"summary_large_image","twitter_misc":{"Written by":"6tems","Est. reading time":"2 minutes"},"schema":{"@context":"https:\/\/schema.org","@graph":[{"@type":"Article","@id":"https:\/\/www.santjoandalacant.es\/ca\/sant-joan-per-la-diversitat\/#article","isPartOf":{"@id":"https:\/\/www.santjoandalacant.es\/ca\/sant-joan-per-la-diversitat\/"},"author":{"name":"6tems","@id":"https:\/\/www.santjoandalacant.es\/ca\/#\/schema\/person\/74b89bc7b26e6edafb76cd69420cd790"},"headline":"Sant Joan per la diversitat","datePublished":"2017-07-05T11:29:44+00:00","mainEntityOfPage":{"@id":"https:\/\/www.santjoandalacant.es\/ca\/sant-joan-per-la-diversitat\/"},"wordCount":508,"commentCount":0,"publisher":{"@id":"https:\/\/www.santjoandalacant.es\/ca\/#organization"},"image":{"@id":"https:\/\/www.santjoandalacant.es\/ca\/sant-joan-per-la-diversitat\/#primaryimage"},"thumbnailUrl":"https:\/\/www.santjoandalacant.es\/wp-content\/uploads\/2017\/07\/MG_5319.JPG","articleSection":["Sin categorizar"],"inLanguage":"va","potentialAction":[{"@type":"CommentAction","name":"Comment","target":["https:\/\/www.santjoandalacant.es\/ca\/sant-joan-per-la-diversitat\/#respond"]}]},{"@type":"WebPage","@id":"https:\/\/www.santjoandalacant.es\/ca\/sant-joan-per-la-diversitat\/","url":"https:\/\/www.santjoandalacant.es\/ca\/sant-joan-per-la-diversitat\/","name":"Sant Joan per la diversitat - Sant Joan d&#039;Alacant","isPartOf":{"@id":"https:\/\/www.santjoandalacant.es\/ca\/#website"},"primaryImageOfPage":{"@id":"https:\/\/www.santjoandalacant.es\/ca\/sant-joan-per-la-diversitat\/#primaryimage"},"image":{"@id":"https:\/\/www.santjoandalacant.es\/ca\/sant-joan-per-la-diversitat\/#primaryimage"},"thumbnailUrl":"https:\/\/www.santjoandalacant.es\/wp-content\/uploads\/2017\/07\/MG_5319.JPG","datePublished":"2017-07-05T11:29:44+00:00","breadcrumb":{"@id":"https:\/\/www.santjoandalacant.es\/ca\/sant-joan-per-la-diversitat\/#breadcrumb"},"inLanguage":"va","potentialAction":[{"@type":"ReadAction","target":["https:\/\/www.santjoandalacant.es\/ca\/sant-joan-per-la-diversitat\/"]}]},{"@type":"ImageObject","inLanguage":"va","@id":"https:\/\/www.santjoandalacant.es\/ca\/sant-joan-per-la-diversitat\/#primaryimage","url":"https:\/\/www.santjoandalacant.es\/wp-content\/uploads\/2017\/07\/MG_5319.JPG","contentUrl":"https:\/\/www.santjoandalacant.es\/wp-content\/uploads\/2017\/07\/MG_5319.JPG","width":1280,"height":853},{"@type":"BreadcrumbList","@id":"https:\/\/www.santjoandalacant.es\/ca\/sant-joan-per-la-diversitat\/#breadcrumb","itemListElement":[{"@type":"ListItem","position":1,"name":"Inicio","item":"https:\/\/www.santjoandalacant.es\/ca\/"},{"@type":"ListItem","position":2,"name":"Sant Joan per la diversitat"}]},{"@type":"WebSite","@id":"https:\/\/www.santjoandalacant.es\/ca\/#website","url":"https:\/\/www.santjoandalacant.es\/ca\/","name":"Sant Joan d'Alacant","description":"","publisher":{"@id":"https:\/\/www.santjoandalacant.es\/ca\/#organization"},"potentialAction":[{"@type":"SearchAction","target":{"@type":"EntryPoint","urlTemplate":"https:\/\/www.santjoandalacant.es\/ca\/?s={search_term_string}"},"query-input":{"@type":"PropertyValueSpecification","valueRequired":true,"valueName":"search_term_string"}}],"inLanguage":"va"},{"@type":"Organization","@id":"https:\/\/www.santjoandalacant.es\/ca\/#organization","name":"Sant Joan d'Alacant","url":"https:\/\/www.santjoandalacant.es\/ca\/","logo":{"@type":"ImageObject","inLanguage":"va","@id":"https:\/\/www.santjoandalacant.es\/ca\/#\/schema\/logo\/image\/","url":"https:\/\/www.santjoandalacant.es\/wp-content\/uploads\/2023\/08\/logoSJ.png","contentUrl":"https:\/\/www.santjoandalacant.es\/wp-content\/uploads\/2023\/08\/logoSJ.png","width":198,"height":253,"caption":"Sant Joan d'Alacant"},"image":{"@id":"https:\/\/www.santjoandalacant.es\/ca\/#\/schema\/logo\/image\/"},"sameAs":["https:\/\/www.facebook.com\/santjoandalacant\/","https:\/\/www.instagram.com\/santjoandalacant\/","https:\/\/www.youtube.com\/user\/santjoandalacant"]},{"@type":"Person","@id":"https:\/\/www.santjoandalacant.es\/ca\/#\/schema\/person\/74b89bc7b26e6edafb76cd69420cd790","name":"6tems","image":{"@type":"ImageObject","inLanguage":"va","@id":"https:\/\/secure.gravatar.com\/avatar\/1c939d9bf86da56568327e5d52b159d089efba17cde140c49884e3fe77ef9c66?s=96&d=mm&r=g","url":"https:\/\/secure.gravatar.com\/avatar\/1c939d9bf86da56568327e5d52b159d089efba17cde140c49884e3fe77ef9c66?s=96&d=mm&r=g","contentUrl":"https:\/\/secure.gravatar.com\/avatar\/1c939d9bf86da56568327e5d52b159d089efba17cde140c49884e3fe77ef9c66?s=96&d=mm&r=g","caption":"6tems"},"sameAs":["https:\/\/www.santjoandalacant.es"],"url":"https:\/\/www.santjoandalacant.es\/ca\/author\/adminasap\/"}]}},"_links":{"self":[{"href":"https:\/\/www.santjoandalacant.es\/ca\/wp-json\/wp\/v2\/posts\/80192","targetHints":{"allow":["GET"]}}],"collection":[{"href":"https:\/\/www.santjoandalacant.es\/ca\/wp-json\/wp\/v2\/posts"}],"about":[{"href":"https:\/\/www.santjoandalacant.es\/ca\/wp-json\/wp\/v2\/types\/post"}],"author":[{"embeddable":true,"href":"https:\/\/www.santjoandalacant.es\/ca\/wp-json\/wp\/v2\/users\/1"}],"replies":[{"embeddable":true,"href":"https:\/\/www.santjoandalacant.es\/ca\/wp-json\/wp\/v2\/comments?post=80192"}],"version-history":[{"count":0,"href":"https:\/\/www.santjoandalacant.es\/ca\/wp-json\/wp\/v2\/posts\/80192\/revisions"}],"wp:featuredmedia":[{"embeddable":true,"href":"https:\/\/www.santjoandalacant.es\/ca\/wp-json\/wp\/v2\/media\/42536"}],"wp:attachment":[{"href":"https:\/\/www.santjoandalacant.es\/ca\/wp-json\/wp\/v2\/media?parent=80192"}],"wp:term":[{"taxonomy":"category","embeddable":true,"href":"https:\/\/www.santjoandalacant.es\/ca\/wp-json\/wp\/v2\/categories?post=80192"},{"taxonomy":"post_tag","embeddable":true,"href":"https:\/\/www.santjoandalacant.es\/ca\/wp-json\/wp\/v2\/tags?post=80192"},{"taxonomy":"areas","embeddable":true,"href":"https:\/\/www.santjoandalacant.es\/ca\/wp-json\/wp\/v2\/areas?post=80192"}],"curies":[{"name":"wp","href":"https:\/\/api.w.org\/{rel}","templated":true}]}}