{"id":80227,"date":"2017-06-17T13:06:53","date_gmt":"2017-06-17T13:06:53","guid":{"rendered":"https:\/\/santjoan.developersasapglobalsolution.com\/concentracio-19j-alerta-feminista\/"},"modified":"2017-06-17T13:06:53","modified_gmt":"2017-06-17T13:06:53","slug":"concentracio-19j-alerta-feminista","status":"publish","type":"post","link":"https:\/\/www.santjoandalacant.es\/ca\/concentracio-19j-alerta-feminista\/","title":{"rendered":"Concentraci\u00f3 #19J Alerta Feminista"},"content":{"rendered":"<p style=\"text-align: justify\">Nombroses organitzacions de dones han convocat el dilluns 19 de juny a les 12h una #AlertaFeminista en els ajuntaments de tot el pa\u00eds, amb la finalitat de reclamar m\u00e9s fons a l&#8217;Estat per a lluitar contra la viol\u00e8ncia masclista.<\/p>\n<p style=\"text-align: justify\">Esta iniciativa sorgix davant l&#8217;escassa aportaci\u00f3 en mat\u00e8ria d&#8217;Igualtat dels pr\u00f2xims Pressupostos Generals de l&#8217;Estat. Uns pressupostos que, segons associacions, col\u00b7lectius i organitzacions feministes, reflectixen un model econ\u00f2mic depredador del medi ambient, que no atenen les necessitats socials i que agreugen els problemes de desigualtat entre homes i dones. &#8220;Estem fartes de veure que no hi ha una aposta ferma per a eradicar la desigualtat salarial, la taxa d&#8217;ocupaci\u00f3 femenina, la precarietat laboral, la feminitzaci\u00f3 de les cures ni per acabar amb els assassinats masclistes&#8221;.<\/p>\n<p style=\"text-align: justify\">La viol\u00e8ncia masclista, que afecta la meitat de la poblaci\u00f3 i que t\u00e9 una causa estructural entre homes i dones, \u00e9s una q\u00fcesti\u00f3 d&#8217;estat. \u00c9s per a\u00e7\u00f2 que la Regidoria d&#8217;Igualtat de l&#8217;Ajuntament de Sant Joan dona suport a esta iniciativa amb una concentraci\u00f3 en la porta del consistori. La responsable de l&#8217;\u00e0rea, Alba Lled\u00f3, anima a totes i tots a reclamar mesures efectives i una major assignaci\u00f3 pressupost\u00e0ria destinada a la Igualtat i a la lluita contra la viol\u00e8ncia masclista.<\/p>\n<p style=\"text-align: justify\">Esta mobilitzaci\u00f3 social es dur\u00e0 a terme simult\u00e0niament en tots els ajuntaments que s&#8217;han unit a la iniciativa, entre ells Alacant, Elx o Val\u00e8ncia, el mateix dia en el qual est\u00e0 previst que el Congr\u00e9s discutisca i aprove l&#8217;\u00faltima versi\u00f3 dels Pressupostos Generals per al 2017.<\/p>\n","protected":false},"excerpt":{"rendered":"<p style=\"text-align: justify\">\nNombroses organitzacions de dones han convocat el dilluns 19 de juny a les 12h una #AlertaFeminista en els ajuntaments de tot el pa\u00eds, amb la finalitat de reclamar m\u00e9s fons a l&#8217;Estat per a lluitar contra la viol\u00e8ncia masclista.<\/p>\n","protected":false},"author":1,"featured_media":42690,"comment_status":"open","ping_status":"open","sticky":false,"template":"","format":"standard","meta":{"_acf_changed":false,"rs_blank_template":"","rs_page_bg_color":"","slide_template_v7":"","footnotes":""},"categories":[1],"tags":[],"areas":[1003],"class_list":["post-80227","post","type-post","status-publish","format-standard","has-post-thumbnail","hentry","category-sin-categorizar","areas-igualdad-ca"],"acf":[],"yoast_head":"<!-- This site is optimized with the Yoast SEO plugin v28.2 - https:\/\/yoast.com\/product\/yoast-seo-wordpress\/ -->\n<title>Concentraci\u00f3 #19J Alerta Feminista - Sant Joan d&#039;Alacant<\/title>\n<meta name=\"robots\" content=\"index, follow, max-snippet:-1, max-image-preview:large, max-video-preview:-1\" \/>\n<link rel=\"canonical\" href=\"https:\/\/www.santjoandalacant.es\/ca\/concentracio-19j-alerta-feminista\/\" \/>\n<meta property=\"og:locale\" content=\"en_US\" \/>\n<meta property=\"og:type\" content=\"article\" \/>\n<meta property=\"og:title\" content=\"Concentraci\u00f3 #19J Alerta Feminista - Sant Joan d&#039;Alacant\" \/>\n<meta property=\"og:description\" content=\"Nombroses organitzacions de dones han convocat el dilluns 19 de juny a les 12h una #AlertaFeminista en els ajuntaments de tot el pa\u00eds, amb la finalitat de reclamar m\u00e9s fons a l&#039;Estat per a lluitar contra la viol\u00e8ncia masclista.\" \/>\n<meta property=\"og:url\" content=\"https:\/\/www.santjoandalacant.es\/ca\/concentracio-19j-alerta-feminista\/\" \/>\n<meta property=\"og:site_name\" content=\"Sant Joan d&#039;Alacant\" \/>\n<meta property=\"article:publisher\" content=\"https:\/\/www.facebook.com\/santjoandalacant\/\" \/>\n<meta property=\"article:published_time\" content=\"2017-06-17T13:06:53+00:00\" \/>\n<meta property=\"og:image\" content=\"https:\/\/www.santjoandalacant.es\/wp-content\/uploads\/2017\/07\/2017-06_19J_Cartell_0.jpg\" \/>\n\t<meta property=\"og:image:width\" content=\"2034\" \/>\n\t<meta property=\"og:image:height\" content=\"1712\" \/>\n\t<meta property=\"og:image:type\" content=\"image\/jpeg\" \/>\n<meta name=\"author\" content=\"6tems\" \/>\n<meta name=\"twitter:card\" content=\"summary_large_image\" \/>\n<meta name=\"twitter:label1\" content=\"Written by\" \/>\n\t<meta name=\"twitter:data1\" content=\"6tems\" \/>\n\t<meta name=\"twitter:label2\" content=\"Est. reading time\" \/>\n\t<meta name=\"twitter:data2\" content=\"1 minute\" \/>\n<script type=\"application\/ld+json\" class=\"yoast-schema-graph\">{\"@context\":\"https:\\\/\\\/schema.org\",\"@graph\":[{\"@type\":\"Article\",\"@id\":\"https:\\\/\\\/www.santjoandalacant.es\\\/ca\\\/concentracio-19j-alerta-feminista\\\/#article\",\"isPartOf\":{\"@id\":\"https:\\\/\\\/www.santjoandalacant.es\\\/ca\\\/concentracio-19j-alerta-feminista\\\/\"},\"author\":{\"name\":\"6tems\",\"@id\":\"https:\\\/\\\/www.santjoandalacant.es\\\/ca\\\/#\\\/schema\\\/person\\\/74b89bc7b26e6edafb76cd69420cd790\"},\"headline\":\"Concentraci\u00f3 #19J Alerta Feminista\",\"datePublished\":\"2017-06-17T13:06:53+00:00\",\"mainEntityOfPage\":{\"@id\":\"https:\\\/\\\/www.santjoandalacant.es\\\/ca\\\/concentracio-19j-alerta-feminista\\\/\"},\"wordCount\":278,\"commentCount\":0,\"publisher\":{\"@id\":\"https:\\\/\\\/www.santjoandalacant.es\\\/ca\\\/#organization\"},\"image\":{\"@id\":\"https:\\\/\\\/www.santjoandalacant.es\\\/ca\\\/concentracio-19j-alerta-feminista\\\/#primaryimage\"},\"thumbnailUrl\":\"https:\\\/\\\/www.santjoandalacant.es\\\/wp-content\\\/uploads\\\/2017\\\/07\\\/2017-06_19J_Cartell_0.jpg\",\"articleSection\":[\"Sin categorizar\"],\"inLanguage\":\"va\",\"potentialAction\":[{\"@type\":\"CommentAction\",\"name\":\"Comment\",\"target\":[\"https:\\\/\\\/www.santjoandalacant.es\\\/ca\\\/concentracio-19j-alerta-feminista\\\/#respond\"]}]},{\"@type\":\"WebPage\",\"@id\":\"https:\\\/\\\/www.santjoandalacant.es\\\/ca\\\/concentracio-19j-alerta-feminista\\\/\",\"url\":\"https:\\\/\\\/www.santjoandalacant.es\\\/ca\\\/concentracio-19j-alerta-feminista\\\/\",\"name\":\"Concentraci\u00f3 #19J Alerta Feminista - Sant Joan d&#039;Alacant\",\"isPartOf\":{\"@id\":\"https:\\\/\\\/www.santjoandalacant.es\\\/ca\\\/#website\"},\"primaryImageOfPage\":{\"@id\":\"https:\\\/\\\/www.santjoandalacant.es\\\/ca\\\/concentracio-19j-alerta-feminista\\\/#primaryimage\"},\"image\":{\"@id\":\"https:\\\/\\\/www.santjoandalacant.es\\\/ca\\\/concentracio-19j-alerta-feminista\\\/#primaryimage\"},\"thumbnailUrl\":\"https:\\\/\\\/www.santjoandalacant.es\\\/wp-content\\\/uploads\\\/2017\\\/07\\\/2017-06_19J_Cartell_0.jpg\",\"datePublished\":\"2017-06-17T13:06:53+00:00\",\"breadcrumb\":{\"@id\":\"https:\\\/\\\/www.santjoandalacant.es\\\/ca\\\/concentracio-19j-alerta-feminista\\\/#breadcrumb\"},\"inLanguage\":\"va\",\"potentialAction\":[{\"@type\":\"ReadAction\",\"target\":[\"https:\\\/\\\/www.santjoandalacant.es\\\/ca\\\/concentracio-19j-alerta-feminista\\\/\"]}]},{\"@type\":\"ImageObject\",\"inLanguage\":\"va\",\"@id\":\"https:\\\/\\\/www.santjoandalacant.es\\\/ca\\\/concentracio-19j-alerta-feminista\\\/#primaryimage\",\"url\":\"https:\\\/\\\/www.santjoandalacant.es\\\/wp-content\\\/uploads\\\/2017\\\/07\\\/2017-06_19J_Cartell_0.jpg\",\"contentUrl\":\"https:\\\/\\\/www.santjoandalacant.es\\\/wp-content\\\/uploads\\\/2017\\\/07\\\/2017-06_19J_Cartell_0.jpg\",\"width\":2034,\"height\":1712},{\"@type\":\"BreadcrumbList\",\"@id\":\"https:\\\/\\\/www.santjoandalacant.es\\\/ca\\\/concentracio-19j-alerta-feminista\\\/#breadcrumb\",\"itemListElement\":[{\"@type\":\"ListItem\",\"position\":1,\"name\":\"Inicio\",\"item\":\"https:\\\/\\\/www.santjoandalacant.es\\\/ca\\\/\"},{\"@type\":\"ListItem\",\"position\":2,\"name\":\"Concentraci\u00f3 #19J Alerta Feminista\"}]},{\"@type\":\"WebSite\",\"@id\":\"https:\\\/\\\/www.santjoandalacant.es\\\/ca\\\/#website\",\"url\":\"https:\\\/\\\/www.santjoandalacant.es\\\/ca\\\/\",\"name\":\"Sant Joan d'Alacant\",\"description\":\"\",\"publisher\":{\"@id\":\"https:\\\/\\\/www.santjoandalacant.es\\\/ca\\\/#organization\"},\"potentialAction\":[{\"@type\":\"SearchAction\",\"target\":{\"@type\":\"EntryPoint\",\"urlTemplate\":\"https:\\\/\\\/www.santjoandalacant.es\\\/ca\\\/?s={search_term_string}\"},\"query-input\":{\"@type\":\"PropertyValueSpecification\",\"valueRequired\":true,\"valueName\":\"search_term_string\"}}],\"inLanguage\":\"va\"},{\"@type\":\"Organization\",\"@id\":\"https:\\\/\\\/www.santjoandalacant.es\\\/ca\\\/#organization\",\"name\":\"Sant Joan d'Alacant\",\"url\":\"https:\\\/\\\/www.santjoandalacant.es\\\/ca\\\/\",\"logo\":{\"@type\":\"ImageObject\",\"inLanguage\":\"va\",\"@id\":\"https:\\\/\\\/www.santjoandalacant.es\\\/ca\\\/#\\\/schema\\\/logo\\\/image\\\/\",\"url\":\"https:\\\/\\\/www.santjoandalacant.es\\\/wp-content\\\/uploads\\\/2023\\\/08\\\/logoSJ.png\",\"contentUrl\":\"https:\\\/\\\/www.santjoandalacant.es\\\/wp-content\\\/uploads\\\/2023\\\/08\\\/logoSJ.png\",\"width\":198,\"height\":253,\"caption\":\"Sant Joan d'Alacant\"},\"image\":{\"@id\":\"https:\\\/\\\/www.santjoandalacant.es\\\/ca\\\/#\\\/schema\\\/logo\\\/image\\\/\"},\"sameAs\":[\"https:\\\/\\\/www.facebook.com\\\/santjoandalacant\\\/\",\"https:\\\/\\\/www.instagram.com\\\/santjoandalacant\\\/\",\"https:\\\/\\\/www.youtube.com\\\/user\\\/santjoandalacant\"]},{\"@type\":\"Person\",\"@id\":\"https:\\\/\\\/www.santjoandalacant.es\\\/ca\\\/#\\\/schema\\\/person\\\/74b89bc7b26e6edafb76cd69420cd790\",\"name\":\"6tems\",\"image\":{\"@type\":\"ImageObject\",\"inLanguage\":\"va\",\"@id\":\"https:\\\/\\\/secure.gravatar.com\\\/avatar\\\/1c939d9bf86da56568327e5d52b159d089efba17cde140c49884e3fe77ef9c66?s=96&d=mm&r=g\",\"url\":\"https:\\\/\\\/secure.gravatar.com\\\/avatar\\\/1c939d9bf86da56568327e5d52b159d089efba17cde140c49884e3fe77ef9c66?s=96&d=mm&r=g\",\"contentUrl\":\"https:\\\/\\\/secure.gravatar.com\\\/avatar\\\/1c939d9bf86da56568327e5d52b159d089efba17cde140c49884e3fe77ef9c66?s=96&d=mm&r=g\",\"caption\":\"6tems\"},\"sameAs\":[\"https:\\\/\\\/www.santjoandalacant.es\"],\"url\":\"https:\\\/\\\/www.santjoandalacant.es\\\/ca\\\/author\\\/adminasap\\\/\"}]}<\/script>\n<!-- \/ Yoast SEO plugin. -->","yoast_head_json":{"title":"Concentraci\u00f3 #19J Alerta Feminista - Sant Joan d&#039;Alacant","robots":{"index":"index","follow":"follow","max-snippet":"max-snippet:-1","max-image-preview":"max-image-preview:large","max-video-preview":"max-video-preview:-1"},"canonical":"https:\/\/www.santjoandalacant.es\/ca\/concentracio-19j-alerta-feminista\/","og_locale":"en_US","og_type":"article","og_title":"Concentraci\u00f3 #19J Alerta Feminista - Sant Joan d&#039;Alacant","og_description":"Nombroses organitzacions de dones han convocat el dilluns 19 de juny a les 12h una #AlertaFeminista en els ajuntaments de tot el pa\u00eds, amb la finalitat de reclamar m\u00e9s fons a l'Estat per a lluitar contra la viol\u00e8ncia masclista.","og_url":"https:\/\/www.santjoandalacant.es\/ca\/concentracio-19j-alerta-feminista\/","og_site_name":"Sant Joan d&#039;Alacant","article_publisher":"https:\/\/www.facebook.com\/santjoandalacant\/","article_published_time":"2017-06-17T13:06:53+00:00","og_image":[{"width":2034,"height":1712,"url":"https:\/\/www.santjoandalacant.es\/wp-content\/uploads\/2017\/07\/2017-06_19J_Cartell_0.jpg","type":"image\/jpeg"}],"author":"6tems","twitter_card":"summary_large_image","twitter_misc":{"Written by":"6tems","Est. reading time":"1 minute"},"schema":{"@context":"https:\/\/schema.org","@graph":[{"@type":"Article","@id":"https:\/\/www.santjoandalacant.es\/ca\/concentracio-19j-alerta-feminista\/#article","isPartOf":{"@id":"https:\/\/www.santjoandalacant.es\/ca\/concentracio-19j-alerta-feminista\/"},"author":{"name":"6tems","@id":"https:\/\/www.santjoandalacant.es\/ca\/#\/schema\/person\/74b89bc7b26e6edafb76cd69420cd790"},"headline":"Concentraci\u00f3 #19J Alerta Feminista","datePublished":"2017-06-17T13:06:53+00:00","mainEntityOfPage":{"@id":"https:\/\/www.santjoandalacant.es\/ca\/concentracio-19j-alerta-feminista\/"},"wordCount":278,"commentCount":0,"publisher":{"@id":"https:\/\/www.santjoandalacant.es\/ca\/#organization"},"image":{"@id":"https:\/\/www.santjoandalacant.es\/ca\/concentracio-19j-alerta-feminista\/#primaryimage"},"thumbnailUrl":"https:\/\/www.santjoandalacant.es\/wp-content\/uploads\/2017\/07\/2017-06_19J_Cartell_0.jpg","articleSection":["Sin categorizar"],"inLanguage":"va","potentialAction":[{"@type":"CommentAction","name":"Comment","target":["https:\/\/www.santjoandalacant.es\/ca\/concentracio-19j-alerta-feminista\/#respond"]}]},{"@type":"WebPage","@id":"https:\/\/www.santjoandalacant.es\/ca\/concentracio-19j-alerta-feminista\/","url":"https:\/\/www.santjoandalacant.es\/ca\/concentracio-19j-alerta-feminista\/","name":"Concentraci\u00f3 #19J Alerta Feminista - Sant Joan d&#039;Alacant","isPartOf":{"@id":"https:\/\/www.santjoandalacant.es\/ca\/#website"},"primaryImageOfPage":{"@id":"https:\/\/www.santjoandalacant.es\/ca\/concentracio-19j-alerta-feminista\/#primaryimage"},"image":{"@id":"https:\/\/www.santjoandalacant.es\/ca\/concentracio-19j-alerta-feminista\/#primaryimage"},"thumbnailUrl":"https:\/\/www.santjoandalacant.es\/wp-content\/uploads\/2017\/07\/2017-06_19J_Cartell_0.jpg","datePublished":"2017-06-17T13:06:53+00:00","breadcrumb":{"@id":"https:\/\/www.santjoandalacant.es\/ca\/concentracio-19j-alerta-feminista\/#breadcrumb"},"inLanguage":"va","potentialAction":[{"@type":"ReadAction","target":["https:\/\/www.santjoandalacant.es\/ca\/concentracio-19j-alerta-feminista\/"]}]},{"@type":"ImageObject","inLanguage":"va","@id":"https:\/\/www.santjoandalacant.es\/ca\/concentracio-19j-alerta-feminista\/#primaryimage","url":"https:\/\/www.santjoandalacant.es\/wp-content\/uploads\/2017\/07\/2017-06_19J_Cartell_0.jpg","contentUrl":"https:\/\/www.santjoandalacant.es\/wp-content\/uploads\/2017\/07\/2017-06_19J_Cartell_0.jpg","width":2034,"height":1712},{"@type":"BreadcrumbList","@id":"https:\/\/www.santjoandalacant.es\/ca\/concentracio-19j-alerta-feminista\/#breadcrumb","itemListElement":[{"@type":"ListItem","position":1,"name":"Inicio","item":"https:\/\/www.santjoandalacant.es\/ca\/"},{"@type":"ListItem","position":2,"name":"Concentraci\u00f3 #19J Alerta Feminista"}]},{"@type":"WebSite","@id":"https:\/\/www.santjoandalacant.es\/ca\/#website","url":"https:\/\/www.santjoandalacant.es\/ca\/","name":"Sant Joan d'Alacant","description":"","publisher":{"@id":"https:\/\/www.santjoandalacant.es\/ca\/#organization"},"potentialAction":[{"@type":"SearchAction","target":{"@type":"EntryPoint","urlTemplate":"https:\/\/www.santjoandalacant.es\/ca\/?s={search_term_string}"},"query-input":{"@type":"PropertyValueSpecification","valueRequired":true,"valueName":"search_term_string"}}],"inLanguage":"va"},{"@type":"Organization","@id":"https:\/\/www.santjoandalacant.es\/ca\/#organization","name":"Sant Joan d'Alacant","url":"https:\/\/www.santjoandalacant.es\/ca\/","logo":{"@type":"ImageObject","inLanguage":"va","@id":"https:\/\/www.santjoandalacant.es\/ca\/#\/schema\/logo\/image\/","url":"https:\/\/www.santjoandalacant.es\/wp-content\/uploads\/2023\/08\/logoSJ.png","contentUrl":"https:\/\/www.santjoandalacant.es\/wp-content\/uploads\/2023\/08\/logoSJ.png","width":198,"height":253,"caption":"Sant Joan d'Alacant"},"image":{"@id":"https:\/\/www.santjoandalacant.es\/ca\/#\/schema\/logo\/image\/"},"sameAs":["https:\/\/www.facebook.com\/santjoandalacant\/","https:\/\/www.instagram.com\/santjoandalacant\/","https:\/\/www.youtube.com\/user\/santjoandalacant"]},{"@type":"Person","@id":"https:\/\/www.santjoandalacant.es\/ca\/#\/schema\/person\/74b89bc7b26e6edafb76cd69420cd790","name":"6tems","image":{"@type":"ImageObject","inLanguage":"va","@id":"https:\/\/secure.gravatar.com\/avatar\/1c939d9bf86da56568327e5d52b159d089efba17cde140c49884e3fe77ef9c66?s=96&d=mm&r=g","url":"https:\/\/secure.gravatar.com\/avatar\/1c939d9bf86da56568327e5d52b159d089efba17cde140c49884e3fe77ef9c66?s=96&d=mm&r=g","contentUrl":"https:\/\/secure.gravatar.com\/avatar\/1c939d9bf86da56568327e5d52b159d089efba17cde140c49884e3fe77ef9c66?s=96&d=mm&r=g","caption":"6tems"},"sameAs":["https:\/\/www.santjoandalacant.es"],"url":"https:\/\/www.santjoandalacant.es\/ca\/author\/adminasap\/"}]}},"_links":{"self":[{"href":"https:\/\/www.santjoandalacant.es\/ca\/wp-json\/wp\/v2\/posts\/80227","targetHints":{"allow":["GET"]}}],"collection":[{"href":"https:\/\/www.santjoandalacant.es\/ca\/wp-json\/wp\/v2\/posts"}],"about":[{"href":"https:\/\/www.santjoandalacant.es\/ca\/wp-json\/wp\/v2\/types\/post"}],"author":[{"embeddable":true,"href":"https:\/\/www.santjoandalacant.es\/ca\/wp-json\/wp\/v2\/users\/1"}],"replies":[{"embeddable":true,"href":"https:\/\/www.santjoandalacant.es\/ca\/wp-json\/wp\/v2\/comments?post=80227"}],"version-history":[{"count":0,"href":"https:\/\/www.santjoandalacant.es\/ca\/wp-json\/wp\/v2\/posts\/80227\/revisions"}],"wp:featuredmedia":[{"embeddable":true,"href":"https:\/\/www.santjoandalacant.es\/ca\/wp-json\/wp\/v2\/media\/42690"}],"wp:attachment":[{"href":"https:\/\/www.santjoandalacant.es\/ca\/wp-json\/wp\/v2\/media?parent=80227"}],"wp:term":[{"taxonomy":"category","embeddable":true,"href":"https:\/\/www.santjoandalacant.es\/ca\/wp-json\/wp\/v2\/categories?post=80227"},{"taxonomy":"post_tag","embeddable":true,"href":"https:\/\/www.santjoandalacant.es\/ca\/wp-json\/wp\/v2\/tags?post=80227"},{"taxonomy":"areas","embeddable":true,"href":"https:\/\/www.santjoandalacant.es\/ca\/wp-json\/wp\/v2\/areas?post=80227"}],"curies":[{"name":"wp","href":"https:\/\/api.w.org\/{rel}","templated":true}]}}