{"id":80246,"date":"2017-02-13T10:35:51","date_gmt":"2017-02-13T10:35:51","guid":{"rendered":"https:\/\/santjoan.developersasapglobalsolution.com\/sant-joan-firmara-un-conveni-amb-diversitat-lgtbi-per-a-previndre-els-delictes-dodi\/"},"modified":"2017-02-13T10:35:51","modified_gmt":"2017-02-13T10:35:51","slug":"sant-joan-firmara-un-conveni-amb-diversitat-lgtbi-per-a-previndre-els-delictes-dodi","status":"publish","type":"post","link":"https:\/\/www.santjoandalacant.es\/ca\/sant-joan-firmara-un-conveni-amb-diversitat-lgtbi-per-a-previndre-els-delictes-dodi\/","title":{"rendered":"Sant Joan firmar\u00e0 un conveni amb Diversitat LGTBI per a previndre els delictes d&#8217;odi."},"content":{"rendered":"","protected":false},"excerpt":{"rendered":"<p> L&#8217;Alcalde de Sant Joan, Jaime Albero, mant\u00e9 una reuni\u00f3 de treball amb el Secretari General de Diversitat LGTBI de les Comarques d&#8217;Alacant, To\u00f1o Abad, en la que s&#8217;assenten les bases d&#8217;una futura col\u00b7laboraci\u00f3. Una agenda conjunta, formaci\u00f3 espec\u00edfica a la plantilla municipal i la lluita contra els delictes d&#8217;odi i d&#8217;aca\u00e7ament escolar s\u00f3n objectius prioritaris de la futura col\u00b7laboraci\u00f3.<\/p>\n","protected":false},"author":1,"featured_media":42866,"comment_status":"open","ping_status":"open","sticky":false,"template":"","format":"standard","meta":{"_acf_changed":false,"rs_blank_template":"","rs_page_bg_color":"","slide_template_v7":"","footnotes":""},"categories":[1],"tags":[],"areas":[1026],"class_list":["post-80246","post","type-post","status-publish","format-standard","has-post-thumbnail","hentry","category-sin-categorizar","areas-alcaldia-ca"],"acf":[],"yoast_head":"<!-- This site is optimized with the Yoast SEO plugin v28.2 - https:\/\/yoast.com\/product\/yoast-seo-wordpress\/ -->\n<title>Sant Joan firmar\u00e0 un conveni amb Diversitat LGTBI per a previndre els delictes d&#039;odi. - Sant Joan d&#039;Alacant<\/title>\n<meta name=\"robots\" content=\"index, follow, max-snippet:-1, max-image-preview:large, max-video-preview:-1\" \/>\n<link rel=\"canonical\" href=\"https:\/\/www.santjoandalacant.es\/ca\/sant-joan-firmara-un-conveni-amb-diversitat-lgtbi-per-a-previndre-els-delictes-dodi\/\" \/>\n<meta property=\"og:locale\" content=\"en_US\" \/>\n<meta property=\"og:type\" content=\"article\" \/>\n<meta property=\"og:title\" content=\"Sant Joan firmar\u00e0 un conveni amb Diversitat LGTBI per a previndre els delictes d&#039;odi. - Sant Joan d&#039;Alacant\" \/>\n<meta property=\"og:description\" content=\"L&#039;Alcalde de Sant Joan, Jaime Albero, mant\u00e9 una reuni\u00f3 de treball amb el Secretari General de Diversitat LGTBI de les Comarques d&#039;Alacant, To\u00f1o Abad, en la que s&#039;assenten les bases d&#039;una futura col\u00b7laboraci\u00f3. Una agenda conjunta, formaci\u00f3 espec\u00edfica a la plantilla municipal i la lluita contra els delictes d&#039;odi i d&#039;aca\u00e7ament escolar s\u00f3n objectius prioritaris de la futura col\u00b7laboraci\u00f3.\" \/>\n<meta property=\"og:url\" content=\"https:\/\/www.santjoandalacant.es\/ca\/sant-joan-firmara-un-conveni-amb-diversitat-lgtbi-per-a-previndre-els-delictes-dodi\/\" \/>\n<meta property=\"og:site_name\" content=\"Sant Joan d&#039;Alacant\" \/>\n<meta property=\"article:publisher\" content=\"https:\/\/www.facebook.com\/santjoandalacant\/\" \/>\n<meta property=\"article:published_time\" content=\"2017-02-13T10:35:51+00:00\" \/>\n<meta property=\"og:image\" content=\"https:\/\/www.santjoandalacant.es\/wp-content\/uploads\/2017\/07\/IMG_20170209_105358_5-scaled.jpg\" \/>\n\t<meta property=\"og:image:width\" content=\"2560\" \/>\n\t<meta property=\"og:image:height\" content=\"1920\" \/>\n\t<meta property=\"og:image:type\" content=\"image\/jpeg\" \/>\n<meta name=\"author\" content=\"6tems\" \/>\n<meta name=\"twitter:card\" content=\"summary_large_image\" \/>\n<meta name=\"twitter:label1\" content=\"Written by\" \/>\n\t<meta name=\"twitter:data1\" content=\"6tems\" \/>\n<script type=\"application\/ld+json\" class=\"yoast-schema-graph\">{\"@context\":\"https:\\\/\\\/schema.org\",\"@graph\":[{\"@type\":\"Article\",\"@id\":\"https:\\\/\\\/www.santjoandalacant.es\\\/ca\\\/sant-joan-firmara-un-conveni-amb-diversitat-lgtbi-per-a-previndre-els-delictes-dodi\\\/#article\",\"isPartOf\":{\"@id\":\"https:\\\/\\\/www.santjoandalacant.es\\\/ca\\\/sant-joan-firmara-un-conveni-amb-diversitat-lgtbi-per-a-previndre-els-delictes-dodi\\\/\"},\"author\":{\"name\":\"6tems\",\"@id\":\"https:\\\/\\\/www.santjoandalacant.es\\\/ca\\\/#\\\/schema\\\/person\\\/74b89bc7b26e6edafb76cd69420cd790\"},\"headline\":\"Sant Joan firmar\u00e0 un conveni amb Diversitat LGTBI per a previndre els delictes d&#8217;odi.\",\"datePublished\":\"2017-02-13T10:35:51+00:00\",\"mainEntityOfPage\":{\"@id\":\"https:\\\/\\\/www.santjoandalacant.es\\\/ca\\\/sant-joan-firmara-un-conveni-amb-diversitat-lgtbi-per-a-previndre-els-delictes-dodi\\\/\"},\"wordCount\":15,\"commentCount\":0,\"publisher\":{\"@id\":\"https:\\\/\\\/www.santjoandalacant.es\\\/ca\\\/#organization\"},\"image\":{\"@id\":\"https:\\\/\\\/www.santjoandalacant.es\\\/ca\\\/sant-joan-firmara-un-conveni-amb-diversitat-lgtbi-per-a-previndre-els-delictes-dodi\\\/#primaryimage\"},\"thumbnailUrl\":\"https:\\\/\\\/www.santjoandalacant.es\\\/wp-content\\\/uploads\\\/2017\\\/07\\\/IMG_20170209_105358_5-scaled.jpg\",\"articleSection\":[\"Sin categorizar\"],\"inLanguage\":\"va\",\"potentialAction\":[{\"@type\":\"CommentAction\",\"name\":\"Comment\",\"target\":[\"https:\\\/\\\/www.santjoandalacant.es\\\/ca\\\/sant-joan-firmara-un-conveni-amb-diversitat-lgtbi-per-a-previndre-els-delictes-dodi\\\/#respond\"]}]},{\"@type\":\"WebPage\",\"@id\":\"https:\\\/\\\/www.santjoandalacant.es\\\/ca\\\/sant-joan-firmara-un-conveni-amb-diversitat-lgtbi-per-a-previndre-els-delictes-dodi\\\/\",\"url\":\"https:\\\/\\\/www.santjoandalacant.es\\\/ca\\\/sant-joan-firmara-un-conveni-amb-diversitat-lgtbi-per-a-previndre-els-delictes-dodi\\\/\",\"name\":\"Sant Joan firmar\u00e0 un conveni amb Diversitat LGTBI per a previndre els delictes d'odi. - Sant Joan d&#039;Alacant\",\"isPartOf\":{\"@id\":\"https:\\\/\\\/www.santjoandalacant.es\\\/ca\\\/#website\"},\"primaryImageOfPage\":{\"@id\":\"https:\\\/\\\/www.santjoandalacant.es\\\/ca\\\/sant-joan-firmara-un-conveni-amb-diversitat-lgtbi-per-a-previndre-els-delictes-dodi\\\/#primaryimage\"},\"image\":{\"@id\":\"https:\\\/\\\/www.santjoandalacant.es\\\/ca\\\/sant-joan-firmara-un-conveni-amb-diversitat-lgtbi-per-a-previndre-els-delictes-dodi\\\/#primaryimage\"},\"thumbnailUrl\":\"https:\\\/\\\/www.santjoandalacant.es\\\/wp-content\\\/uploads\\\/2017\\\/07\\\/IMG_20170209_105358_5-scaled.jpg\",\"datePublished\":\"2017-02-13T10:35:51+00:00\",\"breadcrumb\":{\"@id\":\"https:\\\/\\\/www.santjoandalacant.es\\\/ca\\\/sant-joan-firmara-un-conveni-amb-diversitat-lgtbi-per-a-previndre-els-delictes-dodi\\\/#breadcrumb\"},\"inLanguage\":\"va\",\"potentialAction\":[{\"@type\":\"ReadAction\",\"target\":[\"https:\\\/\\\/www.santjoandalacant.es\\\/ca\\\/sant-joan-firmara-un-conveni-amb-diversitat-lgtbi-per-a-previndre-els-delictes-dodi\\\/\"]}]},{\"@type\":\"ImageObject\",\"inLanguage\":\"va\",\"@id\":\"https:\\\/\\\/www.santjoandalacant.es\\\/ca\\\/sant-joan-firmara-un-conveni-amb-diversitat-lgtbi-per-a-previndre-els-delictes-dodi\\\/#primaryimage\",\"url\":\"https:\\\/\\\/www.santjoandalacant.es\\\/wp-content\\\/uploads\\\/2017\\\/07\\\/IMG_20170209_105358_5-scaled.jpg\",\"contentUrl\":\"https:\\\/\\\/www.santjoandalacant.es\\\/wp-content\\\/uploads\\\/2017\\\/07\\\/IMG_20170209_105358_5-scaled.jpg\",\"width\":2560,\"height\":1920},{\"@type\":\"BreadcrumbList\",\"@id\":\"https:\\\/\\\/www.santjoandalacant.es\\\/ca\\\/sant-joan-firmara-un-conveni-amb-diversitat-lgtbi-per-a-previndre-els-delictes-dodi\\\/#breadcrumb\",\"itemListElement\":[{\"@type\":\"ListItem\",\"position\":1,\"name\":\"Inicio\",\"item\":\"https:\\\/\\\/www.santjoandalacant.es\\\/ca\\\/\"},{\"@type\":\"ListItem\",\"position\":2,\"name\":\"Sant Joan firmar\u00e0 un conveni amb Diversitat LGTBI per a previndre els delictes d&#8217;odi.\"}]},{\"@type\":\"WebSite\",\"@id\":\"https:\\\/\\\/www.santjoandalacant.es\\\/ca\\\/#website\",\"url\":\"https:\\\/\\\/www.santjoandalacant.es\\\/ca\\\/\",\"name\":\"Sant Joan d'Alacant\",\"description\":\"\",\"publisher\":{\"@id\":\"https:\\\/\\\/www.santjoandalacant.es\\\/ca\\\/#organization\"},\"potentialAction\":[{\"@type\":\"SearchAction\",\"target\":{\"@type\":\"EntryPoint\",\"urlTemplate\":\"https:\\\/\\\/www.santjoandalacant.es\\\/ca\\\/?s={search_term_string}\"},\"query-input\":{\"@type\":\"PropertyValueSpecification\",\"valueRequired\":true,\"valueName\":\"search_term_string\"}}],\"inLanguage\":\"va\"},{\"@type\":\"Organization\",\"@id\":\"https:\\\/\\\/www.santjoandalacant.es\\\/ca\\\/#organization\",\"name\":\"Sant Joan d'Alacant\",\"url\":\"https:\\\/\\\/www.santjoandalacant.es\\\/ca\\\/\",\"logo\":{\"@type\":\"ImageObject\",\"inLanguage\":\"va\",\"@id\":\"https:\\\/\\\/www.santjoandalacant.es\\\/ca\\\/#\\\/schema\\\/logo\\\/image\\\/\",\"url\":\"https:\\\/\\\/www.santjoandalacant.es\\\/wp-content\\\/uploads\\\/2023\\\/08\\\/logoSJ.png\",\"contentUrl\":\"https:\\\/\\\/www.santjoandalacant.es\\\/wp-content\\\/uploads\\\/2023\\\/08\\\/logoSJ.png\",\"width\":198,\"height\":253,\"caption\":\"Sant Joan d'Alacant\"},\"image\":{\"@id\":\"https:\\\/\\\/www.santjoandalacant.es\\\/ca\\\/#\\\/schema\\\/logo\\\/image\\\/\"},\"sameAs\":[\"https:\\\/\\\/www.facebook.com\\\/santjoandalacant\\\/\",\"https:\\\/\\\/www.instagram.com\\\/santjoandalacant\\\/\",\"https:\\\/\\\/www.youtube.com\\\/user\\\/santjoandalacant\"]},{\"@type\":\"Person\",\"@id\":\"https:\\\/\\\/www.santjoandalacant.es\\\/ca\\\/#\\\/schema\\\/person\\\/74b89bc7b26e6edafb76cd69420cd790\",\"name\":\"6tems\",\"image\":{\"@type\":\"ImageObject\",\"inLanguage\":\"va\",\"@id\":\"https:\\\/\\\/secure.gravatar.com\\\/avatar\\\/1c939d9bf86da56568327e5d52b159d089efba17cde140c49884e3fe77ef9c66?s=96&d=mm&r=g\",\"url\":\"https:\\\/\\\/secure.gravatar.com\\\/avatar\\\/1c939d9bf86da56568327e5d52b159d089efba17cde140c49884e3fe77ef9c66?s=96&d=mm&r=g\",\"contentUrl\":\"https:\\\/\\\/secure.gravatar.com\\\/avatar\\\/1c939d9bf86da56568327e5d52b159d089efba17cde140c49884e3fe77ef9c66?s=96&d=mm&r=g\",\"caption\":\"6tems\"},\"sameAs\":[\"https:\\\/\\\/www.santjoandalacant.es\"],\"url\":\"https:\\\/\\\/www.santjoandalacant.es\\\/ca\\\/author\\\/adminasap\\\/\"}]}<\/script>\n<!-- \/ Yoast SEO plugin. -->","yoast_head_json":{"title":"Sant Joan firmar\u00e0 un conveni amb Diversitat LGTBI per a previndre els delictes d'odi. - Sant Joan d&#039;Alacant","robots":{"index":"index","follow":"follow","max-snippet":"max-snippet:-1","max-image-preview":"max-image-preview:large","max-video-preview":"max-video-preview:-1"},"canonical":"https:\/\/www.santjoandalacant.es\/ca\/sant-joan-firmara-un-conveni-amb-diversitat-lgtbi-per-a-previndre-els-delictes-dodi\/","og_locale":"en_US","og_type":"article","og_title":"Sant Joan firmar\u00e0 un conveni amb Diversitat LGTBI per a previndre els delictes d'odi. - Sant Joan d&#039;Alacant","og_description":"L'Alcalde de Sant Joan, Jaime Albero, mant\u00e9 una reuni\u00f3 de treball amb el Secretari General de Diversitat LGTBI de les Comarques d'Alacant, To\u00f1o Abad, en la que s'assenten les bases d'una futura col\u00b7laboraci\u00f3. Una agenda conjunta, formaci\u00f3 espec\u00edfica a la plantilla municipal i la lluita contra els delictes d'odi i d'aca\u00e7ament escolar s\u00f3n objectius prioritaris de la futura col\u00b7laboraci\u00f3.","og_url":"https:\/\/www.santjoandalacant.es\/ca\/sant-joan-firmara-un-conveni-amb-diversitat-lgtbi-per-a-previndre-els-delictes-dodi\/","og_site_name":"Sant Joan d&#039;Alacant","article_publisher":"https:\/\/www.facebook.com\/santjoandalacant\/","article_published_time":"2017-02-13T10:35:51+00:00","og_image":[{"width":2560,"height":1920,"url":"https:\/\/www.santjoandalacant.es\/wp-content\/uploads\/2017\/07\/IMG_20170209_105358_5-scaled.jpg","type":"image\/jpeg"}],"author":"6tems","twitter_card":"summary_large_image","twitter_misc":{"Written by":"6tems"},"schema":{"@context":"https:\/\/schema.org","@graph":[{"@type":"Article","@id":"https:\/\/www.santjoandalacant.es\/ca\/sant-joan-firmara-un-conveni-amb-diversitat-lgtbi-per-a-previndre-els-delictes-dodi\/#article","isPartOf":{"@id":"https:\/\/www.santjoandalacant.es\/ca\/sant-joan-firmara-un-conveni-amb-diversitat-lgtbi-per-a-previndre-els-delictes-dodi\/"},"author":{"name":"6tems","@id":"https:\/\/www.santjoandalacant.es\/ca\/#\/schema\/person\/74b89bc7b26e6edafb76cd69420cd790"},"headline":"Sant Joan firmar\u00e0 un conveni amb Diversitat LGTBI per a previndre els delictes d&#8217;odi.","datePublished":"2017-02-13T10:35:51+00:00","mainEntityOfPage":{"@id":"https:\/\/www.santjoandalacant.es\/ca\/sant-joan-firmara-un-conveni-amb-diversitat-lgtbi-per-a-previndre-els-delictes-dodi\/"},"wordCount":15,"commentCount":0,"publisher":{"@id":"https:\/\/www.santjoandalacant.es\/ca\/#organization"},"image":{"@id":"https:\/\/www.santjoandalacant.es\/ca\/sant-joan-firmara-un-conveni-amb-diversitat-lgtbi-per-a-previndre-els-delictes-dodi\/#primaryimage"},"thumbnailUrl":"https:\/\/www.santjoandalacant.es\/wp-content\/uploads\/2017\/07\/IMG_20170209_105358_5-scaled.jpg","articleSection":["Sin categorizar"],"inLanguage":"va","potentialAction":[{"@type":"CommentAction","name":"Comment","target":["https:\/\/www.santjoandalacant.es\/ca\/sant-joan-firmara-un-conveni-amb-diversitat-lgtbi-per-a-previndre-els-delictes-dodi\/#respond"]}]},{"@type":"WebPage","@id":"https:\/\/www.santjoandalacant.es\/ca\/sant-joan-firmara-un-conveni-amb-diversitat-lgtbi-per-a-previndre-els-delictes-dodi\/","url":"https:\/\/www.santjoandalacant.es\/ca\/sant-joan-firmara-un-conveni-amb-diversitat-lgtbi-per-a-previndre-els-delictes-dodi\/","name":"Sant Joan firmar\u00e0 un conveni amb Diversitat LGTBI per a previndre els delictes d'odi. - Sant Joan d&#039;Alacant","isPartOf":{"@id":"https:\/\/www.santjoandalacant.es\/ca\/#website"},"primaryImageOfPage":{"@id":"https:\/\/www.santjoandalacant.es\/ca\/sant-joan-firmara-un-conveni-amb-diversitat-lgtbi-per-a-previndre-els-delictes-dodi\/#primaryimage"},"image":{"@id":"https:\/\/www.santjoandalacant.es\/ca\/sant-joan-firmara-un-conveni-amb-diversitat-lgtbi-per-a-previndre-els-delictes-dodi\/#primaryimage"},"thumbnailUrl":"https:\/\/www.santjoandalacant.es\/wp-content\/uploads\/2017\/07\/IMG_20170209_105358_5-scaled.jpg","datePublished":"2017-02-13T10:35:51+00:00","breadcrumb":{"@id":"https:\/\/www.santjoandalacant.es\/ca\/sant-joan-firmara-un-conveni-amb-diversitat-lgtbi-per-a-previndre-els-delictes-dodi\/#breadcrumb"},"inLanguage":"va","potentialAction":[{"@type":"ReadAction","target":["https:\/\/www.santjoandalacant.es\/ca\/sant-joan-firmara-un-conveni-amb-diversitat-lgtbi-per-a-previndre-els-delictes-dodi\/"]}]},{"@type":"ImageObject","inLanguage":"va","@id":"https:\/\/www.santjoandalacant.es\/ca\/sant-joan-firmara-un-conveni-amb-diversitat-lgtbi-per-a-previndre-els-delictes-dodi\/#primaryimage","url":"https:\/\/www.santjoandalacant.es\/wp-content\/uploads\/2017\/07\/IMG_20170209_105358_5-scaled.jpg","contentUrl":"https:\/\/www.santjoandalacant.es\/wp-content\/uploads\/2017\/07\/IMG_20170209_105358_5-scaled.jpg","width":2560,"height":1920},{"@type":"BreadcrumbList","@id":"https:\/\/www.santjoandalacant.es\/ca\/sant-joan-firmara-un-conveni-amb-diversitat-lgtbi-per-a-previndre-els-delictes-dodi\/#breadcrumb","itemListElement":[{"@type":"ListItem","position":1,"name":"Inicio","item":"https:\/\/www.santjoandalacant.es\/ca\/"},{"@type":"ListItem","position":2,"name":"Sant Joan firmar\u00e0 un conveni amb Diversitat LGTBI per a previndre els delictes d&#8217;odi."}]},{"@type":"WebSite","@id":"https:\/\/www.santjoandalacant.es\/ca\/#website","url":"https:\/\/www.santjoandalacant.es\/ca\/","name":"Sant Joan d'Alacant","description":"","publisher":{"@id":"https:\/\/www.santjoandalacant.es\/ca\/#organization"},"potentialAction":[{"@type":"SearchAction","target":{"@type":"EntryPoint","urlTemplate":"https:\/\/www.santjoandalacant.es\/ca\/?s={search_term_string}"},"query-input":{"@type":"PropertyValueSpecification","valueRequired":true,"valueName":"search_term_string"}}],"inLanguage":"va"},{"@type":"Organization","@id":"https:\/\/www.santjoandalacant.es\/ca\/#organization","name":"Sant Joan d'Alacant","url":"https:\/\/www.santjoandalacant.es\/ca\/","logo":{"@type":"ImageObject","inLanguage":"va","@id":"https:\/\/www.santjoandalacant.es\/ca\/#\/schema\/logo\/image\/","url":"https:\/\/www.santjoandalacant.es\/wp-content\/uploads\/2023\/08\/logoSJ.png","contentUrl":"https:\/\/www.santjoandalacant.es\/wp-content\/uploads\/2023\/08\/logoSJ.png","width":198,"height":253,"caption":"Sant Joan d'Alacant"},"image":{"@id":"https:\/\/www.santjoandalacant.es\/ca\/#\/schema\/logo\/image\/"},"sameAs":["https:\/\/www.facebook.com\/santjoandalacant\/","https:\/\/www.instagram.com\/santjoandalacant\/","https:\/\/www.youtube.com\/user\/santjoandalacant"]},{"@type":"Person","@id":"https:\/\/www.santjoandalacant.es\/ca\/#\/schema\/person\/74b89bc7b26e6edafb76cd69420cd790","name":"6tems","image":{"@type":"ImageObject","inLanguage":"va","@id":"https:\/\/secure.gravatar.com\/avatar\/1c939d9bf86da56568327e5d52b159d089efba17cde140c49884e3fe77ef9c66?s=96&d=mm&r=g","url":"https:\/\/secure.gravatar.com\/avatar\/1c939d9bf86da56568327e5d52b159d089efba17cde140c49884e3fe77ef9c66?s=96&d=mm&r=g","contentUrl":"https:\/\/secure.gravatar.com\/avatar\/1c939d9bf86da56568327e5d52b159d089efba17cde140c49884e3fe77ef9c66?s=96&d=mm&r=g","caption":"6tems"},"sameAs":["https:\/\/www.santjoandalacant.es"],"url":"https:\/\/www.santjoandalacant.es\/ca\/author\/adminasap\/"}]}},"_links":{"self":[{"href":"https:\/\/www.santjoandalacant.es\/ca\/wp-json\/wp\/v2\/posts\/80246","targetHints":{"allow":["GET"]}}],"collection":[{"href":"https:\/\/www.santjoandalacant.es\/ca\/wp-json\/wp\/v2\/posts"}],"about":[{"href":"https:\/\/www.santjoandalacant.es\/ca\/wp-json\/wp\/v2\/types\/post"}],"author":[{"embeddable":true,"href":"https:\/\/www.santjoandalacant.es\/ca\/wp-json\/wp\/v2\/users\/1"}],"replies":[{"embeddable":true,"href":"https:\/\/www.santjoandalacant.es\/ca\/wp-json\/wp\/v2\/comments?post=80246"}],"version-history":[{"count":0,"href":"https:\/\/www.santjoandalacant.es\/ca\/wp-json\/wp\/v2\/posts\/80246\/revisions"}],"wp:featuredmedia":[{"embeddable":true,"href":"https:\/\/www.santjoandalacant.es\/ca\/wp-json\/wp\/v2\/media\/42866"}],"wp:attachment":[{"href":"https:\/\/www.santjoandalacant.es\/ca\/wp-json\/wp\/v2\/media?parent=80246"}],"wp:term":[{"taxonomy":"category","embeddable":true,"href":"https:\/\/www.santjoandalacant.es\/ca\/wp-json\/wp\/v2\/categories?post=80246"},{"taxonomy":"post_tag","embeddable":true,"href":"https:\/\/www.santjoandalacant.es\/ca\/wp-json\/wp\/v2\/tags?post=80246"},{"taxonomy":"areas","embeddable":true,"href":"https:\/\/www.santjoandalacant.es\/ca\/wp-json\/wp\/v2\/areas?post=80246"}],"curies":[{"name":"wp","href":"https:\/\/api.w.org\/{rel}","templated":true}]}}