{"id":80256,"date":"2016-04-11T17:52:07","date_gmt":"2016-04-11T17:52:07","guid":{"rendered":"https:\/\/santjoan.developersasapglobalsolution.com\/visita-institucional-dels-diputats-socialistes-toni-serna-herick-campos-i-julian-lopez-milla-al-nostre-municipi\/"},"modified":"2016-04-11T17:52:07","modified_gmt":"2016-04-11T17:52:07","slug":"visita-institucional-dels-diputats-socialistes-toni-serna-herick-campos-i-julian-lopez-milla-al-nostre-municipi","status":"publish","type":"post","link":"https:\/\/www.santjoandalacant.es\/ca\/visita-institucional-dels-diputats-socialistes-toni-serna-herick-campos-i-julian-lopez-milla-al-nostre-municipi\/","title":{"rendered":"Visita institucional dels Diputats Socialistes To\u00f1i Serna, Herick Campos i Juli\u00e1n L\u00f3pez Milla al nostre municipi."},"content":{"rendered":"<p>Hem tingut el plaer de rebre en el nostre municipi als diputats socialistes To\u00f1i Serna, diputada auton\u00f2mica de les Corts Valencianes, Herick Campos i Juli\u00e1n l\u00f3pez Milla diputats en les Corts Generals. La visita ha donat comen\u00e7ament en la Casa Consistorial on els diputats han pogut donar fe de la seua visita en el llibre d&#8217;honor del municipi.<\/p>\n","protected":false},"excerpt":{"rendered":"<p>Hem tingut el plaer de<br \/>\nrebre en el nostre municipi als diputats socialistes To\u00f1i Serna,<br \/>\ndiputada auton\u00f2mica de les Corts Valencianes, Herick Campos i Juli\u00e1n<br \/>\nl\u00f3pez Milla diputats en les Corts Generals. La visita ha donat<br \/>\ncomen\u00e7ament en la Casa Consistorial on els diputats han pogut donar fe<br \/>\nde la seua visita en el llibre d&#8217;honor del municipi.<\/p>\n","protected":false},"author":1,"featured_media":42952,"comment_status":"open","ping_status":"open","sticky":false,"template":"","format":"standard","meta":{"_acf_changed":false,"rs_blank_template":"","rs_page_bg_color":"","slide_template_v7":"","footnotes":""},"categories":[1],"tags":[],"areas":[1026],"class_list":["post-80256","post","type-post","status-publish","format-standard","has-post-thumbnail","hentry","category-sin-categorizar","areas-alcaldia-ca"],"acf":[],"yoast_head":"<!-- This site is optimized with the Yoast SEO plugin v28.2 - https:\/\/yoast.com\/product\/yoast-seo-wordpress\/ -->\n<title>Visita institucional dels Diputats Socialistes To\u00f1i Serna, Herick Campos i Juli\u00e1n L\u00f3pez Milla al nostre municipi. - Sant Joan d&#039;Alacant<\/title>\n<meta name=\"robots\" content=\"index, follow, max-snippet:-1, max-image-preview:large, max-video-preview:-1\" \/>\n<link rel=\"canonical\" href=\"https:\/\/www.santjoandalacant.es\/ca\/visita-institucional-dels-diputats-socialistes-toni-serna-herick-campos-i-julian-lopez-milla-al-nostre-municipi\/\" \/>\n<meta property=\"og:locale\" content=\"en_US\" \/>\n<meta property=\"og:type\" content=\"article\" \/>\n<meta property=\"og:title\" content=\"Visita institucional dels Diputats Socialistes To\u00f1i Serna, Herick Campos i Juli\u00e1n L\u00f3pez Milla al nostre municipi. - Sant Joan d&#039;Alacant\" \/>\n<meta property=\"og:description\" content=\"Hem tingut el plaer de  rebre en el nostre municipi als diputats socialistes To\u00f1i Serna,  diputada auton\u00f2mica de les Corts Valencianes, Herick Campos i Juli\u00e1n  l\u00f3pez Milla diputats en les Corts Generals. La visita ha donat  comen\u00e7ament en la Casa Consistorial on els diputats han pogut donar fe  de la seua visita en el llibre d&#039;honor del municipi.\" \/>\n<meta property=\"og:url\" content=\"https:\/\/www.santjoandalacant.es\/ca\/visita-institucional-dels-diputats-socialistes-toni-serna-herick-campos-i-julian-lopez-milla-al-nostre-municipi\/\" \/>\n<meta property=\"og:site_name\" content=\"Sant Joan d&#039;Alacant\" \/>\n<meta property=\"article:publisher\" content=\"https:\/\/www.facebook.com\/santjoandalacant\/\" \/>\n<meta property=\"article:published_time\" content=\"2016-04-11T17:52:07+00:00\" \/>\n<meta property=\"og:image\" content=\"https:\/\/www.santjoandalacant.es\/wp-content\/uploads\/2017\/07\/IMG_20160408_105925_315x234_1.jpg\" \/>\n\t<meta property=\"og:image:width\" content=\"315\" \/>\n\t<meta property=\"og:image:height\" content=\"234\" \/>\n\t<meta property=\"og:image:type\" content=\"image\/jpeg\" \/>\n<meta name=\"author\" content=\"6tems\" \/>\n<meta name=\"twitter:card\" content=\"summary_large_image\" \/>\n<meta name=\"twitter:label1\" content=\"Written by\" \/>\n\t<meta name=\"twitter:data1\" content=\"6tems\" \/>\n<script type=\"application\/ld+json\" class=\"yoast-schema-graph\">{\"@context\":\"https:\\\/\\\/schema.org\",\"@graph\":[{\"@type\":\"Article\",\"@id\":\"https:\\\/\\\/www.santjoandalacant.es\\\/ca\\\/visita-institucional-dels-diputats-socialistes-toni-serna-herick-campos-i-julian-lopez-milla-al-nostre-municipi\\\/#article\",\"isPartOf\":{\"@id\":\"https:\\\/\\\/www.santjoandalacant.es\\\/ca\\\/visita-institucional-dels-diputats-socialistes-toni-serna-herick-campos-i-julian-lopez-milla-al-nostre-municipi\\\/\"},\"author\":{\"name\":\"6tems\",\"@id\":\"https:\\\/\\\/www.santjoandalacant.es\\\/ca\\\/#\\\/schema\\\/person\\\/74b89bc7b26e6edafb76cd69420cd790\"},\"headline\":\"Visita institucional dels Diputats Socialistes To\u00f1i Serna, Herick Campos i Juli\u00e1n L\u00f3pez Milla al nostre municipi.\",\"datePublished\":\"2016-04-11T17:52:07+00:00\",\"mainEntityOfPage\":{\"@id\":\"https:\\\/\\\/www.santjoandalacant.es\\\/ca\\\/visita-institucional-dels-diputats-socialistes-toni-serna-herick-campos-i-julian-lopez-milla-al-nostre-municipi\\\/\"},\"wordCount\":83,\"commentCount\":0,\"publisher\":{\"@id\":\"https:\\\/\\\/www.santjoandalacant.es\\\/ca\\\/#organization\"},\"image\":{\"@id\":\"https:\\\/\\\/www.santjoandalacant.es\\\/ca\\\/visita-institucional-dels-diputats-socialistes-toni-serna-herick-campos-i-julian-lopez-milla-al-nostre-municipi\\\/#primaryimage\"},\"thumbnailUrl\":\"https:\\\/\\\/www.santjoandalacant.es\\\/wp-content\\\/uploads\\\/2017\\\/07\\\/IMG_20160408_105925_315x234_1.jpg\",\"articleSection\":[\"Sin categorizar\"],\"inLanguage\":\"va\",\"potentialAction\":[{\"@type\":\"CommentAction\",\"name\":\"Comment\",\"target\":[\"https:\\\/\\\/www.santjoandalacant.es\\\/ca\\\/visita-institucional-dels-diputats-socialistes-toni-serna-herick-campos-i-julian-lopez-milla-al-nostre-municipi\\\/#respond\"]}]},{\"@type\":\"WebPage\",\"@id\":\"https:\\\/\\\/www.santjoandalacant.es\\\/ca\\\/visita-institucional-dels-diputats-socialistes-toni-serna-herick-campos-i-julian-lopez-milla-al-nostre-municipi\\\/\",\"url\":\"https:\\\/\\\/www.santjoandalacant.es\\\/ca\\\/visita-institucional-dels-diputats-socialistes-toni-serna-herick-campos-i-julian-lopez-milla-al-nostre-municipi\\\/\",\"name\":\"Visita institucional dels Diputats Socialistes To\u00f1i Serna, Herick Campos i Juli\u00e1n L\u00f3pez Milla al nostre municipi. - Sant Joan d&#039;Alacant\",\"isPartOf\":{\"@id\":\"https:\\\/\\\/www.santjoandalacant.es\\\/ca\\\/#website\"},\"primaryImageOfPage\":{\"@id\":\"https:\\\/\\\/www.santjoandalacant.es\\\/ca\\\/visita-institucional-dels-diputats-socialistes-toni-serna-herick-campos-i-julian-lopez-milla-al-nostre-municipi\\\/#primaryimage\"},\"image\":{\"@id\":\"https:\\\/\\\/www.santjoandalacant.es\\\/ca\\\/visita-institucional-dels-diputats-socialistes-toni-serna-herick-campos-i-julian-lopez-milla-al-nostre-municipi\\\/#primaryimage\"},\"thumbnailUrl\":\"https:\\\/\\\/www.santjoandalacant.es\\\/wp-content\\\/uploads\\\/2017\\\/07\\\/IMG_20160408_105925_315x234_1.jpg\",\"datePublished\":\"2016-04-11T17:52:07+00:00\",\"breadcrumb\":{\"@id\":\"https:\\\/\\\/www.santjoandalacant.es\\\/ca\\\/visita-institucional-dels-diputats-socialistes-toni-serna-herick-campos-i-julian-lopez-milla-al-nostre-municipi\\\/#breadcrumb\"},\"inLanguage\":\"va\",\"potentialAction\":[{\"@type\":\"ReadAction\",\"target\":[\"https:\\\/\\\/www.santjoandalacant.es\\\/ca\\\/visita-institucional-dels-diputats-socialistes-toni-serna-herick-campos-i-julian-lopez-milla-al-nostre-municipi\\\/\"]}]},{\"@type\":\"ImageObject\",\"inLanguage\":\"va\",\"@id\":\"https:\\\/\\\/www.santjoandalacant.es\\\/ca\\\/visita-institucional-dels-diputats-socialistes-toni-serna-herick-campos-i-julian-lopez-milla-al-nostre-municipi\\\/#primaryimage\",\"url\":\"https:\\\/\\\/www.santjoandalacant.es\\\/wp-content\\\/uploads\\\/2017\\\/07\\\/IMG_20160408_105925_315x234_1.jpg\",\"contentUrl\":\"https:\\\/\\\/www.santjoandalacant.es\\\/wp-content\\\/uploads\\\/2017\\\/07\\\/IMG_20160408_105925_315x234_1.jpg\",\"width\":315,\"height\":234},{\"@type\":\"BreadcrumbList\",\"@id\":\"https:\\\/\\\/www.santjoandalacant.es\\\/ca\\\/visita-institucional-dels-diputats-socialistes-toni-serna-herick-campos-i-julian-lopez-milla-al-nostre-municipi\\\/#breadcrumb\",\"itemListElement\":[{\"@type\":\"ListItem\",\"position\":1,\"name\":\"Inicio\",\"item\":\"https:\\\/\\\/www.santjoandalacant.es\\\/ca\\\/\"},{\"@type\":\"ListItem\",\"position\":2,\"name\":\"Visita institucional dels Diputats Socialistes To\u00f1i Serna, Herick Campos i Juli\u00e1n L\u00f3pez Milla al nostre municipi.\"}]},{\"@type\":\"WebSite\",\"@id\":\"https:\\\/\\\/www.santjoandalacant.es\\\/ca\\\/#website\",\"url\":\"https:\\\/\\\/www.santjoandalacant.es\\\/ca\\\/\",\"name\":\"Sant Joan d'Alacant\",\"description\":\"\",\"publisher\":{\"@id\":\"https:\\\/\\\/www.santjoandalacant.es\\\/ca\\\/#organization\"},\"potentialAction\":[{\"@type\":\"SearchAction\",\"target\":{\"@type\":\"EntryPoint\",\"urlTemplate\":\"https:\\\/\\\/www.santjoandalacant.es\\\/ca\\\/?s={search_term_string}\"},\"query-input\":{\"@type\":\"PropertyValueSpecification\",\"valueRequired\":true,\"valueName\":\"search_term_string\"}}],\"inLanguage\":\"va\"},{\"@type\":\"Organization\",\"@id\":\"https:\\\/\\\/www.santjoandalacant.es\\\/ca\\\/#organization\",\"name\":\"Sant Joan d'Alacant\",\"url\":\"https:\\\/\\\/www.santjoandalacant.es\\\/ca\\\/\",\"logo\":{\"@type\":\"ImageObject\",\"inLanguage\":\"va\",\"@id\":\"https:\\\/\\\/www.santjoandalacant.es\\\/ca\\\/#\\\/schema\\\/logo\\\/image\\\/\",\"url\":\"https:\\\/\\\/www.santjoandalacant.es\\\/wp-content\\\/uploads\\\/2023\\\/08\\\/logoSJ.png\",\"contentUrl\":\"https:\\\/\\\/www.santjoandalacant.es\\\/wp-content\\\/uploads\\\/2023\\\/08\\\/logoSJ.png\",\"width\":198,\"height\":253,\"caption\":\"Sant Joan d'Alacant\"},\"image\":{\"@id\":\"https:\\\/\\\/www.santjoandalacant.es\\\/ca\\\/#\\\/schema\\\/logo\\\/image\\\/\"},\"sameAs\":[\"https:\\\/\\\/www.facebook.com\\\/santjoandalacant\\\/\",\"https:\\\/\\\/www.instagram.com\\\/santjoandalacant\\\/\",\"https:\\\/\\\/www.youtube.com\\\/user\\\/santjoandalacant\"]},{\"@type\":\"Person\",\"@id\":\"https:\\\/\\\/www.santjoandalacant.es\\\/ca\\\/#\\\/schema\\\/person\\\/74b89bc7b26e6edafb76cd69420cd790\",\"name\":\"6tems\",\"image\":{\"@type\":\"ImageObject\",\"inLanguage\":\"va\",\"@id\":\"https:\\\/\\\/secure.gravatar.com\\\/avatar\\\/1c939d9bf86da56568327e5d52b159d089efba17cde140c49884e3fe77ef9c66?s=96&d=mm&r=g\",\"url\":\"https:\\\/\\\/secure.gravatar.com\\\/avatar\\\/1c939d9bf86da56568327e5d52b159d089efba17cde140c49884e3fe77ef9c66?s=96&d=mm&r=g\",\"contentUrl\":\"https:\\\/\\\/secure.gravatar.com\\\/avatar\\\/1c939d9bf86da56568327e5d52b159d089efba17cde140c49884e3fe77ef9c66?s=96&d=mm&r=g\",\"caption\":\"6tems\"},\"sameAs\":[\"https:\\\/\\\/www.santjoandalacant.es\"],\"url\":\"https:\\\/\\\/www.santjoandalacant.es\\\/ca\\\/author\\\/adminasap\\\/\"}]}<\/script>\n<!-- \/ Yoast SEO plugin. -->","yoast_head_json":{"title":"Visita institucional dels Diputats Socialistes To\u00f1i Serna, Herick Campos i Juli\u00e1n L\u00f3pez Milla al nostre municipi. - Sant Joan d&#039;Alacant","robots":{"index":"index","follow":"follow","max-snippet":"max-snippet:-1","max-image-preview":"max-image-preview:large","max-video-preview":"max-video-preview:-1"},"canonical":"https:\/\/www.santjoandalacant.es\/ca\/visita-institucional-dels-diputats-socialistes-toni-serna-herick-campos-i-julian-lopez-milla-al-nostre-municipi\/","og_locale":"en_US","og_type":"article","og_title":"Visita institucional dels Diputats Socialistes To\u00f1i Serna, Herick Campos i Juli\u00e1n L\u00f3pez Milla al nostre municipi. - Sant Joan d&#039;Alacant","og_description":"Hem tingut el plaer de  rebre en el nostre municipi als diputats socialistes To\u00f1i Serna,  diputada auton\u00f2mica de les Corts Valencianes, Herick Campos i Juli\u00e1n  l\u00f3pez Milla diputats en les Corts Generals. La visita ha donat  comen\u00e7ament en la Casa Consistorial on els diputats han pogut donar fe  de la seua visita en el llibre d'honor del municipi.","og_url":"https:\/\/www.santjoandalacant.es\/ca\/visita-institucional-dels-diputats-socialistes-toni-serna-herick-campos-i-julian-lopez-milla-al-nostre-municipi\/","og_site_name":"Sant Joan d&#039;Alacant","article_publisher":"https:\/\/www.facebook.com\/santjoandalacant\/","article_published_time":"2016-04-11T17:52:07+00:00","og_image":[{"width":315,"height":234,"url":"https:\/\/www.santjoandalacant.es\/wp-content\/uploads\/2017\/07\/IMG_20160408_105925_315x234_1.jpg","type":"image\/jpeg"}],"author":"6tems","twitter_card":"summary_large_image","twitter_misc":{"Written by":"6tems"},"schema":{"@context":"https:\/\/schema.org","@graph":[{"@type":"Article","@id":"https:\/\/www.santjoandalacant.es\/ca\/visita-institucional-dels-diputats-socialistes-toni-serna-herick-campos-i-julian-lopez-milla-al-nostre-municipi\/#article","isPartOf":{"@id":"https:\/\/www.santjoandalacant.es\/ca\/visita-institucional-dels-diputats-socialistes-toni-serna-herick-campos-i-julian-lopez-milla-al-nostre-municipi\/"},"author":{"name":"6tems","@id":"https:\/\/www.santjoandalacant.es\/ca\/#\/schema\/person\/74b89bc7b26e6edafb76cd69420cd790"},"headline":"Visita institucional dels Diputats Socialistes To\u00f1i Serna, Herick Campos i Juli\u00e1n L\u00f3pez Milla al nostre municipi.","datePublished":"2016-04-11T17:52:07+00:00","mainEntityOfPage":{"@id":"https:\/\/www.santjoandalacant.es\/ca\/visita-institucional-dels-diputats-socialistes-toni-serna-herick-campos-i-julian-lopez-milla-al-nostre-municipi\/"},"wordCount":83,"commentCount":0,"publisher":{"@id":"https:\/\/www.santjoandalacant.es\/ca\/#organization"},"image":{"@id":"https:\/\/www.santjoandalacant.es\/ca\/visita-institucional-dels-diputats-socialistes-toni-serna-herick-campos-i-julian-lopez-milla-al-nostre-municipi\/#primaryimage"},"thumbnailUrl":"https:\/\/www.santjoandalacant.es\/wp-content\/uploads\/2017\/07\/IMG_20160408_105925_315x234_1.jpg","articleSection":["Sin categorizar"],"inLanguage":"va","potentialAction":[{"@type":"CommentAction","name":"Comment","target":["https:\/\/www.santjoandalacant.es\/ca\/visita-institucional-dels-diputats-socialistes-toni-serna-herick-campos-i-julian-lopez-milla-al-nostre-municipi\/#respond"]}]},{"@type":"WebPage","@id":"https:\/\/www.santjoandalacant.es\/ca\/visita-institucional-dels-diputats-socialistes-toni-serna-herick-campos-i-julian-lopez-milla-al-nostre-municipi\/","url":"https:\/\/www.santjoandalacant.es\/ca\/visita-institucional-dels-diputats-socialistes-toni-serna-herick-campos-i-julian-lopez-milla-al-nostre-municipi\/","name":"Visita institucional dels Diputats Socialistes To\u00f1i Serna, Herick Campos i Juli\u00e1n L\u00f3pez Milla al nostre municipi. - Sant Joan d&#039;Alacant","isPartOf":{"@id":"https:\/\/www.santjoandalacant.es\/ca\/#website"},"primaryImageOfPage":{"@id":"https:\/\/www.santjoandalacant.es\/ca\/visita-institucional-dels-diputats-socialistes-toni-serna-herick-campos-i-julian-lopez-milla-al-nostre-municipi\/#primaryimage"},"image":{"@id":"https:\/\/www.santjoandalacant.es\/ca\/visita-institucional-dels-diputats-socialistes-toni-serna-herick-campos-i-julian-lopez-milla-al-nostre-municipi\/#primaryimage"},"thumbnailUrl":"https:\/\/www.santjoandalacant.es\/wp-content\/uploads\/2017\/07\/IMG_20160408_105925_315x234_1.jpg","datePublished":"2016-04-11T17:52:07+00:00","breadcrumb":{"@id":"https:\/\/www.santjoandalacant.es\/ca\/visita-institucional-dels-diputats-socialistes-toni-serna-herick-campos-i-julian-lopez-milla-al-nostre-municipi\/#breadcrumb"},"inLanguage":"va","potentialAction":[{"@type":"ReadAction","target":["https:\/\/www.santjoandalacant.es\/ca\/visita-institucional-dels-diputats-socialistes-toni-serna-herick-campos-i-julian-lopez-milla-al-nostre-municipi\/"]}]},{"@type":"ImageObject","inLanguage":"va","@id":"https:\/\/www.santjoandalacant.es\/ca\/visita-institucional-dels-diputats-socialistes-toni-serna-herick-campos-i-julian-lopez-milla-al-nostre-municipi\/#primaryimage","url":"https:\/\/www.santjoandalacant.es\/wp-content\/uploads\/2017\/07\/IMG_20160408_105925_315x234_1.jpg","contentUrl":"https:\/\/www.santjoandalacant.es\/wp-content\/uploads\/2017\/07\/IMG_20160408_105925_315x234_1.jpg","width":315,"height":234},{"@type":"BreadcrumbList","@id":"https:\/\/www.santjoandalacant.es\/ca\/visita-institucional-dels-diputats-socialistes-toni-serna-herick-campos-i-julian-lopez-milla-al-nostre-municipi\/#breadcrumb","itemListElement":[{"@type":"ListItem","position":1,"name":"Inicio","item":"https:\/\/www.santjoandalacant.es\/ca\/"},{"@type":"ListItem","position":2,"name":"Visita institucional dels Diputats Socialistes To\u00f1i Serna, Herick Campos i Juli\u00e1n L\u00f3pez Milla al nostre municipi."}]},{"@type":"WebSite","@id":"https:\/\/www.santjoandalacant.es\/ca\/#website","url":"https:\/\/www.santjoandalacant.es\/ca\/","name":"Sant Joan d'Alacant","description":"","publisher":{"@id":"https:\/\/www.santjoandalacant.es\/ca\/#organization"},"potentialAction":[{"@type":"SearchAction","target":{"@type":"EntryPoint","urlTemplate":"https:\/\/www.santjoandalacant.es\/ca\/?s={search_term_string}"},"query-input":{"@type":"PropertyValueSpecification","valueRequired":true,"valueName":"search_term_string"}}],"inLanguage":"va"},{"@type":"Organization","@id":"https:\/\/www.santjoandalacant.es\/ca\/#organization","name":"Sant Joan d'Alacant","url":"https:\/\/www.santjoandalacant.es\/ca\/","logo":{"@type":"ImageObject","inLanguage":"va","@id":"https:\/\/www.santjoandalacant.es\/ca\/#\/schema\/logo\/image\/","url":"https:\/\/www.santjoandalacant.es\/wp-content\/uploads\/2023\/08\/logoSJ.png","contentUrl":"https:\/\/www.santjoandalacant.es\/wp-content\/uploads\/2023\/08\/logoSJ.png","width":198,"height":253,"caption":"Sant Joan d'Alacant"},"image":{"@id":"https:\/\/www.santjoandalacant.es\/ca\/#\/schema\/logo\/image\/"},"sameAs":["https:\/\/www.facebook.com\/santjoandalacant\/","https:\/\/www.instagram.com\/santjoandalacant\/","https:\/\/www.youtube.com\/user\/santjoandalacant"]},{"@type":"Person","@id":"https:\/\/www.santjoandalacant.es\/ca\/#\/schema\/person\/74b89bc7b26e6edafb76cd69420cd790","name":"6tems","image":{"@type":"ImageObject","inLanguage":"va","@id":"https:\/\/secure.gravatar.com\/avatar\/1c939d9bf86da56568327e5d52b159d089efba17cde140c49884e3fe77ef9c66?s=96&d=mm&r=g","url":"https:\/\/secure.gravatar.com\/avatar\/1c939d9bf86da56568327e5d52b159d089efba17cde140c49884e3fe77ef9c66?s=96&d=mm&r=g","contentUrl":"https:\/\/secure.gravatar.com\/avatar\/1c939d9bf86da56568327e5d52b159d089efba17cde140c49884e3fe77ef9c66?s=96&d=mm&r=g","caption":"6tems"},"sameAs":["https:\/\/www.santjoandalacant.es"],"url":"https:\/\/www.santjoandalacant.es\/ca\/author\/adminasap\/"}]}},"_links":{"self":[{"href":"https:\/\/www.santjoandalacant.es\/ca\/wp-json\/wp\/v2\/posts\/80256","targetHints":{"allow":["GET"]}}],"collection":[{"href":"https:\/\/www.santjoandalacant.es\/ca\/wp-json\/wp\/v2\/posts"}],"about":[{"href":"https:\/\/www.santjoandalacant.es\/ca\/wp-json\/wp\/v2\/types\/post"}],"author":[{"embeddable":true,"href":"https:\/\/www.santjoandalacant.es\/ca\/wp-json\/wp\/v2\/users\/1"}],"replies":[{"embeddable":true,"href":"https:\/\/www.santjoandalacant.es\/ca\/wp-json\/wp\/v2\/comments?post=80256"}],"version-history":[{"count":0,"href":"https:\/\/www.santjoandalacant.es\/ca\/wp-json\/wp\/v2\/posts\/80256\/revisions"}],"wp:featuredmedia":[{"embeddable":true,"href":"https:\/\/www.santjoandalacant.es\/ca\/wp-json\/wp\/v2\/media\/42952"}],"wp:attachment":[{"href":"https:\/\/www.santjoandalacant.es\/ca\/wp-json\/wp\/v2\/media?parent=80256"}],"wp:term":[{"taxonomy":"category","embeddable":true,"href":"https:\/\/www.santjoandalacant.es\/ca\/wp-json\/wp\/v2\/categories?post=80256"},{"taxonomy":"post_tag","embeddable":true,"href":"https:\/\/www.santjoandalacant.es\/ca\/wp-json\/wp\/v2\/tags?post=80256"},{"taxonomy":"areas","embeddable":true,"href":"https:\/\/www.santjoandalacant.es\/ca\/wp-json\/wp\/v2\/areas?post=80256"}],"curies":[{"name":"wp","href":"https:\/\/api.w.org\/{rel}","templated":true}]}}