{"id":80302,"date":"2017-08-09T12:20:29","date_gmt":"2017-08-09T12:20:29","guid":{"rendered":"https:\/\/santjoan.developersasapglobalsolution.com\/paelles-2017-sant-joan-dalacant\/"},"modified":"2017-08-09T12:20:29","modified_gmt":"2017-08-09T12:20:29","slug":"paelles-2017-sant-joan-dalacant","status":"publish","type":"post","link":"https:\/\/www.santjoandalacant.es\/ca\/paelles-2017-sant-joan-dalacant\/","title":{"rendered":"Paelles 2017 Sant Joan d&#8217;Alacant"},"content":{"rendered":"<p>El diumenge 3 de Setembre al carrer Pintor Vel\u00e1zquez celebrarem el Dia de les Paelles, dia esperat per penyistes, associacions i santjoaners en general i que ens anuncia que queden pocs dies per a les nostres Festes del Crist de la Pau 2017.<\/p>\n<p>&nbsp;<\/p>\n<p>Per a aquest dia obrim un termini d&#8217;inscripci\u00f3 des del dijous 10 d&#8217;agost fins al divendres 25 d&#8217;agost, perqu\u00e8 les Associacions que estiguen interessades a participar puguen fer-ho. Per a inscriure-s\u2019hi han d\u2019omplir la inscripci\u00f3 adjunta i enviar-la per correu electr\u00f2nic a comunicacionalcaldia@santjoandalacant.es o b\u00e9 poden inscriure-s\u2019hi cridant al tel\u00e8fon 966 013 191 de dilluns a divendres en horari de 9.00h a 14.00h. Tamb\u00e9 poden descarregar el formulari d\u2019inscripci\u00f3 en www.santjoandalacant.es en els documents adjunts de la pr\u00f2pia not\u00edcia, publicada en les Regidories de Festes i Associacionisme.<\/p>\n<p>&nbsp;<\/p>\n<p>Recordem que cada associaci\u00f3 comptar\u00e0 amb un sol kit per a la realitzaci\u00f3 d\u2019una paella per a 20 persones, les que excedeixen aquest nombre hauran d&#8217;aportar la resta d\u2019avituallament per a la seua realitzaci\u00f3.<\/p>\n","protected":false},"excerpt":{"rendered":"<p>El diumenge 3 de Setembre al carrer Pintor Vel\u00e1zquez celebrarem el Dia de les Paelles, dia esperat per penyistes, associacions i santjoaners en general i que ens anuncia que queden [&hellip;]<\/p>\n","protected":false},"author":21,"featured_media":43076,"comment_status":"open","ping_status":"open","sticky":false,"template":"","format":"standard","meta":{"_acf_changed":false,"rs_blank_template":"","rs_page_bg_color":"","slide_template_v7":"","footnotes":""},"categories":[1],"tags":[],"areas":[1001],"class_list":["post-80302","post","type-post","status-publish","format-standard","has-post-thumbnail","hentry","category-sin-categorizar","areas-fiestas-ca"],"acf":[],"yoast_head":"<!-- This site is optimized with the Yoast SEO plugin v28.2 - https:\/\/yoast.com\/product\/yoast-seo-wordpress\/ -->\n<title>Paelles 2017 Sant Joan d&#039;Alacant - Sant Joan d&#039;Alacant<\/title>\n<meta name=\"robots\" content=\"index, follow, max-snippet:-1, max-image-preview:large, max-video-preview:-1\" \/>\n<link rel=\"canonical\" href=\"https:\/\/www.santjoandalacant.es\/ca\/paelles-2017-sant-joan-dalacant\/\" \/>\n<meta property=\"og:locale\" content=\"en_US\" \/>\n<meta property=\"og:type\" content=\"article\" \/>\n<meta property=\"og:title\" content=\"Paelles 2017 Sant Joan d&#039;Alacant - Sant Joan d&#039;Alacant\" \/>\n<meta property=\"og:description\" content=\"El diumenge 3 de Setembre al carrer Pintor Vel\u00e1zquez celebrarem el Dia de les Paelles, dia esperat per penyistes, associacions i santjoaners en general i que ens anuncia que queden [&hellip;]\" \/>\n<meta property=\"og:url\" content=\"https:\/\/www.santjoandalacant.es\/ca\/paelles-2017-sant-joan-dalacant\/\" \/>\n<meta property=\"og:site_name\" content=\"Sant Joan d&#039;Alacant\" \/>\n<meta property=\"article:publisher\" content=\"https:\/\/www.facebook.com\/santjoandalacant\/\" \/>\n<meta property=\"article:published_time\" content=\"2017-08-09T12:20:29+00:00\" \/>\n<meta property=\"og:image\" content=\"https:\/\/www.santjoandalacant.es\/wp-content\/uploads\/2017\/08\/PAELLAS-2016.jpg\" \/>\n\t<meta property=\"og:image:width\" content=\"1000\" \/>\n\t<meta property=\"og:image:height\" content=\"750\" \/>\n\t<meta property=\"og:image:type\" content=\"image\/jpeg\" \/>\n<meta name=\"author\" content=\"Jos\u00e9 Manuel Caturla\" \/>\n<meta name=\"twitter:card\" content=\"summary_large_image\" \/>\n<meta name=\"twitter:label1\" content=\"Written by\" \/>\n\t<meta name=\"twitter:data1\" content=\"Jos\u00e9 Manuel Caturla\" \/>\n\t<meta name=\"twitter:label2\" content=\"Est. reading time\" \/>\n\t<meta name=\"twitter:data2\" content=\"1 minute\" \/>\n<script type=\"application\/ld+json\" class=\"yoast-schema-graph\">{\"@context\":\"https:\\\/\\\/schema.org\",\"@graph\":[{\"@type\":\"Article\",\"@id\":\"https:\\\/\\\/www.santjoandalacant.es\\\/ca\\\/paelles-2017-sant-joan-dalacant\\\/#article\",\"isPartOf\":{\"@id\":\"https:\\\/\\\/www.santjoandalacant.es\\\/ca\\\/paelles-2017-sant-joan-dalacant\\\/\"},\"author\":{\"name\":\"Jos\u00e9 Manuel Caturla\",\"@id\":\"https:\\\/\\\/www.santjoandalacant.es\\\/ca\\\/#\\\/schema\\\/person\\\/907761e2c0be67ceba22e9cbd80a8e2c\"},\"headline\":\"Paelles 2017 Sant Joan d&#8217;Alacant\",\"datePublished\":\"2017-08-09T12:20:29+00:00\",\"mainEntityOfPage\":{\"@id\":\"https:\\\/\\\/www.santjoandalacant.es\\\/ca\\\/paelles-2017-sant-joan-dalacant\\\/\"},\"wordCount\":182,\"commentCount\":0,\"publisher\":{\"@id\":\"https:\\\/\\\/www.santjoandalacant.es\\\/ca\\\/#organization\"},\"image\":{\"@id\":\"https:\\\/\\\/www.santjoandalacant.es\\\/ca\\\/paelles-2017-sant-joan-dalacant\\\/#primaryimage\"},\"thumbnailUrl\":\"https:\\\/\\\/www.santjoandalacant.es\\\/wp-content\\\/uploads\\\/2017\\\/08\\\/PAELLAS-2016.jpg\",\"articleSection\":[\"Sin categorizar\"],\"inLanguage\":\"va\",\"potentialAction\":[{\"@type\":\"CommentAction\",\"name\":\"Comment\",\"target\":[\"https:\\\/\\\/www.santjoandalacant.es\\\/ca\\\/paelles-2017-sant-joan-dalacant\\\/#respond\"]}]},{\"@type\":\"WebPage\",\"@id\":\"https:\\\/\\\/www.santjoandalacant.es\\\/ca\\\/paelles-2017-sant-joan-dalacant\\\/\",\"url\":\"https:\\\/\\\/www.santjoandalacant.es\\\/ca\\\/paelles-2017-sant-joan-dalacant\\\/\",\"name\":\"Paelles 2017 Sant Joan d'Alacant - Sant Joan d&#039;Alacant\",\"isPartOf\":{\"@id\":\"https:\\\/\\\/www.santjoandalacant.es\\\/ca\\\/#website\"},\"primaryImageOfPage\":{\"@id\":\"https:\\\/\\\/www.santjoandalacant.es\\\/ca\\\/paelles-2017-sant-joan-dalacant\\\/#primaryimage\"},\"image\":{\"@id\":\"https:\\\/\\\/www.santjoandalacant.es\\\/ca\\\/paelles-2017-sant-joan-dalacant\\\/#primaryimage\"},\"thumbnailUrl\":\"https:\\\/\\\/www.santjoandalacant.es\\\/wp-content\\\/uploads\\\/2017\\\/08\\\/PAELLAS-2016.jpg\",\"datePublished\":\"2017-08-09T12:20:29+00:00\",\"breadcrumb\":{\"@id\":\"https:\\\/\\\/www.santjoandalacant.es\\\/ca\\\/paelles-2017-sant-joan-dalacant\\\/#breadcrumb\"},\"inLanguage\":\"va\",\"potentialAction\":[{\"@type\":\"ReadAction\",\"target\":[\"https:\\\/\\\/www.santjoandalacant.es\\\/ca\\\/paelles-2017-sant-joan-dalacant\\\/\"]}]},{\"@type\":\"ImageObject\",\"inLanguage\":\"va\",\"@id\":\"https:\\\/\\\/www.santjoandalacant.es\\\/ca\\\/paelles-2017-sant-joan-dalacant\\\/#primaryimage\",\"url\":\"https:\\\/\\\/www.santjoandalacant.es\\\/wp-content\\\/uploads\\\/2017\\\/08\\\/PAELLAS-2016.jpg\",\"contentUrl\":\"https:\\\/\\\/www.santjoandalacant.es\\\/wp-content\\\/uploads\\\/2017\\\/08\\\/PAELLAS-2016.jpg\",\"width\":1000,\"height\":750},{\"@type\":\"BreadcrumbList\",\"@id\":\"https:\\\/\\\/www.santjoandalacant.es\\\/ca\\\/paelles-2017-sant-joan-dalacant\\\/#breadcrumb\",\"itemListElement\":[{\"@type\":\"ListItem\",\"position\":1,\"name\":\"Inicio\",\"item\":\"https:\\\/\\\/www.santjoandalacant.es\\\/ca\\\/\"},{\"@type\":\"ListItem\",\"position\":2,\"name\":\"Paelles 2017 Sant Joan d&#8217;Alacant\"}]},{\"@type\":\"WebSite\",\"@id\":\"https:\\\/\\\/www.santjoandalacant.es\\\/ca\\\/#website\",\"url\":\"https:\\\/\\\/www.santjoandalacant.es\\\/ca\\\/\",\"name\":\"Sant Joan d'Alacant\",\"description\":\"\",\"publisher\":{\"@id\":\"https:\\\/\\\/www.santjoandalacant.es\\\/ca\\\/#organization\"},\"potentialAction\":[{\"@type\":\"SearchAction\",\"target\":{\"@type\":\"EntryPoint\",\"urlTemplate\":\"https:\\\/\\\/www.santjoandalacant.es\\\/ca\\\/?s={search_term_string}\"},\"query-input\":{\"@type\":\"PropertyValueSpecification\",\"valueRequired\":true,\"valueName\":\"search_term_string\"}}],\"inLanguage\":\"va\"},{\"@type\":\"Organization\",\"@id\":\"https:\\\/\\\/www.santjoandalacant.es\\\/ca\\\/#organization\",\"name\":\"Sant Joan d'Alacant\",\"url\":\"https:\\\/\\\/www.santjoandalacant.es\\\/ca\\\/\",\"logo\":{\"@type\":\"ImageObject\",\"inLanguage\":\"va\",\"@id\":\"https:\\\/\\\/www.santjoandalacant.es\\\/ca\\\/#\\\/schema\\\/logo\\\/image\\\/\",\"url\":\"https:\\\/\\\/www.santjoandalacant.es\\\/wp-content\\\/uploads\\\/2023\\\/08\\\/logoSJ.png\",\"contentUrl\":\"https:\\\/\\\/www.santjoandalacant.es\\\/wp-content\\\/uploads\\\/2023\\\/08\\\/logoSJ.png\",\"width\":198,\"height\":253,\"caption\":\"Sant Joan d'Alacant\"},\"image\":{\"@id\":\"https:\\\/\\\/www.santjoandalacant.es\\\/ca\\\/#\\\/schema\\\/logo\\\/image\\\/\"},\"sameAs\":[\"https:\\\/\\\/www.facebook.com\\\/santjoandalacant\\\/\",\"https:\\\/\\\/www.instagram.com\\\/santjoandalacant\\\/\",\"https:\\\/\\\/www.youtube.com\\\/user\\\/santjoandalacant\"]},{\"@type\":\"Person\",\"@id\":\"https:\\\/\\\/www.santjoandalacant.es\\\/ca\\\/#\\\/schema\\\/person\\\/907761e2c0be67ceba22e9cbd80a8e2c\",\"name\":\"Jos\u00e9 Manuel Caturla\",\"image\":{\"@type\":\"ImageObject\",\"inLanguage\":\"va\",\"@id\":\"https:\\\/\\\/secure.gravatar.com\\\/avatar\\\/460f045fb845583f96492fcde4764b6cca856c183ba60b194cf089e011ddd2ba?s=96&d=mm&r=g\",\"url\":\"https:\\\/\\\/secure.gravatar.com\\\/avatar\\\/460f045fb845583f96492fcde4764b6cca856c183ba60b194cf089e011ddd2ba?s=96&d=mm&r=g\",\"contentUrl\":\"https:\\\/\\\/secure.gravatar.com\\\/avatar\\\/460f045fb845583f96492fcde4764b6cca856c183ba60b194cf089e011ddd2ba?s=96&d=mm&r=g\",\"caption\":\"Jos\u00e9 Manuel Caturla\"},\"url\":\"https:\\\/\\\/www.santjoandalacant.es\\\/ca\\\/author\\\/caturla\\\/\"}]}<\/script>\n<!-- \/ Yoast SEO plugin. -->","yoast_head_json":{"title":"Paelles 2017 Sant Joan d'Alacant - Sant Joan d&#039;Alacant","robots":{"index":"index","follow":"follow","max-snippet":"max-snippet:-1","max-image-preview":"max-image-preview:large","max-video-preview":"max-video-preview:-1"},"canonical":"https:\/\/www.santjoandalacant.es\/ca\/paelles-2017-sant-joan-dalacant\/","og_locale":"en_US","og_type":"article","og_title":"Paelles 2017 Sant Joan d'Alacant - Sant Joan d&#039;Alacant","og_description":"El diumenge 3 de Setembre al carrer Pintor Vel\u00e1zquez celebrarem el Dia de les Paelles, dia esperat per penyistes, associacions i santjoaners en general i que ens anuncia que queden [&hellip;]","og_url":"https:\/\/www.santjoandalacant.es\/ca\/paelles-2017-sant-joan-dalacant\/","og_site_name":"Sant Joan d&#039;Alacant","article_publisher":"https:\/\/www.facebook.com\/santjoandalacant\/","article_published_time":"2017-08-09T12:20:29+00:00","og_image":[{"width":1000,"height":750,"url":"https:\/\/www.santjoandalacant.es\/wp-content\/uploads\/2017\/08\/PAELLAS-2016.jpg","type":"image\/jpeg"}],"author":"Jos\u00e9 Manuel Caturla","twitter_card":"summary_large_image","twitter_misc":{"Written by":"Jos\u00e9 Manuel Caturla","Est. reading time":"1 minute"},"schema":{"@context":"https:\/\/schema.org","@graph":[{"@type":"Article","@id":"https:\/\/www.santjoandalacant.es\/ca\/paelles-2017-sant-joan-dalacant\/#article","isPartOf":{"@id":"https:\/\/www.santjoandalacant.es\/ca\/paelles-2017-sant-joan-dalacant\/"},"author":{"name":"Jos\u00e9 Manuel Caturla","@id":"https:\/\/www.santjoandalacant.es\/ca\/#\/schema\/person\/907761e2c0be67ceba22e9cbd80a8e2c"},"headline":"Paelles 2017 Sant Joan d&#8217;Alacant","datePublished":"2017-08-09T12:20:29+00:00","mainEntityOfPage":{"@id":"https:\/\/www.santjoandalacant.es\/ca\/paelles-2017-sant-joan-dalacant\/"},"wordCount":182,"commentCount":0,"publisher":{"@id":"https:\/\/www.santjoandalacant.es\/ca\/#organization"},"image":{"@id":"https:\/\/www.santjoandalacant.es\/ca\/paelles-2017-sant-joan-dalacant\/#primaryimage"},"thumbnailUrl":"https:\/\/www.santjoandalacant.es\/wp-content\/uploads\/2017\/08\/PAELLAS-2016.jpg","articleSection":["Sin categorizar"],"inLanguage":"va","potentialAction":[{"@type":"CommentAction","name":"Comment","target":["https:\/\/www.santjoandalacant.es\/ca\/paelles-2017-sant-joan-dalacant\/#respond"]}]},{"@type":"WebPage","@id":"https:\/\/www.santjoandalacant.es\/ca\/paelles-2017-sant-joan-dalacant\/","url":"https:\/\/www.santjoandalacant.es\/ca\/paelles-2017-sant-joan-dalacant\/","name":"Paelles 2017 Sant Joan d'Alacant - Sant Joan d&#039;Alacant","isPartOf":{"@id":"https:\/\/www.santjoandalacant.es\/ca\/#website"},"primaryImageOfPage":{"@id":"https:\/\/www.santjoandalacant.es\/ca\/paelles-2017-sant-joan-dalacant\/#primaryimage"},"image":{"@id":"https:\/\/www.santjoandalacant.es\/ca\/paelles-2017-sant-joan-dalacant\/#primaryimage"},"thumbnailUrl":"https:\/\/www.santjoandalacant.es\/wp-content\/uploads\/2017\/08\/PAELLAS-2016.jpg","datePublished":"2017-08-09T12:20:29+00:00","breadcrumb":{"@id":"https:\/\/www.santjoandalacant.es\/ca\/paelles-2017-sant-joan-dalacant\/#breadcrumb"},"inLanguage":"va","potentialAction":[{"@type":"ReadAction","target":["https:\/\/www.santjoandalacant.es\/ca\/paelles-2017-sant-joan-dalacant\/"]}]},{"@type":"ImageObject","inLanguage":"va","@id":"https:\/\/www.santjoandalacant.es\/ca\/paelles-2017-sant-joan-dalacant\/#primaryimage","url":"https:\/\/www.santjoandalacant.es\/wp-content\/uploads\/2017\/08\/PAELLAS-2016.jpg","contentUrl":"https:\/\/www.santjoandalacant.es\/wp-content\/uploads\/2017\/08\/PAELLAS-2016.jpg","width":1000,"height":750},{"@type":"BreadcrumbList","@id":"https:\/\/www.santjoandalacant.es\/ca\/paelles-2017-sant-joan-dalacant\/#breadcrumb","itemListElement":[{"@type":"ListItem","position":1,"name":"Inicio","item":"https:\/\/www.santjoandalacant.es\/ca\/"},{"@type":"ListItem","position":2,"name":"Paelles 2017 Sant Joan d&#8217;Alacant"}]},{"@type":"WebSite","@id":"https:\/\/www.santjoandalacant.es\/ca\/#website","url":"https:\/\/www.santjoandalacant.es\/ca\/","name":"Sant Joan d'Alacant","description":"","publisher":{"@id":"https:\/\/www.santjoandalacant.es\/ca\/#organization"},"potentialAction":[{"@type":"SearchAction","target":{"@type":"EntryPoint","urlTemplate":"https:\/\/www.santjoandalacant.es\/ca\/?s={search_term_string}"},"query-input":{"@type":"PropertyValueSpecification","valueRequired":true,"valueName":"search_term_string"}}],"inLanguage":"va"},{"@type":"Organization","@id":"https:\/\/www.santjoandalacant.es\/ca\/#organization","name":"Sant Joan d'Alacant","url":"https:\/\/www.santjoandalacant.es\/ca\/","logo":{"@type":"ImageObject","inLanguage":"va","@id":"https:\/\/www.santjoandalacant.es\/ca\/#\/schema\/logo\/image\/","url":"https:\/\/www.santjoandalacant.es\/wp-content\/uploads\/2023\/08\/logoSJ.png","contentUrl":"https:\/\/www.santjoandalacant.es\/wp-content\/uploads\/2023\/08\/logoSJ.png","width":198,"height":253,"caption":"Sant Joan d'Alacant"},"image":{"@id":"https:\/\/www.santjoandalacant.es\/ca\/#\/schema\/logo\/image\/"},"sameAs":["https:\/\/www.facebook.com\/santjoandalacant\/","https:\/\/www.instagram.com\/santjoandalacant\/","https:\/\/www.youtube.com\/user\/santjoandalacant"]},{"@type":"Person","@id":"https:\/\/www.santjoandalacant.es\/ca\/#\/schema\/person\/907761e2c0be67ceba22e9cbd80a8e2c","name":"Jos\u00e9 Manuel Caturla","image":{"@type":"ImageObject","inLanguage":"va","@id":"https:\/\/secure.gravatar.com\/avatar\/460f045fb845583f96492fcde4764b6cca856c183ba60b194cf089e011ddd2ba?s=96&d=mm&r=g","url":"https:\/\/secure.gravatar.com\/avatar\/460f045fb845583f96492fcde4764b6cca856c183ba60b194cf089e011ddd2ba?s=96&d=mm&r=g","contentUrl":"https:\/\/secure.gravatar.com\/avatar\/460f045fb845583f96492fcde4764b6cca856c183ba60b194cf089e011ddd2ba?s=96&d=mm&r=g","caption":"Jos\u00e9 Manuel Caturla"},"url":"https:\/\/www.santjoandalacant.es\/ca\/author\/caturla\/"}]}},"_links":{"self":[{"href":"https:\/\/www.santjoandalacant.es\/ca\/wp-json\/wp\/v2\/posts\/80302","targetHints":{"allow":["GET"]}}],"collection":[{"href":"https:\/\/www.santjoandalacant.es\/ca\/wp-json\/wp\/v2\/posts"}],"about":[{"href":"https:\/\/www.santjoandalacant.es\/ca\/wp-json\/wp\/v2\/types\/post"}],"author":[{"embeddable":true,"href":"https:\/\/www.santjoandalacant.es\/ca\/wp-json\/wp\/v2\/users\/21"}],"replies":[{"embeddable":true,"href":"https:\/\/www.santjoandalacant.es\/ca\/wp-json\/wp\/v2\/comments?post=80302"}],"version-history":[{"count":0,"href":"https:\/\/www.santjoandalacant.es\/ca\/wp-json\/wp\/v2\/posts\/80302\/revisions"}],"wp:featuredmedia":[{"embeddable":true,"href":"https:\/\/www.santjoandalacant.es\/ca\/wp-json\/wp\/v2\/media\/43076"}],"wp:attachment":[{"href":"https:\/\/www.santjoandalacant.es\/ca\/wp-json\/wp\/v2\/media?parent=80302"}],"wp:term":[{"taxonomy":"category","embeddable":true,"href":"https:\/\/www.santjoandalacant.es\/ca\/wp-json\/wp\/v2\/categories?post=80302"},{"taxonomy":"post_tag","embeddable":true,"href":"https:\/\/www.santjoandalacant.es\/ca\/wp-json\/wp\/v2\/tags?post=80302"},{"taxonomy":"areas","embeddable":true,"href":"https:\/\/www.santjoandalacant.es\/ca\/wp-json\/wp\/v2\/areas?post=80302"}],"curies":[{"name":"wp","href":"https:\/\/api.w.org\/{rel}","templated":true}]}}