{"id":80318,"date":"2017-08-15T15:19:42","date_gmt":"2017-08-15T15:19:42","guid":{"rendered":"https:\/\/santjoan.developersasapglobalsolution.com\/el-consell-licita-el-projecte-de-la-construccio-de-lampliacio-del-centre-de-salut-de-sant-joan\/"},"modified":"2017-08-15T15:19:42","modified_gmt":"2017-08-15T15:19:42","slug":"el-consell-licita-el-projecte-de-la-construccio-de-lampliacio-del-centre-de-salut-de-sant-joan","status":"publish","type":"post","link":"https:\/\/www.santjoandalacant.es\/ca\/el-consell-licita-el-projecte-de-la-construccio-de-lampliacio-del-centre-de-salut-de-sant-joan\/","title":{"rendered":"EL Consell licita el projecte de la construcci\u00f3 de l&#8217;ampliaci\u00f3 del Centre de Salut de Sant Joan"},"content":{"rendered":"<h5><span>Aquesta actuaci\u00f3 est\u00e0 pressupostada inicialment en 1.600.000 \u20ac<\/span><\/h5>\n<p>&nbsp;<\/p>\n<p><span>Avui ha estat publicada en el DOGV la Licitaci\u00f3 per a la redacci\u00f3 del Projecte de Construcci\u00f3 del nou edifici del Centre de Salut i l&#8217;ampliaci\u00f3 de l&#8217;existent.<\/span><\/p>\n<p>&nbsp;<\/p>\n<p><span>El Centre de Salut de Sant Joan no compta en l&#8217;actualitat d&#8217;espai suficient per a cobrir totes les necessitats assistencials com a conseq\u00fc\u00e8ncia del creixement poblacional, ja que es va construir fa 30 anys amb una poblaci\u00f3 d&#8217;uns 11.500 habitants i actualment ronda els 23.000. Per aix\u00f2 cal ampliar tant el nombre de consultes actuals, com afegir noves: \u00e0rea de salut mental, preparaci\u00f3 al part o rehabilitaci\u00f3, aix\u00ed com incrementar la capacitat del magatzem per alliberar l&#8217;acumulaci\u00f3 de material en els passadissos. Davant les reiterades peticions per part de l&#8217;ajuntament de construir un Centre de Salut nou i la urg\u00e8ncia d&#8217;atendre les necessitats existents, la Conselleria de Sanitat Universal i Salut P\u00fablica ha optat per la construcci\u00f3 d&#8217;una nova edificaci\u00f3 contigua amb una superf\u00edcie de 800 metres quadrats aix\u00ed com l&#8217;Adequaci\u00f3 del centre existent. Aix\u00f2 es desenvolupa despr\u00e9s de l&#8217;estudi tant de la parcel\u00b7la -que encara no havia estat acceptada per la Generalitat- com el de les condicions de l&#8217;actual Centre de Salut, sent aquesta mesura la m\u00e9s r\u00e0pida i eficient per poder solucionar la problem\u00e0tica existent.<\/span><\/p>\n<p>&nbsp;<\/p>\n<p><span>El departament de Salut ha elaborat un nou Pla Funcional que ha estat aprovat per la Direcci\u00f3 General d&#8217;Assist\u00e8ncia Sanit\u00e0ria i que recull totes les car\u00e8ncies posades de manifest. Aquesta actuaci\u00f3, inclosa dins el \u2018Pla de Dignificaci\u00f3 d&#8217;Infraestructures Sanit\u00e0ries\u2019 i reada pel govern de la Generalitat Valenciana que dirigeix \u200b\u200bel socialista Ximo Puig, est\u00e0 pressupostada inicialment en 1.600.000 \u20ac.<\/span><\/p>\n<p>&nbsp;<\/p>\n<p><span>Segons ens informa la regidora de Sanitat, Esther Donate, &#8220;despr\u00e9s de la realitzaci\u00f3 de les obres de millora i ampliaci\u00f3, el Centre de Salut comptar\u00e0 amb les seg\u00fcents instal\u00b7lacions: Sala d&#8217;Urg\u00e8ncies amb 2 Box, \u00c0rea de Recepci\u00f3 \/ Admissi\u00f3, \u00c0rea d&#8217;Infermeria amb sala Assistencial i sala d&#8217;Extraccions i TAO, \u00c0rea de Medicina de Fam\u00edlia, amb 8 consultes de Medicina de Fam\u00edlia i 2 consultes d&#8217;Infermeria, \u00c0rea de Cirurgia menor, sala polivalent (Espirometries, Electrocardiogrames i Test d&#8217;al\u00e8), \u00c0rea de Pediatria (1 consulta d&#8217;Urg\u00e8ncies pedi\u00e0triques, 2 consultes de Pediatria, 2 consultes d&#8217;Infermeria pedi\u00e0trica), Odontopediatria (1 consulta d&#8217;odontopediatria i 1 consulta d&#8217;higienista dental), \u00c0rea de Treball Social, \u00c0rea maternal (1 consulta de comare i 1 sala d&#8217;educaci\u00f3 maternal), \u00c0rea de Rehabilitaci\u00f3 (1 consulta de fisioterapeuta, 1 consulta metge rehabilitador i Gimn\u00e0s), \u00c0rea de Salut Mental (4 consultes i 1 despatx administratiu), \u00c0rea d&#8217;Administraci\u00f3 (despatx coordinador zona b\u00e0sica, despatx coordinador infermeria i suport administratiu), Estar de personal, \u00c0rea de Formaci\u00f3 i Doc\u00e8ncia (sala de juntes \/ biblioteca i aula de doc\u00e8ncia) i nous Serveis Generals (lavabos, magatzems, vestuaris, cambra residus, quarts neteja, &#8230;) &#8220;.<\/span><\/p>\n<p>&nbsp;<\/p>\n<p><span>Amb la construcci\u00f3 de l&#8217;ampliaci\u00f3 es colmatar\u00e1 la parcel\u00b7la actual que consta de m\u00e9s de 3.000 m<sup>2<\/sup>. En la redacci\u00f3 del projecte es t\u00e9 en compte la reserva de places d&#8217;aparcament necess\u00e0ries i exigibles segons la normativa vigent. En l&#8217;estimaci\u00f3 inicial s&#8217;ha previst un pressupost per a l&#8217;obra aproximat de 1.600.000 \u20ac.<\/span><\/p>\n<p>&nbsp;<\/p>\n<p><span>&#8220;Despr\u00e9s lustres de lluita municipal i espera, la Conselleria que dirigeix \u200b\u200bCarmen Mont\u00f3n i el govern valenci\u00e0 que presideix Ximo Puig per fi t\u00e9 en compte al poble de Sant Joan, dotant d&#8217;instal\u00b7lacions dignes al Servei Sanitari P\u00fablic d&#8217;Atenci\u00f3 Prim\u00e0ria&#8221;, ha assenyalat l&#8217;alcalde, Jaime Albero. &#8220;Sumat als m\u00e9s de 20 milions d&#8217;euros de dotaci\u00f3 per a l&#8217;Hospital de Sant Joan, \u00e9s la major inversi\u00f3 p\u00fablica des de la construcci\u00f3 de l\u2019anomenat Hospital. \u00c9s un dia per felicitar a tots aquells que han tingut alguna cosa a veure amb aquesta m\u00e8rit, ja que encara que ho haguem aconseguit durant aquest mandat, \u00e9s un treball col\u00b7lectiu de tots els que en algun moment han fet pressi\u00f3 perqu\u00e8 es dupliqu\u00e9s la superf\u00edcie del Centre de salut &#8220;, ha concl\u00f2s Albero.<\/span><\/p>\n<p>&nbsp;<\/p>\n","protected":false},"excerpt":{"rendered":"<p>Aquesta actuaci\u00f3 est\u00e0 pressupostada inicialment en 1.600.000 \u20ac &nbsp; Avui ha estat publicada en el DOGV la Licitaci\u00f3 per a la redacci\u00f3 del Projecte de Construcci\u00f3 del nou edifici del [&hellip;]<\/p>\n","protected":false},"author":21,"featured_media":43131,"comment_status":"open","ping_status":"open","sticky":false,"template":"","format":"standard","meta":{"_acf_changed":false,"rs_blank_template":"","rs_page_bg_color":"","slide_template_v7":"","footnotes":""},"categories":[1],"tags":[],"areas":[1012],"class_list":["post-80318","post","type-post","status-publish","format-standard","has-post-thumbnail","hentry","category-sin-categorizar","areas-sanidad-ca"],"acf":[],"yoast_head":"<!-- This site is optimized with the Yoast SEO plugin v28.2 - https:\/\/yoast.com\/product\/yoast-seo-wordpress\/ -->\n<title>EL Consell licita el projecte de la construcci\u00f3 de l&#039;ampliaci\u00f3 del Centre de Salut de Sant Joan - Sant Joan d&#039;Alacant<\/title>\n<meta name=\"robots\" content=\"index, follow, max-snippet:-1, max-image-preview:large, max-video-preview:-1\" \/>\n<link rel=\"canonical\" href=\"https:\/\/www.santjoandalacant.es\/ca\/el-consell-licita-el-projecte-de-la-construccio-de-lampliacio-del-centre-de-salut-de-sant-joan\/\" \/>\n<meta property=\"og:locale\" content=\"en_US\" \/>\n<meta property=\"og:type\" content=\"article\" \/>\n<meta property=\"og:title\" content=\"EL Consell licita el projecte de la construcci\u00f3 de l&#039;ampliaci\u00f3 del Centre de Salut de Sant Joan - Sant Joan d&#039;Alacant\" \/>\n<meta property=\"og:description\" content=\"Aquesta actuaci\u00f3 est\u00e0 pressupostada inicialment en 1.600.000 \u20ac &nbsp; Avui ha estat publicada en el DOGV la Licitaci\u00f3 per a la redacci\u00f3 del Projecte de Construcci\u00f3 del nou edifici del [&hellip;]\" \/>\n<meta property=\"og:url\" content=\"https:\/\/www.santjoandalacant.es\/ca\/el-consell-licita-el-projecte-de-la-construccio-de-lampliacio-del-centre-de-salut-de-sant-joan\/\" \/>\n<meta property=\"og:site_name\" content=\"Sant Joan d&#039;Alacant\" \/>\n<meta property=\"article:publisher\" content=\"https:\/\/www.facebook.com\/santjoandalacant\/\" \/>\n<meta property=\"article:published_time\" content=\"2017-08-15T15:19:42+00:00\" \/>\n<meta property=\"og:image\" content=\"https:\/\/www.santjoandalacant.es\/wp-content\/uploads\/2017\/08\/FOTO-2_0.JPG\" \/>\n\t<meta property=\"og:image:width\" content=\"1920\" \/>\n\t<meta property=\"og:image:height\" content=\"1080\" \/>\n\t<meta property=\"og:image:type\" content=\"image\/jpeg\" \/>\n<meta name=\"author\" content=\"Jos\u00e9 Manuel Caturla\" \/>\n<meta name=\"twitter:card\" content=\"summary_large_image\" \/>\n<meta name=\"twitter:label1\" content=\"Written by\" \/>\n\t<meta name=\"twitter:data1\" content=\"Jos\u00e9 Manuel Caturla\" \/>\n\t<meta name=\"twitter:label2\" content=\"Est. reading time\" \/>\n\t<meta name=\"twitter:data2\" content=\"3 minutes\" \/>\n<script type=\"application\/ld+json\" class=\"yoast-schema-graph\">{\"@context\":\"https:\\\/\\\/schema.org\",\"@graph\":[{\"@type\":\"Article\",\"@id\":\"https:\\\/\\\/www.santjoandalacant.es\\\/ca\\\/el-consell-licita-el-projecte-de-la-construccio-de-lampliacio-del-centre-de-salut-de-sant-joan\\\/#article\",\"isPartOf\":{\"@id\":\"https:\\\/\\\/www.santjoandalacant.es\\\/ca\\\/el-consell-licita-el-projecte-de-la-construccio-de-lampliacio-del-centre-de-salut-de-sant-joan\\\/\"},\"author\":{\"name\":\"Jos\u00e9 Manuel Caturla\",\"@id\":\"https:\\\/\\\/www.santjoandalacant.es\\\/ca\\\/#\\\/schema\\\/person\\\/907761e2c0be67ceba22e9cbd80a8e2c\"},\"headline\":\"EL Consell licita el projecte de la construcci\u00f3 de l&#8217;ampliaci\u00f3 del Centre de Salut de Sant Joan\",\"datePublished\":\"2017-08-15T15:19:42+00:00\",\"mainEntityOfPage\":{\"@id\":\"https:\\\/\\\/www.santjoandalacant.es\\\/ca\\\/el-consell-licita-el-projecte-de-la-construccio-de-lampliacio-del-centre-de-salut-de-sant-joan\\\/\"},\"wordCount\":702,\"commentCount\":0,\"publisher\":{\"@id\":\"https:\\\/\\\/www.santjoandalacant.es\\\/ca\\\/#organization\"},\"image\":{\"@id\":\"https:\\\/\\\/www.santjoandalacant.es\\\/ca\\\/el-consell-licita-el-projecte-de-la-construccio-de-lampliacio-del-centre-de-salut-de-sant-joan\\\/#primaryimage\"},\"thumbnailUrl\":\"https:\\\/\\\/www.santjoandalacant.es\\\/wp-content\\\/uploads\\\/2017\\\/08\\\/FOTO-2_0.JPG\",\"articleSection\":[\"Sin categorizar\"],\"inLanguage\":\"va\",\"potentialAction\":[{\"@type\":\"CommentAction\",\"name\":\"Comment\",\"target\":[\"https:\\\/\\\/www.santjoandalacant.es\\\/ca\\\/el-consell-licita-el-projecte-de-la-construccio-de-lampliacio-del-centre-de-salut-de-sant-joan\\\/#respond\"]}]},{\"@type\":\"WebPage\",\"@id\":\"https:\\\/\\\/www.santjoandalacant.es\\\/ca\\\/el-consell-licita-el-projecte-de-la-construccio-de-lampliacio-del-centre-de-salut-de-sant-joan\\\/\",\"url\":\"https:\\\/\\\/www.santjoandalacant.es\\\/ca\\\/el-consell-licita-el-projecte-de-la-construccio-de-lampliacio-del-centre-de-salut-de-sant-joan\\\/\",\"name\":\"EL Consell licita el projecte de la construcci\u00f3 de l'ampliaci\u00f3 del Centre de Salut de Sant Joan - Sant Joan d&#039;Alacant\",\"isPartOf\":{\"@id\":\"https:\\\/\\\/www.santjoandalacant.es\\\/ca\\\/#website\"},\"primaryImageOfPage\":{\"@id\":\"https:\\\/\\\/www.santjoandalacant.es\\\/ca\\\/el-consell-licita-el-projecte-de-la-construccio-de-lampliacio-del-centre-de-salut-de-sant-joan\\\/#primaryimage\"},\"image\":{\"@id\":\"https:\\\/\\\/www.santjoandalacant.es\\\/ca\\\/el-consell-licita-el-projecte-de-la-construccio-de-lampliacio-del-centre-de-salut-de-sant-joan\\\/#primaryimage\"},\"thumbnailUrl\":\"https:\\\/\\\/www.santjoandalacant.es\\\/wp-content\\\/uploads\\\/2017\\\/08\\\/FOTO-2_0.JPG\",\"datePublished\":\"2017-08-15T15:19:42+00:00\",\"breadcrumb\":{\"@id\":\"https:\\\/\\\/www.santjoandalacant.es\\\/ca\\\/el-consell-licita-el-projecte-de-la-construccio-de-lampliacio-del-centre-de-salut-de-sant-joan\\\/#breadcrumb\"},\"inLanguage\":\"va\",\"potentialAction\":[{\"@type\":\"ReadAction\",\"target\":[\"https:\\\/\\\/www.santjoandalacant.es\\\/ca\\\/el-consell-licita-el-projecte-de-la-construccio-de-lampliacio-del-centre-de-salut-de-sant-joan\\\/\"]}]},{\"@type\":\"ImageObject\",\"inLanguage\":\"va\",\"@id\":\"https:\\\/\\\/www.santjoandalacant.es\\\/ca\\\/el-consell-licita-el-projecte-de-la-construccio-de-lampliacio-del-centre-de-salut-de-sant-joan\\\/#primaryimage\",\"url\":\"https:\\\/\\\/www.santjoandalacant.es\\\/wp-content\\\/uploads\\\/2017\\\/08\\\/FOTO-2_0.JPG\",\"contentUrl\":\"https:\\\/\\\/www.santjoandalacant.es\\\/wp-content\\\/uploads\\\/2017\\\/08\\\/FOTO-2_0.JPG\",\"width\":1920,\"height\":1080},{\"@type\":\"BreadcrumbList\",\"@id\":\"https:\\\/\\\/www.santjoandalacant.es\\\/ca\\\/el-consell-licita-el-projecte-de-la-construccio-de-lampliacio-del-centre-de-salut-de-sant-joan\\\/#breadcrumb\",\"itemListElement\":[{\"@type\":\"ListItem\",\"position\":1,\"name\":\"Inicio\",\"item\":\"https:\\\/\\\/www.santjoandalacant.es\\\/ca\\\/\"},{\"@type\":\"ListItem\",\"position\":2,\"name\":\"EL Consell licita el projecte de la construcci\u00f3 de l&#8217;ampliaci\u00f3 del Centre de Salut de Sant Joan\"}]},{\"@type\":\"WebSite\",\"@id\":\"https:\\\/\\\/www.santjoandalacant.es\\\/ca\\\/#website\",\"url\":\"https:\\\/\\\/www.santjoandalacant.es\\\/ca\\\/\",\"name\":\"Sant Joan d'Alacant\",\"description\":\"\",\"publisher\":{\"@id\":\"https:\\\/\\\/www.santjoandalacant.es\\\/ca\\\/#organization\"},\"potentialAction\":[{\"@type\":\"SearchAction\",\"target\":{\"@type\":\"EntryPoint\",\"urlTemplate\":\"https:\\\/\\\/www.santjoandalacant.es\\\/ca\\\/?s={search_term_string}\"},\"query-input\":{\"@type\":\"PropertyValueSpecification\",\"valueRequired\":true,\"valueName\":\"search_term_string\"}}],\"inLanguage\":\"va\"},{\"@type\":\"Organization\",\"@id\":\"https:\\\/\\\/www.santjoandalacant.es\\\/ca\\\/#organization\",\"name\":\"Sant Joan d'Alacant\",\"url\":\"https:\\\/\\\/www.santjoandalacant.es\\\/ca\\\/\",\"logo\":{\"@type\":\"ImageObject\",\"inLanguage\":\"va\",\"@id\":\"https:\\\/\\\/www.santjoandalacant.es\\\/ca\\\/#\\\/schema\\\/logo\\\/image\\\/\",\"url\":\"https:\\\/\\\/www.santjoandalacant.es\\\/wp-content\\\/uploads\\\/2023\\\/08\\\/logoSJ.png\",\"contentUrl\":\"https:\\\/\\\/www.santjoandalacant.es\\\/wp-content\\\/uploads\\\/2023\\\/08\\\/logoSJ.png\",\"width\":198,\"height\":253,\"caption\":\"Sant Joan d'Alacant\"},\"image\":{\"@id\":\"https:\\\/\\\/www.santjoandalacant.es\\\/ca\\\/#\\\/schema\\\/logo\\\/image\\\/\"},\"sameAs\":[\"https:\\\/\\\/www.facebook.com\\\/santjoandalacant\\\/\",\"https:\\\/\\\/www.instagram.com\\\/santjoandalacant\\\/\",\"https:\\\/\\\/www.youtube.com\\\/user\\\/santjoandalacant\"]},{\"@type\":\"Person\",\"@id\":\"https:\\\/\\\/www.santjoandalacant.es\\\/ca\\\/#\\\/schema\\\/person\\\/907761e2c0be67ceba22e9cbd80a8e2c\",\"name\":\"Jos\u00e9 Manuel Caturla\",\"image\":{\"@type\":\"ImageObject\",\"inLanguage\":\"va\",\"@id\":\"https:\\\/\\\/secure.gravatar.com\\\/avatar\\\/460f045fb845583f96492fcde4764b6cca856c183ba60b194cf089e011ddd2ba?s=96&d=mm&r=g\",\"url\":\"https:\\\/\\\/secure.gravatar.com\\\/avatar\\\/460f045fb845583f96492fcde4764b6cca856c183ba60b194cf089e011ddd2ba?s=96&d=mm&r=g\",\"contentUrl\":\"https:\\\/\\\/secure.gravatar.com\\\/avatar\\\/460f045fb845583f96492fcde4764b6cca856c183ba60b194cf089e011ddd2ba?s=96&d=mm&r=g\",\"caption\":\"Jos\u00e9 Manuel Caturla\"},\"url\":\"https:\\\/\\\/www.santjoandalacant.es\\\/ca\\\/author\\\/caturla\\\/\"}]}<\/script>\n<!-- \/ Yoast SEO plugin. -->","yoast_head_json":{"title":"EL Consell licita el projecte de la construcci\u00f3 de l'ampliaci\u00f3 del Centre de Salut de Sant Joan - Sant Joan d&#039;Alacant","robots":{"index":"index","follow":"follow","max-snippet":"max-snippet:-1","max-image-preview":"max-image-preview:large","max-video-preview":"max-video-preview:-1"},"canonical":"https:\/\/www.santjoandalacant.es\/ca\/el-consell-licita-el-projecte-de-la-construccio-de-lampliacio-del-centre-de-salut-de-sant-joan\/","og_locale":"en_US","og_type":"article","og_title":"EL Consell licita el projecte de la construcci\u00f3 de l'ampliaci\u00f3 del Centre de Salut de Sant Joan - Sant Joan d&#039;Alacant","og_description":"Aquesta actuaci\u00f3 est\u00e0 pressupostada inicialment en 1.600.000 \u20ac &nbsp; Avui ha estat publicada en el DOGV la Licitaci\u00f3 per a la redacci\u00f3 del Projecte de Construcci\u00f3 del nou edifici del [&hellip;]","og_url":"https:\/\/www.santjoandalacant.es\/ca\/el-consell-licita-el-projecte-de-la-construccio-de-lampliacio-del-centre-de-salut-de-sant-joan\/","og_site_name":"Sant Joan d&#039;Alacant","article_publisher":"https:\/\/www.facebook.com\/santjoandalacant\/","article_published_time":"2017-08-15T15:19:42+00:00","og_image":[{"width":1920,"height":1080,"url":"https:\/\/www.santjoandalacant.es\/wp-content\/uploads\/2017\/08\/FOTO-2_0.JPG","type":"image\/jpeg"}],"author":"Jos\u00e9 Manuel Caturla","twitter_card":"summary_large_image","twitter_misc":{"Written by":"Jos\u00e9 Manuel Caturla","Est. reading time":"3 minutes"},"schema":{"@context":"https:\/\/schema.org","@graph":[{"@type":"Article","@id":"https:\/\/www.santjoandalacant.es\/ca\/el-consell-licita-el-projecte-de-la-construccio-de-lampliacio-del-centre-de-salut-de-sant-joan\/#article","isPartOf":{"@id":"https:\/\/www.santjoandalacant.es\/ca\/el-consell-licita-el-projecte-de-la-construccio-de-lampliacio-del-centre-de-salut-de-sant-joan\/"},"author":{"name":"Jos\u00e9 Manuel Caturla","@id":"https:\/\/www.santjoandalacant.es\/ca\/#\/schema\/person\/907761e2c0be67ceba22e9cbd80a8e2c"},"headline":"EL Consell licita el projecte de la construcci\u00f3 de l&#8217;ampliaci\u00f3 del Centre de Salut de Sant Joan","datePublished":"2017-08-15T15:19:42+00:00","mainEntityOfPage":{"@id":"https:\/\/www.santjoandalacant.es\/ca\/el-consell-licita-el-projecte-de-la-construccio-de-lampliacio-del-centre-de-salut-de-sant-joan\/"},"wordCount":702,"commentCount":0,"publisher":{"@id":"https:\/\/www.santjoandalacant.es\/ca\/#organization"},"image":{"@id":"https:\/\/www.santjoandalacant.es\/ca\/el-consell-licita-el-projecte-de-la-construccio-de-lampliacio-del-centre-de-salut-de-sant-joan\/#primaryimage"},"thumbnailUrl":"https:\/\/www.santjoandalacant.es\/wp-content\/uploads\/2017\/08\/FOTO-2_0.JPG","articleSection":["Sin categorizar"],"inLanguage":"va","potentialAction":[{"@type":"CommentAction","name":"Comment","target":["https:\/\/www.santjoandalacant.es\/ca\/el-consell-licita-el-projecte-de-la-construccio-de-lampliacio-del-centre-de-salut-de-sant-joan\/#respond"]}]},{"@type":"WebPage","@id":"https:\/\/www.santjoandalacant.es\/ca\/el-consell-licita-el-projecte-de-la-construccio-de-lampliacio-del-centre-de-salut-de-sant-joan\/","url":"https:\/\/www.santjoandalacant.es\/ca\/el-consell-licita-el-projecte-de-la-construccio-de-lampliacio-del-centre-de-salut-de-sant-joan\/","name":"EL Consell licita el projecte de la construcci\u00f3 de l'ampliaci\u00f3 del Centre de Salut de Sant Joan - Sant Joan d&#039;Alacant","isPartOf":{"@id":"https:\/\/www.santjoandalacant.es\/ca\/#website"},"primaryImageOfPage":{"@id":"https:\/\/www.santjoandalacant.es\/ca\/el-consell-licita-el-projecte-de-la-construccio-de-lampliacio-del-centre-de-salut-de-sant-joan\/#primaryimage"},"image":{"@id":"https:\/\/www.santjoandalacant.es\/ca\/el-consell-licita-el-projecte-de-la-construccio-de-lampliacio-del-centre-de-salut-de-sant-joan\/#primaryimage"},"thumbnailUrl":"https:\/\/www.santjoandalacant.es\/wp-content\/uploads\/2017\/08\/FOTO-2_0.JPG","datePublished":"2017-08-15T15:19:42+00:00","breadcrumb":{"@id":"https:\/\/www.santjoandalacant.es\/ca\/el-consell-licita-el-projecte-de-la-construccio-de-lampliacio-del-centre-de-salut-de-sant-joan\/#breadcrumb"},"inLanguage":"va","potentialAction":[{"@type":"ReadAction","target":["https:\/\/www.santjoandalacant.es\/ca\/el-consell-licita-el-projecte-de-la-construccio-de-lampliacio-del-centre-de-salut-de-sant-joan\/"]}]},{"@type":"ImageObject","inLanguage":"va","@id":"https:\/\/www.santjoandalacant.es\/ca\/el-consell-licita-el-projecte-de-la-construccio-de-lampliacio-del-centre-de-salut-de-sant-joan\/#primaryimage","url":"https:\/\/www.santjoandalacant.es\/wp-content\/uploads\/2017\/08\/FOTO-2_0.JPG","contentUrl":"https:\/\/www.santjoandalacant.es\/wp-content\/uploads\/2017\/08\/FOTO-2_0.JPG","width":1920,"height":1080},{"@type":"BreadcrumbList","@id":"https:\/\/www.santjoandalacant.es\/ca\/el-consell-licita-el-projecte-de-la-construccio-de-lampliacio-del-centre-de-salut-de-sant-joan\/#breadcrumb","itemListElement":[{"@type":"ListItem","position":1,"name":"Inicio","item":"https:\/\/www.santjoandalacant.es\/ca\/"},{"@type":"ListItem","position":2,"name":"EL Consell licita el projecte de la construcci\u00f3 de l&#8217;ampliaci\u00f3 del Centre de Salut de Sant Joan"}]},{"@type":"WebSite","@id":"https:\/\/www.santjoandalacant.es\/ca\/#website","url":"https:\/\/www.santjoandalacant.es\/ca\/","name":"Sant Joan d'Alacant","description":"","publisher":{"@id":"https:\/\/www.santjoandalacant.es\/ca\/#organization"},"potentialAction":[{"@type":"SearchAction","target":{"@type":"EntryPoint","urlTemplate":"https:\/\/www.santjoandalacant.es\/ca\/?s={search_term_string}"},"query-input":{"@type":"PropertyValueSpecification","valueRequired":true,"valueName":"search_term_string"}}],"inLanguage":"va"},{"@type":"Organization","@id":"https:\/\/www.santjoandalacant.es\/ca\/#organization","name":"Sant Joan d'Alacant","url":"https:\/\/www.santjoandalacant.es\/ca\/","logo":{"@type":"ImageObject","inLanguage":"va","@id":"https:\/\/www.santjoandalacant.es\/ca\/#\/schema\/logo\/image\/","url":"https:\/\/www.santjoandalacant.es\/wp-content\/uploads\/2023\/08\/logoSJ.png","contentUrl":"https:\/\/www.santjoandalacant.es\/wp-content\/uploads\/2023\/08\/logoSJ.png","width":198,"height":253,"caption":"Sant Joan d'Alacant"},"image":{"@id":"https:\/\/www.santjoandalacant.es\/ca\/#\/schema\/logo\/image\/"},"sameAs":["https:\/\/www.facebook.com\/santjoandalacant\/","https:\/\/www.instagram.com\/santjoandalacant\/","https:\/\/www.youtube.com\/user\/santjoandalacant"]},{"@type":"Person","@id":"https:\/\/www.santjoandalacant.es\/ca\/#\/schema\/person\/907761e2c0be67ceba22e9cbd80a8e2c","name":"Jos\u00e9 Manuel Caturla","image":{"@type":"ImageObject","inLanguage":"va","@id":"https:\/\/secure.gravatar.com\/avatar\/460f045fb845583f96492fcde4764b6cca856c183ba60b194cf089e011ddd2ba?s=96&d=mm&r=g","url":"https:\/\/secure.gravatar.com\/avatar\/460f045fb845583f96492fcde4764b6cca856c183ba60b194cf089e011ddd2ba?s=96&d=mm&r=g","contentUrl":"https:\/\/secure.gravatar.com\/avatar\/460f045fb845583f96492fcde4764b6cca856c183ba60b194cf089e011ddd2ba?s=96&d=mm&r=g","caption":"Jos\u00e9 Manuel Caturla"},"url":"https:\/\/www.santjoandalacant.es\/ca\/author\/caturla\/"}]}},"_links":{"self":[{"href":"https:\/\/www.santjoandalacant.es\/ca\/wp-json\/wp\/v2\/posts\/80318","targetHints":{"allow":["GET"]}}],"collection":[{"href":"https:\/\/www.santjoandalacant.es\/ca\/wp-json\/wp\/v2\/posts"}],"about":[{"href":"https:\/\/www.santjoandalacant.es\/ca\/wp-json\/wp\/v2\/types\/post"}],"author":[{"embeddable":true,"href":"https:\/\/www.santjoandalacant.es\/ca\/wp-json\/wp\/v2\/users\/21"}],"replies":[{"embeddable":true,"href":"https:\/\/www.santjoandalacant.es\/ca\/wp-json\/wp\/v2\/comments?post=80318"}],"version-history":[{"count":0,"href":"https:\/\/www.santjoandalacant.es\/ca\/wp-json\/wp\/v2\/posts\/80318\/revisions"}],"wp:featuredmedia":[{"embeddable":true,"href":"https:\/\/www.santjoandalacant.es\/ca\/wp-json\/wp\/v2\/media\/43131"}],"wp:attachment":[{"href":"https:\/\/www.santjoandalacant.es\/ca\/wp-json\/wp\/v2\/media?parent=80318"}],"wp:term":[{"taxonomy":"category","embeddable":true,"href":"https:\/\/www.santjoandalacant.es\/ca\/wp-json\/wp\/v2\/categories?post=80318"},{"taxonomy":"post_tag","embeddable":true,"href":"https:\/\/www.santjoandalacant.es\/ca\/wp-json\/wp\/v2\/tags?post=80318"},{"taxonomy":"areas","embeddable":true,"href":"https:\/\/www.santjoandalacant.es\/ca\/wp-json\/wp\/v2\/areas?post=80318"}],"curies":[{"name":"wp","href":"https:\/\/api.w.org\/{rel}","templated":true}]}}