{"id":80322,"date":"2017-08-17T06:39:34","date_gmt":"2017-08-17T06:39:34","guid":{"rendered":"https:\/\/santjoan.developersasapglobalsolution.com\/habilitats-els-punts-de-venda-per-a-comprar-el-llibre-de-festes-del-stm-crist-de-la-pau-2017\/"},"modified":"2017-08-17T06:39:34","modified_gmt":"2017-08-17T06:39:34","slug":"habilitats-els-punts-de-venda-per-a-comprar-el-llibre-de-festes-del-stm-crist-de-la-pau-2017","status":"publish","type":"post","link":"https:\/\/www.santjoandalacant.es\/ca\/habilitats-els-punts-de-venda-per-a-comprar-el-llibre-de-festes-del-stm-crist-de-la-pau-2017\/","title":{"rendered":"Habilitats els punts de venda per a comprar el Llibre de Festes del Stm. Crist de la Pau 2017"},"content":{"rendered":"<p><span><span lang=\"CA\"><span><span>L&#8217;ajuntament de Sant Joan ha habilitat aquesta setmana els diferents punts de venda per a l&#8217;obtenci\u00f3 dels populars Llibres de Festes del Stm. Crist de la Pau 2017. Aix\u00ed mateix, s&#8217;han disposat dues l\u00ednies telef\u00f2niques per al lliurament del mateix a domicili.<\/span><\/span><\/span><\/span><\/p>\n<p>&nbsp;<\/p>\n<p><span><span lang=\"CA\"><span><span>Des de dilluns passat, despr\u00e9s de la presentaci\u00f3 del Llibre de Festes del 2017, est\u00e0 habilitat \u2014al costat de l&#8217;entrada de l&#8217;ajuntament\u2014&nbsp; un punt de venda de l&#8217;emblem\u00e0tic distintiu impr\u00e8s de les nostres festes. Ja est\u00e0 disponible per a tots els interessats el Llibre de Festes del Stm. Crist de la Pau per un valor de tan sols 20 euros en el qual s&#8217;inclou, a m\u00e9s, un tiquet per a les cadires de les desfilades i un bo profestes. L&#8217;horari de vendes \u00e9s de dilluns a divendres de 10:00 a 13:30 hores. Tamb\u00e9 s&#8217;ha habilitat un altre punt al Mercat amb horari de 9:00 a 13:30 hores durant els dissabtes. A m\u00e9s, des de l&#8217;ajuntament s&#8217;han establit dues l\u00ednies telef\u00f2niques amb servei de lliurament a domicili en horari de 8:00 a 14:30 hores: 965 65 32 45 \/ 966 01 31 76.<\/span><\/span><\/span><\/span><\/p>\n<p>&nbsp;<\/p>\n<p><span lang=\"CA\"><span><span>L&#8217;acte de presentaci\u00f3 del Llibre de Festes del Stm. Crist de la Pau 2017 va comptar amb una gran aflu\u00e8ncia de p\u00fablic que va superar els 250 assistents, i va obtenir una considerable recaptaci\u00f3 amb la venda dels primers exemplars.<\/span><\/span><\/span><\/p>\n","protected":false},"excerpt":{"rendered":"<p>L&#8217;ajuntament de Sant Joan ha habilitat aquesta setmana els diferents punts de venda per a l&#8217;obtenci\u00f3 dels populars Llibres de Festes del Stm. Crist de la Pau 2017. Aix\u00ed mateix, [&hellip;]<\/p>\n","protected":false},"author":21,"featured_media":43144,"comment_status":"open","ping_status":"open","sticky":false,"template":"","format":"standard","meta":{"_acf_changed":false,"rs_blank_template":"","rs_page_bg_color":"","slide_template_v7":"","footnotes":""},"categories":[1],"tags":[],"areas":[1001],"class_list":["post-80322","post","type-post","status-publish","format-standard","has-post-thumbnail","hentry","category-sin-categorizar","areas-fiestas-ca"],"acf":[],"yoast_head":"<!-- This site is optimized with the Yoast SEO plugin v28.2 - https:\/\/yoast.com\/product\/yoast-seo-wordpress\/ -->\n<title>Habilitats els punts de venda per a comprar el Llibre de Festes del Stm. Crist de la Pau 2017 - Sant Joan d&#039;Alacant<\/title>\n<meta name=\"robots\" content=\"index, follow, max-snippet:-1, max-image-preview:large, max-video-preview:-1\" \/>\n<link rel=\"canonical\" href=\"https:\/\/www.santjoandalacant.es\/ca\/habilitats-els-punts-de-venda-per-a-comprar-el-llibre-de-festes-del-stm-crist-de-la-pau-2017\/\" \/>\n<meta property=\"og:locale\" content=\"en_US\" \/>\n<meta property=\"og:type\" content=\"article\" \/>\n<meta property=\"og:title\" content=\"Habilitats els punts de venda per a comprar el Llibre de Festes del Stm. Crist de la Pau 2017 - Sant Joan d&#039;Alacant\" \/>\n<meta property=\"og:description\" content=\"L&#8217;ajuntament de Sant Joan ha habilitat aquesta setmana els diferents punts de venda per a l&#8217;obtenci\u00f3 dels populars Llibres de Festes del Stm. Crist de la Pau 2017. Aix\u00ed mateix, [&hellip;]\" \/>\n<meta property=\"og:url\" content=\"https:\/\/www.santjoandalacant.es\/ca\/habilitats-els-punts-de-venda-per-a-comprar-el-llibre-de-festes-del-stm-crist-de-la-pau-2017\/\" \/>\n<meta property=\"og:site_name\" content=\"Sant Joan d&#039;Alacant\" \/>\n<meta property=\"article:publisher\" content=\"https:\/\/www.facebook.com\/santjoandalacant\/\" \/>\n<meta property=\"article:published_time\" content=\"2017-08-17T06:39:34+00:00\" \/>\n<meta property=\"og:image\" content=\"https:\/\/www.santjoandalacant.es\/wp-content\/uploads\/2017\/08\/VENTA-LIBRO.jpg\" \/>\n\t<meta property=\"og:image:width\" content=\"1000\" \/>\n\t<meta property=\"og:image:height\" content=\"750\" \/>\n\t<meta property=\"og:image:type\" content=\"image\/jpeg\" \/>\n<meta name=\"author\" content=\"Jos\u00e9 Manuel Caturla\" \/>\n<meta name=\"twitter:card\" content=\"summary_large_image\" \/>\n<meta name=\"twitter:label1\" content=\"Written by\" \/>\n\t<meta name=\"twitter:data1\" content=\"Jos\u00e9 Manuel Caturla\" \/>\n\t<meta name=\"twitter:label2\" content=\"Est. reading time\" \/>\n\t<meta name=\"twitter:data2\" content=\"1 minute\" \/>\n<script type=\"application\/ld+json\" class=\"yoast-schema-graph\">{\"@context\":\"https:\\\/\\\/schema.org\",\"@graph\":[{\"@type\":\"Article\",\"@id\":\"https:\\\/\\\/www.santjoandalacant.es\\\/ca\\\/habilitats-els-punts-de-venda-per-a-comprar-el-llibre-de-festes-del-stm-crist-de-la-pau-2017\\\/#article\",\"isPartOf\":{\"@id\":\"https:\\\/\\\/www.santjoandalacant.es\\\/ca\\\/habilitats-els-punts-de-venda-per-a-comprar-el-llibre-de-festes-del-stm-crist-de-la-pau-2017\\\/\"},\"author\":{\"name\":\"Jos\u00e9 Manuel Caturla\",\"@id\":\"https:\\\/\\\/www.santjoandalacant.es\\\/ca\\\/#\\\/schema\\\/person\\\/907761e2c0be67ceba22e9cbd80a8e2c\"},\"headline\":\"Habilitats els punts de venda per a comprar el Llibre de Festes del Stm. Crist de la Pau 2017\",\"datePublished\":\"2017-08-17T06:39:34+00:00\",\"mainEntityOfPage\":{\"@id\":\"https:\\\/\\\/www.santjoandalacant.es\\\/ca\\\/habilitats-els-punts-de-venda-per-a-comprar-el-llibre-de-festes-del-stm-crist-de-la-pau-2017\\\/\"},\"wordCount\":248,\"commentCount\":0,\"publisher\":{\"@id\":\"https:\\\/\\\/www.santjoandalacant.es\\\/ca\\\/#organization\"},\"image\":{\"@id\":\"https:\\\/\\\/www.santjoandalacant.es\\\/ca\\\/habilitats-els-punts-de-venda-per-a-comprar-el-llibre-de-festes-del-stm-crist-de-la-pau-2017\\\/#primaryimage\"},\"thumbnailUrl\":\"https:\\\/\\\/www.santjoandalacant.es\\\/wp-content\\\/uploads\\\/2017\\\/08\\\/VENTA-LIBRO.jpg\",\"articleSection\":[\"Sin categorizar\"],\"inLanguage\":\"va\",\"potentialAction\":[{\"@type\":\"CommentAction\",\"name\":\"Comment\",\"target\":[\"https:\\\/\\\/www.santjoandalacant.es\\\/ca\\\/habilitats-els-punts-de-venda-per-a-comprar-el-llibre-de-festes-del-stm-crist-de-la-pau-2017\\\/#respond\"]}]},{\"@type\":\"WebPage\",\"@id\":\"https:\\\/\\\/www.santjoandalacant.es\\\/ca\\\/habilitats-els-punts-de-venda-per-a-comprar-el-llibre-de-festes-del-stm-crist-de-la-pau-2017\\\/\",\"url\":\"https:\\\/\\\/www.santjoandalacant.es\\\/ca\\\/habilitats-els-punts-de-venda-per-a-comprar-el-llibre-de-festes-del-stm-crist-de-la-pau-2017\\\/\",\"name\":\"Habilitats els punts de venda per a comprar el Llibre de Festes del Stm. Crist de la Pau 2017 - Sant Joan d&#039;Alacant\",\"isPartOf\":{\"@id\":\"https:\\\/\\\/www.santjoandalacant.es\\\/ca\\\/#website\"},\"primaryImageOfPage\":{\"@id\":\"https:\\\/\\\/www.santjoandalacant.es\\\/ca\\\/habilitats-els-punts-de-venda-per-a-comprar-el-llibre-de-festes-del-stm-crist-de-la-pau-2017\\\/#primaryimage\"},\"image\":{\"@id\":\"https:\\\/\\\/www.santjoandalacant.es\\\/ca\\\/habilitats-els-punts-de-venda-per-a-comprar-el-llibre-de-festes-del-stm-crist-de-la-pau-2017\\\/#primaryimage\"},\"thumbnailUrl\":\"https:\\\/\\\/www.santjoandalacant.es\\\/wp-content\\\/uploads\\\/2017\\\/08\\\/VENTA-LIBRO.jpg\",\"datePublished\":\"2017-08-17T06:39:34+00:00\",\"breadcrumb\":{\"@id\":\"https:\\\/\\\/www.santjoandalacant.es\\\/ca\\\/habilitats-els-punts-de-venda-per-a-comprar-el-llibre-de-festes-del-stm-crist-de-la-pau-2017\\\/#breadcrumb\"},\"inLanguage\":\"va\",\"potentialAction\":[{\"@type\":\"ReadAction\",\"target\":[\"https:\\\/\\\/www.santjoandalacant.es\\\/ca\\\/habilitats-els-punts-de-venda-per-a-comprar-el-llibre-de-festes-del-stm-crist-de-la-pau-2017\\\/\"]}]},{\"@type\":\"ImageObject\",\"inLanguage\":\"va\",\"@id\":\"https:\\\/\\\/www.santjoandalacant.es\\\/ca\\\/habilitats-els-punts-de-venda-per-a-comprar-el-llibre-de-festes-del-stm-crist-de-la-pau-2017\\\/#primaryimage\",\"url\":\"https:\\\/\\\/www.santjoandalacant.es\\\/wp-content\\\/uploads\\\/2017\\\/08\\\/VENTA-LIBRO.jpg\",\"contentUrl\":\"https:\\\/\\\/www.santjoandalacant.es\\\/wp-content\\\/uploads\\\/2017\\\/08\\\/VENTA-LIBRO.jpg\",\"width\":1000,\"height\":750},{\"@type\":\"BreadcrumbList\",\"@id\":\"https:\\\/\\\/www.santjoandalacant.es\\\/ca\\\/habilitats-els-punts-de-venda-per-a-comprar-el-llibre-de-festes-del-stm-crist-de-la-pau-2017\\\/#breadcrumb\",\"itemListElement\":[{\"@type\":\"ListItem\",\"position\":1,\"name\":\"Inicio\",\"item\":\"https:\\\/\\\/www.santjoandalacant.es\\\/ca\\\/\"},{\"@type\":\"ListItem\",\"position\":2,\"name\":\"Habilitats els punts de venda per a comprar el Llibre de Festes del Stm. Crist de la Pau 2017\"}]},{\"@type\":\"WebSite\",\"@id\":\"https:\\\/\\\/www.santjoandalacant.es\\\/ca\\\/#website\",\"url\":\"https:\\\/\\\/www.santjoandalacant.es\\\/ca\\\/\",\"name\":\"Sant Joan d'Alacant\",\"description\":\"\",\"publisher\":{\"@id\":\"https:\\\/\\\/www.santjoandalacant.es\\\/ca\\\/#organization\"},\"potentialAction\":[{\"@type\":\"SearchAction\",\"target\":{\"@type\":\"EntryPoint\",\"urlTemplate\":\"https:\\\/\\\/www.santjoandalacant.es\\\/ca\\\/?s={search_term_string}\"},\"query-input\":{\"@type\":\"PropertyValueSpecification\",\"valueRequired\":true,\"valueName\":\"search_term_string\"}}],\"inLanguage\":\"va\"},{\"@type\":\"Organization\",\"@id\":\"https:\\\/\\\/www.santjoandalacant.es\\\/ca\\\/#organization\",\"name\":\"Sant Joan d'Alacant\",\"url\":\"https:\\\/\\\/www.santjoandalacant.es\\\/ca\\\/\",\"logo\":{\"@type\":\"ImageObject\",\"inLanguage\":\"va\",\"@id\":\"https:\\\/\\\/www.santjoandalacant.es\\\/ca\\\/#\\\/schema\\\/logo\\\/image\\\/\",\"url\":\"https:\\\/\\\/www.santjoandalacant.es\\\/wp-content\\\/uploads\\\/2023\\\/08\\\/logoSJ.png\",\"contentUrl\":\"https:\\\/\\\/www.santjoandalacant.es\\\/wp-content\\\/uploads\\\/2023\\\/08\\\/logoSJ.png\",\"width\":198,\"height\":253,\"caption\":\"Sant Joan d'Alacant\"},\"image\":{\"@id\":\"https:\\\/\\\/www.santjoandalacant.es\\\/ca\\\/#\\\/schema\\\/logo\\\/image\\\/\"},\"sameAs\":[\"https:\\\/\\\/www.facebook.com\\\/santjoandalacant\\\/\",\"https:\\\/\\\/www.instagram.com\\\/santjoandalacant\\\/\",\"https:\\\/\\\/www.youtube.com\\\/user\\\/santjoandalacant\"]},{\"@type\":\"Person\",\"@id\":\"https:\\\/\\\/www.santjoandalacant.es\\\/ca\\\/#\\\/schema\\\/person\\\/907761e2c0be67ceba22e9cbd80a8e2c\",\"name\":\"Jos\u00e9 Manuel Caturla\",\"image\":{\"@type\":\"ImageObject\",\"inLanguage\":\"va\",\"@id\":\"https:\\\/\\\/secure.gravatar.com\\\/avatar\\\/460f045fb845583f96492fcde4764b6cca856c183ba60b194cf089e011ddd2ba?s=96&d=mm&r=g\",\"url\":\"https:\\\/\\\/secure.gravatar.com\\\/avatar\\\/460f045fb845583f96492fcde4764b6cca856c183ba60b194cf089e011ddd2ba?s=96&d=mm&r=g\",\"contentUrl\":\"https:\\\/\\\/secure.gravatar.com\\\/avatar\\\/460f045fb845583f96492fcde4764b6cca856c183ba60b194cf089e011ddd2ba?s=96&d=mm&r=g\",\"caption\":\"Jos\u00e9 Manuel Caturla\"},\"url\":\"https:\\\/\\\/www.santjoandalacant.es\\\/ca\\\/author\\\/caturla\\\/\"}]}<\/script>\n<!-- \/ Yoast SEO plugin. -->","yoast_head_json":{"title":"Habilitats els punts de venda per a comprar el Llibre de Festes del Stm. Crist de la Pau 2017 - Sant Joan d&#039;Alacant","robots":{"index":"index","follow":"follow","max-snippet":"max-snippet:-1","max-image-preview":"max-image-preview:large","max-video-preview":"max-video-preview:-1"},"canonical":"https:\/\/www.santjoandalacant.es\/ca\/habilitats-els-punts-de-venda-per-a-comprar-el-llibre-de-festes-del-stm-crist-de-la-pau-2017\/","og_locale":"en_US","og_type":"article","og_title":"Habilitats els punts de venda per a comprar el Llibre de Festes del Stm. Crist de la Pau 2017 - Sant Joan d&#039;Alacant","og_description":"L&#8217;ajuntament de Sant Joan ha habilitat aquesta setmana els diferents punts de venda per a l&#8217;obtenci\u00f3 dels populars Llibres de Festes del Stm. Crist de la Pau 2017. Aix\u00ed mateix, [&hellip;]","og_url":"https:\/\/www.santjoandalacant.es\/ca\/habilitats-els-punts-de-venda-per-a-comprar-el-llibre-de-festes-del-stm-crist-de-la-pau-2017\/","og_site_name":"Sant Joan d&#039;Alacant","article_publisher":"https:\/\/www.facebook.com\/santjoandalacant\/","article_published_time":"2017-08-17T06:39:34+00:00","og_image":[{"width":1000,"height":750,"url":"https:\/\/www.santjoandalacant.es\/wp-content\/uploads\/2017\/08\/VENTA-LIBRO.jpg","type":"image\/jpeg"}],"author":"Jos\u00e9 Manuel Caturla","twitter_card":"summary_large_image","twitter_misc":{"Written by":"Jos\u00e9 Manuel Caturla","Est. reading time":"1 minute"},"schema":{"@context":"https:\/\/schema.org","@graph":[{"@type":"Article","@id":"https:\/\/www.santjoandalacant.es\/ca\/habilitats-els-punts-de-venda-per-a-comprar-el-llibre-de-festes-del-stm-crist-de-la-pau-2017\/#article","isPartOf":{"@id":"https:\/\/www.santjoandalacant.es\/ca\/habilitats-els-punts-de-venda-per-a-comprar-el-llibre-de-festes-del-stm-crist-de-la-pau-2017\/"},"author":{"name":"Jos\u00e9 Manuel Caturla","@id":"https:\/\/www.santjoandalacant.es\/ca\/#\/schema\/person\/907761e2c0be67ceba22e9cbd80a8e2c"},"headline":"Habilitats els punts de venda per a comprar el Llibre de Festes del Stm. Crist de la Pau 2017","datePublished":"2017-08-17T06:39:34+00:00","mainEntityOfPage":{"@id":"https:\/\/www.santjoandalacant.es\/ca\/habilitats-els-punts-de-venda-per-a-comprar-el-llibre-de-festes-del-stm-crist-de-la-pau-2017\/"},"wordCount":248,"commentCount":0,"publisher":{"@id":"https:\/\/www.santjoandalacant.es\/ca\/#organization"},"image":{"@id":"https:\/\/www.santjoandalacant.es\/ca\/habilitats-els-punts-de-venda-per-a-comprar-el-llibre-de-festes-del-stm-crist-de-la-pau-2017\/#primaryimage"},"thumbnailUrl":"https:\/\/www.santjoandalacant.es\/wp-content\/uploads\/2017\/08\/VENTA-LIBRO.jpg","articleSection":["Sin categorizar"],"inLanguage":"va","potentialAction":[{"@type":"CommentAction","name":"Comment","target":["https:\/\/www.santjoandalacant.es\/ca\/habilitats-els-punts-de-venda-per-a-comprar-el-llibre-de-festes-del-stm-crist-de-la-pau-2017\/#respond"]}]},{"@type":"WebPage","@id":"https:\/\/www.santjoandalacant.es\/ca\/habilitats-els-punts-de-venda-per-a-comprar-el-llibre-de-festes-del-stm-crist-de-la-pau-2017\/","url":"https:\/\/www.santjoandalacant.es\/ca\/habilitats-els-punts-de-venda-per-a-comprar-el-llibre-de-festes-del-stm-crist-de-la-pau-2017\/","name":"Habilitats els punts de venda per a comprar el Llibre de Festes del Stm. Crist de la Pau 2017 - Sant Joan d&#039;Alacant","isPartOf":{"@id":"https:\/\/www.santjoandalacant.es\/ca\/#website"},"primaryImageOfPage":{"@id":"https:\/\/www.santjoandalacant.es\/ca\/habilitats-els-punts-de-venda-per-a-comprar-el-llibre-de-festes-del-stm-crist-de-la-pau-2017\/#primaryimage"},"image":{"@id":"https:\/\/www.santjoandalacant.es\/ca\/habilitats-els-punts-de-venda-per-a-comprar-el-llibre-de-festes-del-stm-crist-de-la-pau-2017\/#primaryimage"},"thumbnailUrl":"https:\/\/www.santjoandalacant.es\/wp-content\/uploads\/2017\/08\/VENTA-LIBRO.jpg","datePublished":"2017-08-17T06:39:34+00:00","breadcrumb":{"@id":"https:\/\/www.santjoandalacant.es\/ca\/habilitats-els-punts-de-venda-per-a-comprar-el-llibre-de-festes-del-stm-crist-de-la-pau-2017\/#breadcrumb"},"inLanguage":"va","potentialAction":[{"@type":"ReadAction","target":["https:\/\/www.santjoandalacant.es\/ca\/habilitats-els-punts-de-venda-per-a-comprar-el-llibre-de-festes-del-stm-crist-de-la-pau-2017\/"]}]},{"@type":"ImageObject","inLanguage":"va","@id":"https:\/\/www.santjoandalacant.es\/ca\/habilitats-els-punts-de-venda-per-a-comprar-el-llibre-de-festes-del-stm-crist-de-la-pau-2017\/#primaryimage","url":"https:\/\/www.santjoandalacant.es\/wp-content\/uploads\/2017\/08\/VENTA-LIBRO.jpg","contentUrl":"https:\/\/www.santjoandalacant.es\/wp-content\/uploads\/2017\/08\/VENTA-LIBRO.jpg","width":1000,"height":750},{"@type":"BreadcrumbList","@id":"https:\/\/www.santjoandalacant.es\/ca\/habilitats-els-punts-de-venda-per-a-comprar-el-llibre-de-festes-del-stm-crist-de-la-pau-2017\/#breadcrumb","itemListElement":[{"@type":"ListItem","position":1,"name":"Inicio","item":"https:\/\/www.santjoandalacant.es\/ca\/"},{"@type":"ListItem","position":2,"name":"Habilitats els punts de venda per a comprar el Llibre de Festes del Stm. Crist de la Pau 2017"}]},{"@type":"WebSite","@id":"https:\/\/www.santjoandalacant.es\/ca\/#website","url":"https:\/\/www.santjoandalacant.es\/ca\/","name":"Sant Joan d'Alacant","description":"","publisher":{"@id":"https:\/\/www.santjoandalacant.es\/ca\/#organization"},"potentialAction":[{"@type":"SearchAction","target":{"@type":"EntryPoint","urlTemplate":"https:\/\/www.santjoandalacant.es\/ca\/?s={search_term_string}"},"query-input":{"@type":"PropertyValueSpecification","valueRequired":true,"valueName":"search_term_string"}}],"inLanguage":"va"},{"@type":"Organization","@id":"https:\/\/www.santjoandalacant.es\/ca\/#organization","name":"Sant Joan d'Alacant","url":"https:\/\/www.santjoandalacant.es\/ca\/","logo":{"@type":"ImageObject","inLanguage":"va","@id":"https:\/\/www.santjoandalacant.es\/ca\/#\/schema\/logo\/image\/","url":"https:\/\/www.santjoandalacant.es\/wp-content\/uploads\/2023\/08\/logoSJ.png","contentUrl":"https:\/\/www.santjoandalacant.es\/wp-content\/uploads\/2023\/08\/logoSJ.png","width":198,"height":253,"caption":"Sant Joan d'Alacant"},"image":{"@id":"https:\/\/www.santjoandalacant.es\/ca\/#\/schema\/logo\/image\/"},"sameAs":["https:\/\/www.facebook.com\/santjoandalacant\/","https:\/\/www.instagram.com\/santjoandalacant\/","https:\/\/www.youtube.com\/user\/santjoandalacant"]},{"@type":"Person","@id":"https:\/\/www.santjoandalacant.es\/ca\/#\/schema\/person\/907761e2c0be67ceba22e9cbd80a8e2c","name":"Jos\u00e9 Manuel Caturla","image":{"@type":"ImageObject","inLanguage":"va","@id":"https:\/\/secure.gravatar.com\/avatar\/460f045fb845583f96492fcde4764b6cca856c183ba60b194cf089e011ddd2ba?s=96&d=mm&r=g","url":"https:\/\/secure.gravatar.com\/avatar\/460f045fb845583f96492fcde4764b6cca856c183ba60b194cf089e011ddd2ba?s=96&d=mm&r=g","contentUrl":"https:\/\/secure.gravatar.com\/avatar\/460f045fb845583f96492fcde4764b6cca856c183ba60b194cf089e011ddd2ba?s=96&d=mm&r=g","caption":"Jos\u00e9 Manuel Caturla"},"url":"https:\/\/www.santjoandalacant.es\/ca\/author\/caturla\/"}]}},"_links":{"self":[{"href":"https:\/\/www.santjoandalacant.es\/ca\/wp-json\/wp\/v2\/posts\/80322","targetHints":{"allow":["GET"]}}],"collection":[{"href":"https:\/\/www.santjoandalacant.es\/ca\/wp-json\/wp\/v2\/posts"}],"about":[{"href":"https:\/\/www.santjoandalacant.es\/ca\/wp-json\/wp\/v2\/types\/post"}],"author":[{"embeddable":true,"href":"https:\/\/www.santjoandalacant.es\/ca\/wp-json\/wp\/v2\/users\/21"}],"replies":[{"embeddable":true,"href":"https:\/\/www.santjoandalacant.es\/ca\/wp-json\/wp\/v2\/comments?post=80322"}],"version-history":[{"count":0,"href":"https:\/\/www.santjoandalacant.es\/ca\/wp-json\/wp\/v2\/posts\/80322\/revisions"}],"wp:featuredmedia":[{"embeddable":true,"href":"https:\/\/www.santjoandalacant.es\/ca\/wp-json\/wp\/v2\/media\/43144"}],"wp:attachment":[{"href":"https:\/\/www.santjoandalacant.es\/ca\/wp-json\/wp\/v2\/media?parent=80322"}],"wp:term":[{"taxonomy":"category","embeddable":true,"href":"https:\/\/www.santjoandalacant.es\/ca\/wp-json\/wp\/v2\/categories?post=80322"},{"taxonomy":"post_tag","embeddable":true,"href":"https:\/\/www.santjoandalacant.es\/ca\/wp-json\/wp\/v2\/tags?post=80322"},{"taxonomy":"areas","embeddable":true,"href":"https:\/\/www.santjoandalacant.es\/ca\/wp-json\/wp\/v2\/areas?post=80322"}],"curies":[{"name":"wp","href":"https:\/\/api.w.org\/{rel}","templated":true}]}}